{"id":9544,"date":"2022-05-16T12:20:59","date_gmt":"2022-05-16T12:20:59","guid":{"rendered":"https:\/\/tridenstechnology.com\/?p=9544"},"modified":"2023-04-25T16:40:36","modified_gmt":"2023-04-25T14:40:36","slug":"balanceamento-de-carga-de-carregadores-de-veiculos-eletricos","status":"publish","type":"post","link":"https:\/\/tridenstechnology.com\/pt\/ev-charging-load-balancing\/","title":{"rendered":"O que \u00e9 o balanceamento de carga de carregamento de ve\u00edculos el\u00e9ctricos?"},"content":{"rendered":"<p><strong><em>Carregamento de VE O equil\u00edbrio de carga \u00e9 uma carater\u00edstica importante do carregamento inteligente de VE que evita a desestabiliza\u00e7\u00e3o ou sobrecarga da rede el\u00e9ctrica.<\/em><\/strong><\/p>\n\n\n\n<p>F\u00e1-lo gerindo a distribui\u00e7\u00e3o de energia \u00e0s esta\u00e7\u00f5es de carregamento de ve\u00edculos el\u00e9ctricos quando h\u00e1 mais ve\u00edculos a carregar em simult\u00e2neo.<\/p>\n\n\n\n<p>A fun\u00e7\u00e3o de equil\u00edbrio da carga de carregamento de ve\u00edculos el\u00e9ctricos \u00e9 indispens\u00e1vel para os postos de carregamento de ve\u00edculos el\u00e9ctricos privados ou p\u00fablicos e para as redes de carregamento de ve\u00edculos el\u00e9ctricos.<\/p>\n\n\n\n<p>Geralmente, deve ser utilizado em qualquer lugar onde mais consumidores de energia possam trabalhar em simult\u00e2neo.<\/p>\n\n\n\n<div class=\"wp-block-yoast-seo-table-of-contents yoast-table-of-contents\"><h2>Tabela de conte\u00fados<\/h2><ul><li><a href=\"#h-static-vs-dynamic-ev-charging-load-balancing\" data-level=\"2\">Balanceamento de carga de carregamento de VE est\u00e1tico vs. din\u00e2mico<\/a><\/li><li><a href=\"#h-dynamic-ev-charging-load-balancing\" data-level=\"2\">Balanceamento din\u00e2mico da carga de carregamento de ve\u00edculos el\u00e9ctricos<\/a><\/li><li><a href=\"#h-home-chargers-and-ev-charging-load-balancing\" data-level=\"2\">Carregadores dom\u00e9sticos e balanceamento de carga de carregamento de ve\u00edculos el\u00e9ctricos<\/a><\/li><li><a href=\"#h-public-workplace-and-residential-chargers\" data-level=\"2\">Carregadores p\u00fablicos, de locais de trabalho e residenciais<\/a><\/li><li><a href=\"#h-dynamic-load-balancing-and-the-power-grid\" data-level=\"2\">Balanceamento din\u00e2mico de carga e a rede el\u00e9ctrica<\/a><\/li><li><a href=\"#h-ev-charging-load-sharing-methods\" data-level=\"2\">M\u00e9todos de partilha de carga de carregamento de ve\u00edculos el\u00e9ctricos<\/a><ul><li><a href=\"#h-equal-distribution-load-sharing\" data-level=\"3\">Distribui\u00e7\u00e3o igual Partilha de carga<\/a><\/li><li><a href=\"#h-the-first-in-first-charged-load-sharing-method\" data-level=\"3\">O m\u00e9todo de partilha de carga \"primeiro a entrar, primeiro a ser cobrado<\/a><\/li><li><a href=\"#h-the-priority-load-sharing-method\" data-level=\"3\">O m\u00e9todo de partilha de carga priorit\u00e1ria<\/a><\/li><\/ul><\/li><\/ul><\/div>\n\n\n\n<p>O carregamento de ve\u00edculos el\u00e9ctricos pode representar um perigo significativo para a rede el\u00e9ctrica se a procura de energia do sistema de carregamento exceder o fornecimento de energia da rede.<\/p>\n\n\n\n<p>Ao utilizar o equil\u00edbrio din\u00e2mico da carga, o sistema de carregamento responde e altera a pot\u00eancia de carregamento em cada ponto de carregamento para evitar a sobrecarga da rede.<\/p>\n\n\n\n<p><em>Vamos ver como funciona!<\/em><\/p>\n\n\n\n<h2 class=\"wp-block-heading\" id=\"h-static-vs-dynamic-ev-charging-load-balancing\">Balanceamento de carga de carregamento de VE est\u00e1tico vs. din\u00e2mico<\/h2>\n\n\n\n<p>Existem dois tipos de balanceamento de carga: est\u00e1tico e din\u00e2mico.<\/p>\n\n\n\n<p>O balanceamento de carga est\u00e1tico ajusta a pot\u00eancia dispon\u00edvel entre os carregadores de ve\u00edculos el\u00e9ctricos com base na capacidade de fornecimento fixa atribu\u00edda dentro do grupo de carregamento.<\/p>\n\n\n\n<p>O balanceamento de carga est\u00e1tico distribui o tr\u00e1fego sem considerar a condi\u00e7\u00e3o atual do sistema.<\/p>\n\n\n\n<p>O balanceamento din\u00e2mico da carga, por outro lado, utiliza solu\u00e7\u00f5es inteligentes para adaptar o carregamento de acordo com as condi\u00e7\u00f5es em tempo real.<\/p>\n\n\n\n<h2 class=\"wp-block-heading\" id=\"h-dynamic-ev-charging-load-balancing\">Balanceamento din\u00e2mico da carga de carregamento de ve\u00edculos el\u00e9ctricos<\/h2>\n\n\n\n<p>Em primeiro lugar, importa referir que o equil\u00edbrio de carga do carregamento din\u00e2mico de ve\u00edculos el\u00e9ctricos \u00e9 uma carater\u00edstica importante do <a href=\"https:\/\/tridenstechnology.com\/what-is-dynamic-ev-charging-load-management\/\">Gest\u00e3o din\u00e2mica da carga de carregamento EV<\/a> e que ambos constituem, em conjunto, uma parte essencial da tecnologia de carregamento inteligente.<\/p>\n\n\n\n<p>Os algoritmos de balanceamento din\u00e2mico de carga consideram o estado atual do sistema e de cada consumidor e distribuem o tr\u00e1fego em conformidade.<\/p>\n\n\n\n<p>As esta\u00e7\u00f5es de carregamento comunicam com o software de gest\u00e3o de carregamento de ve\u00edculos el\u00e9ctricos em tempo real e comunicam a procura e as prefer\u00eancias.<\/p>\n\n\n\n<p>Mesmo quando muitos carregadores e outros consumidores de energia funcionam em simult\u00e2neo, n\u00e3o h\u00e1 risco de sobrecarga.<\/p>\n\n\n\n<p>O equil\u00edbrio din\u00e2mico de carga \u00e9 uma abordagem inteligente ao carregamento de ve\u00edculos el\u00e9ctricos e permite que v\u00e1rios pontos de carregamento de ve\u00edculos el\u00e9ctricos funcionem simultaneamente.<\/p>\n\n\n\n<p>Fornece o maior potencial de pot\u00eancia de carregamento sem comprometer a rede el\u00e9ctrica e o fornecimento de energia.<\/p>\n\n\n\n<p>O sistema de equil\u00edbrio de carga distribui a energia dispon\u00edvel no local para a rede de carregamento de ve\u00edculos el\u00e9ctricos em tempo real.<\/p>\n\n\n\n<p>Consequentemente, a pot\u00eancia de carregamento pode ser momentaneamente limitada para satisfazer as restri\u00e7\u00f5es de energia impostas pela procura de outros consumidores.<\/p>\n\n\n\n<p>Em contrapartida, quando a utiliza\u00e7\u00e3o de energia na mesma rede el\u00e9ctrica \u00e9 baixa, a pot\u00eancia atribu\u00edda pode ser mais elevada.<\/p>\n\n\n\n<p>Al\u00e9m disso, <a href=\"https:\/\/tridenstechnology.com\/smart-ev-charging\/\">Carregamento inteligente de EV<\/a> O software permitir\u00e1 estabelecer prioridades entre os carregadores.<\/p>\n\n\n\n<h2 class=\"wp-block-heading\" id=\"h-home-chargers-and-ev-charging-load-balancing\">Carregadores dom\u00e9sticos e balanceamento de carga de carregamento de ve\u00edculos el\u00e9ctricos<\/h2>\n\n\n\n<p>Quando os propriet\u00e1rios instalam carregadores de ve\u00edculos el\u00e9ctricos, o equil\u00edbrio din\u00e2mico da carga \u00e9 uma fun\u00e7\u00e3o obrigat\u00f3ria.<\/p>\n\n\n\n<p>Nas habita\u00e7\u00f5es, a procura de energia pode facilmente atingir os <a href=\"https:\/\/www.electricireland.ie\/business\/help\/billing\/what-is-the-maximum-import-capacity-(mic)\" target=\"_blank\" rel=\"noreferrer noopener\">Capacidade m\u00e1xima de importa\u00e7\u00e3o (MIC)<\/a> se muitos aparelhos funcionarem em simult\u00e2neo com o carregamento de VE.<\/p>\n\n\n\n<p>Normalmente, o carregador do carro el\u00e9trico \u00e9 o \u00fanico dispositivo com gest\u00e3o inteligente de energia, pelo que lhe cabe equilibrar o consumo na casa.<\/p>\n\n\n\n<p>Para evitar a sobrecarga da rede, o equil\u00edbrio din\u00e2mico da carga equilibrar\u00e1 todos os electrodom\u00e9sticos e outros consumidores (aquecimento, ar condicionado,...).<\/p>\n\n\n\n<p>Assim, se a procura de energia por parte de outros dispositivos for demasiado elevada, o carregamento \u00e9 temporariamente limitado ou interrompido.<\/p>\n\n\n\n<h2 class=\"wp-block-heading\" id=\"h-public-workplace-and-residential-chargers\">Carregadores p\u00fablicos, de locais de trabalho e residenciais<\/h2>\n\n\n\n<p>O mesmo se aplica a todos os que instalam carregadores para fornecer carregamento de ve\u00edculos el\u00e9ctricos a funcion\u00e1rios, frotas de ve\u00edculos el\u00e9ctricos, inquilinos de edif\u00edcios com v\u00e1rios apartamentos ou ao p\u00fablico em geral.<\/p>\n\n\n\n<figure class=\"wp-block-image size-large\"><img fetchpriority=\"high\" decoding=\"async\" width=\"1024\" height=\"497\" src=\"https:\/\/tridenstechnology.com\/wp-content\/uploads\/public-ev-charging-stations-1-1024x497.jpg\" alt=\"Esta\u00e7\u00f5es de carregamento de ve\u00edculos el\u00e9ctricos em apartamentos p\u00fablicos\" class=\"wp-image-15988\" srcset=\"https:\/\/d2xqcz296oofyv.cloudfront.net\/wp-content\/uploads\/public-ev-charging-stations-1-1024x497.jpg 1024w, https:\/\/d2xqcz296oofyv.cloudfront.net\/wp-content\/uploads\/public-ev-charging-stations-1-300x146.jpg 300w, https:\/\/d2xqcz296oofyv.cloudfront.net\/wp-content\/uploads\/public-ev-charging-stations-1-768x373.jpg 768w, https:\/\/d2xqcz296oofyv.cloudfront.net\/wp-content\/uploads\/public-ev-charging-stations-1-1536x746.jpg 1536w, https:\/\/d2xqcz296oofyv.cloudfront.net\/wp-content\/uploads\/public-ev-charging-stations-1.jpg 2048w\" sizes=\"(max-width: 1024px) 100vw, 1024px\" \/><\/figure>\n\n\n\n<p>Se n\u00e3o quiser que o carregamento de ve\u00edculos el\u00e9ctricos interfira com outros consumos de energia, deve instalar carregadores de ve\u00edculos el\u00e9ctricos inteligentes com equil\u00edbrio din\u00e2mico de carga.<\/p>\n\n\n\n<p>Ouvimos este cen\u00e1rio a toda a hora:<\/p>\n\n\n\n<p><em>\"Se todos os condutores de ve\u00edculos el\u00e9ctricos decidirem carregar os seus ve\u00edculos em simult\u00e2neo, a rede entrar\u00e1 em colapso!\"<\/em><\/p>\n\n\n\n<p>Claro que pode acontecer, mas apenas se n\u00e3o utilizarmos o balanceamento de carga din\u00e2mico.<\/p>\n\n\n\n<h2 class=\"wp-block-heading\" id=\"h-dynamic-load-balancing-and-the-power-grid\">Balanceamento din\u00e2mico de carga e a rede el\u00e9ctrica<\/h2>\n\n\n\n<p>\u00c9 um facto que o carregamento de ve\u00edculos el\u00e9ctricos tem uma grande influ\u00eancia nas redes el\u00e9ctricas e que esta influ\u00eancia ser\u00e1 cada vez maior.<\/p>\n\n\n\n<p>\u00c9 um dos maiores desafios que a <a href=\"https:\/\/tridenstechnology.com\/ev-charging-infrastructure\">Infra-estrutura de tarifa\u00e7\u00e3o EV<\/a> enfrenta atualmente.<\/p>\n\n\n\n<figure class=\"wp-block-image size-full\"><img decoding=\"async\" width=\"1024\" height=\"497\" src=\"https:\/\/tridenstechnology.com\/wp-content\/uploads\/ev-charging-ecosystem.webp\" alt=\"ev carregar ecossistema\" class=\"wp-image-17730\" srcset=\"https:\/\/d2xqcz296oofyv.cloudfront.net\/wp-content\/uploads\/ev-charging-ecosystem.webp 1024w, https:\/\/d2xqcz296oofyv.cloudfront.net\/wp-content\/uploads\/ev-charging-ecosystem-300x146.webp 300w, https:\/\/d2xqcz296oofyv.cloudfront.net\/wp-content\/uploads\/ev-charging-ecosystem-768x373.webp 768w, https:\/\/d2xqcz296oofyv.cloudfront.net\/wp-content\/uploads\/ev-charging-ecosystem-18x9.webp 18w\" sizes=\"(max-width: 1024px) 100vw, 1024px\" \/><\/figure>\n\n\n\n<p>Sem o equil\u00edbrio din\u00e2mico de cargas, as redes el\u00e9ctricas necessitar\u00e3o de muitas actualiza\u00e7\u00f5es e investimentos em breve para acomodar o n\u00famero crescente de ve\u00edculos el\u00e9ctricos e esta\u00e7\u00f5es de carregamento de ve\u00edculos el\u00e9ctricos.<\/p>\n\n\n\n<p>No entanto, se for utilizado, o equil\u00edbrio din\u00e2mico da carga distribuir\u00e1 a energia dispon\u00edvel entre diferentes esta\u00e7\u00f5es de carregamento inteligentes.<\/p>\n\n\n\n<p> Com a monitoriza\u00e7\u00e3o em tempo real da energia dispon\u00edvel, limitar\u00e1 ou desligar\u00e1 temporariamente os carregadores se a procura de energia for demasiado elevada.<\/p>\n\n\n\n<p>Assim, a rede n\u00e3o entrar\u00e1 em colapso nem necessitar\u00e1 de actualiza\u00e7\u00f5es significativas.<\/p>\n\n\n\n<h2 class=\"wp-block-heading\" id=\"h-ev-charging-load-sharing-methods\">M\u00e9todos de partilha de carga de carregamento de ve\u00edculos el\u00e9ctricos<\/h2>\n\n\n\n<p>A partilha de carga de carregamento de ve\u00edculos el\u00e9ctricos \u00e9 um termo que descreve a forma como v\u00e1rios carregadores de ve\u00edculos el\u00e9ctricos obt\u00eam energia.<\/p>\n\n\n\n<p>Existem dois princ\u00edpios gerais de partilha de carga e um terceiro que se tornar\u00e1 cada vez mais popular e que depende dos modelos de neg\u00f3cio dos fornecedores.<\/p>\n\n\n\n<figure class=\"wp-block-image size-large\"><img decoding=\"async\" width=\"1024\" height=\"301\" src=\"https:\/\/tridenstechnology.com\/wp-content\/uploads\/waiting-line-ev-charging-1024x301.jpg\" alt=\"Fila de espera para carregamento de ve\u00edculos el\u00e9ctricos\" class=\"wp-image-16024\" srcset=\"https:\/\/d2xqcz296oofyv.cloudfront.net\/wp-content\/uploads\/waiting-line-ev-charging-1024x301.jpg 1024w, https:\/\/d2xqcz296oofyv.cloudfront.net\/wp-content\/uploads\/waiting-line-ev-charging-300x88.jpg 300w, https:\/\/d2xqcz296oofyv.cloudfront.net\/wp-content\/uploads\/waiting-line-ev-charging-768x225.jpg 768w, https:\/\/d2xqcz296oofyv.cloudfront.net\/wp-content\/uploads\/waiting-line-ev-charging-1536x451.jpg 1536w, https:\/\/d2xqcz296oofyv.cloudfront.net\/wp-content\/uploads\/waiting-line-ev-charging.jpg 2048w\" sizes=\"(max-width: 1024px) 100vw, 1024px\" \/><\/figure>\n\n\n\n<h3 class=\"wp-block-heading\" id=\"h-equal-distribution-load-sharing\">Distribui\u00e7\u00e3o igual Partilha de carga<\/h3>\n\n\n\n<p>O princ\u00edpio de partilha de carga de distribui\u00e7\u00e3o igual distribui a pot\u00eancia dispon\u00edvel de forma igual por todas as esta\u00e7\u00f5es de carregamento em utiliza\u00e7\u00e3o no momento.<\/p>\n\n\n\n<p>Se estiverem a ser utilizados cinco carregadores, todos eles receber\u00e3o 20% da pot\u00eancia total dispon\u00edvel.<\/p>\n\n\n\n<p>Quando um ve\u00edculo sai, a energia \u00e9 distribu\u00edda entre os quatro que continuam a ser utilizados, o que significa que cada esta\u00e7\u00e3o receber\u00e1 25% da energia total.<\/p>\n\n\n\n<h3 class=\"wp-block-heading\" id=\"h-the-first-in-first-charged-load-sharing-method\">O m\u00e9todo de partilha de carga \"primeiro a entrar, primeiro a ser cobrado<\/h3>\n\n\n\n<p>O princ\u00edpio \"primeiro a entrar, primeiro a carregar\" segue a ordem pela qual os ve\u00edculos come\u00e7aram a carregar.<\/p>\n\n\n\n<p>Isto significa que o primeiro ve\u00edculo ligado receber\u00e1 a pot\u00eancia m\u00e1xima durante toda a dura\u00e7\u00e3o do carregamento.<\/p>\n\n\n\n<p>O segundo ve\u00edculo receber\u00e1 a energia restante; se ainda houver alguma, passar\u00e1 para o terceiro ve\u00edculo ligado, e assim por diante.<\/p>\n\n\n\n<h3 class=\"wp-block-heading\" id=\"h-the-priority-load-sharing-method\">O m\u00e9todo de partilha de carga priorit\u00e1ria<\/h3>\n\n\n\n<p>Com o desenvolvimento de novos modelos de neg\u00f3cio e ofertas, alguns fornecedores podem oferecer aos seus clientes planos ou subscri\u00e7\u00f5es VIP, permitindo-lhes contornar o plano de partilha de carga atribu\u00eddo e receber tratamento priorit\u00e1rio.<\/p>\n\n\n\n<p>Em <a href=\"https:\/\/tridenstechnology.com\/future-of-ev-fleet-management\/\">Gest\u00e3o de frotas EV<\/a>Os operadores de frotas utilizam o princ\u00edpio da partilha de carga priorit\u00e1ria para atribuir a prioridade de carregamento a alguns ve\u00edculos essenciais da sua frota. <a href=\"https:\/\/tridenstechnology.com\/what-is-electric-vehicle-ev-fleet\/\">Frota de VE<\/a>.<\/p>\n\n\n\n<p><em>O equil\u00edbrio da carga do carregamento de ve\u00edculos el\u00e9ctricos \u00e9 muitas vezes falsamente referido como gest\u00e3o de carga, mas na realidade \u00e9 apenas uma das fun\u00e7\u00f5es de gest\u00e3o de carga.<\/em><\/p>","protected":false},"excerpt":{"rendered":"<p>O equil\u00edbrio da carga do carregamento de ve\u00edculos el\u00e9ctricos n\u00e3o \u00e9 o mesmo que a gest\u00e3o da carga. Qual \u00e9 a diferen\u00e7a?<\/p>","protected":false},"author":10,"featured_media":13264,"comment_status":"open","ping_status":"open","sticky":false,"template":"","format":"standard","meta":{"footnotes":""},"categories":[3136,3135],"tags":[],"class_list":["post-9544","post","type-post","status-publish","format-standard","has-post-thumbnail","hentry","category-ev-charging-glossary","category-glossary","category-3136","category-3135","description-off"],"yoast_head":"<!-- This site is optimized with the Yoast SEO Premium plugin v27.4 (Yoast SEO v27.4) - https:\/\/yoast.com\/product\/yoast-seo-premium-wordpress\/ -->\n<title>What is EV Charging Load Balancing? - Tridens<\/title>\n<meta name=\"description\" content=\"EV Charging load balancing manages the charging power every charging station receives to prevent overloading the grid when EVs are charging.\" \/>\n<meta name=\"robots\" content=\"index, follow, max-snippet:-1, max-image-preview:large, max-video-preview:-1\" \/>\n<link rel=\"canonical\" href=\"https:\/\/tridenstechnology.com\/pt\/balanceamento-de-carga-de-carregadores-de-veiculos-eletricos\/\" \/>\n<meta property=\"og:locale\" content=\"pt_PT\" \/>\n<meta property=\"og:type\" content=\"article\" \/>\n<meta property=\"og:title\" content=\"What is EV Charging Load Balancing?\" \/>\n<meta property=\"og:description\" content=\"EV Charging load balancing manages the charging power every charging station receives to prevent overloading the grid when EVs are charging.\" \/>\n<meta property=\"og:url\" content=\"https:\/\/tridenstechnology.com\/pt\/balanceamento-de-carga-de-carregadores-de-veiculos-eletricos\/\" \/>\n<meta property=\"og:site_name\" content=\"Tridens\" \/>\n<meta property=\"article:publisher\" content=\"https:\/\/www.facebook.com\/tridenstechnology\" \/>\n<meta property=\"article:published_time\" content=\"2022-05-16T12:20:59+00:00\" \/>\n<meta property=\"article:modified_time\" content=\"2023-04-25T14:40:36+00:00\" \/>\n<meta property=\"og:image\" content=\"https:\/\/d2xqcz296oofyv.cloudfront.net\/wp-content\/uploads\/2022\/05\/ev-charging-load-balancing-1.jpg\" \/>\n\t<meta property=\"og:image:width\" content=\"1200\" \/>\n\t<meta property=\"og:image:height\" content=\"497\" \/>\n\t<meta property=\"og:image:type\" content=\"image\/jpeg\" \/>\n<meta name=\"author\" content=\"Luka Zorko\" \/>\n<meta name=\"twitter:card\" content=\"summary_large_image\" \/>\n<meta name=\"twitter:creator\" content=\"@TridensTech\" \/>\n<meta name=\"twitter:site\" content=\"@TridensTech\" \/>\n<meta name=\"twitter:label1\" content=\"Escrito por\" \/>\n\t<meta name=\"twitter:data1\" content=\"Luka Zorko\" \/>\n\t<meta name=\"twitter:label2\" content=\"Tempo estimado de leitura\" \/>\n\t<meta name=\"twitter:data2\" content=\"5 minutos\" \/>\n<!-- \/ Yoast SEO Premium plugin. -->","yoast_head_json":{"title":"O que \u00e9 o balanceamento da carga do carregamento de ve\u00edculos el\u00e9ctricos? - Tridens","description":"O equil\u00edbrio de carga do carregamento de ve\u00edculos el\u00e9ctricos gere a pot\u00eancia de carregamento que cada esta\u00e7\u00e3o de carregamento recebe para evitar a sobrecarga da rede quando os ve\u00edculos el\u00e9ctricos est\u00e3o a carregar.","robots":{"index":"index","follow":"follow","max-snippet":"max-snippet:-1","max-image-preview":"max-image-preview:large","max-video-preview":"max-video-preview:-1"},"canonical":"https:\/\/tridenstechnology.com\/pt\/balanceamento-de-carga-de-carregadores-de-veiculos-eletricos\/","og_locale":"pt_PT","og_type":"article","og_title":"What is EV Charging Load Balancing?","og_description":"EV Charging load balancing manages the charging power every charging station receives to prevent overloading the grid when EVs are charging.","og_url":"https:\/\/tridenstechnology.com\/pt\/balanceamento-de-carga-de-carregadores-de-veiculos-eletricos\/","og_site_name":"Tridens","article_publisher":"https:\/\/www.facebook.com\/tridenstechnology","article_published_time":"2022-05-16T12:20:59+00:00","article_modified_time":"2023-04-25T14:40:36+00:00","og_image":[{"width":1200,"height":497,"url":"https:\/\/d2xqcz296oofyv.cloudfront.net\/wp-content\/uploads\/2022\/05\/ev-charging-load-balancing-1.jpg","type":"image\/jpeg"}],"author":"Luka Zorko","twitter_card":"summary_large_image","twitter_creator":"@TridensTech","twitter_site":"@TridensTech","twitter_misc":{"Escrito por":"Luka Zorko","Tempo estimado de leitura":"5 minutos"},"schema":{"@context":"https:\/\/schema.org","@graph":[{"@type":"Article","@id":"https:\/\/tridenstechnology.com\/ev-charging-load-balancing\/#article","isPartOf":{"@id":"https:\/\/tridenstechnology.com\/ev-charging-load-balancing\/"},"author":{"name":"Luka Zorko","@id":"https:\/\/tridenstechnology.com\/#\/schema\/person\/41dd2af9dc0fab808deb5caf231c36a0"},"headline":"What is EV Charging Load Balancing?","datePublished":"2022-05-16T12:20:59+00:00","dateModified":"2023-04-25T14:40:36+00:00","mainEntityOfPage":{"@id":"https:\/\/tridenstechnology.com\/ev-charging-load-balancing\/"},"wordCount":993,"commentCount":0,"publisher":{"@id":"https:\/\/tridenstechnology.com\/#organization"},"image":{"@id":"https:\/\/tridenstechnology.com\/ev-charging-load-balancing\/#primaryimage"},"thumbnailUrl":"https:\/\/d2xqcz296oofyv.cloudfront.net\/wp-content\/uploads\/2022\/05\/ev-charging-load-balancing-1.jpg","articleSection":["EV Charging","Glossary"],"inLanguage":"pt-PT","potentialAction":[{"@type":"CommentAction","name":"Comment","target":["https:\/\/tridenstechnology.com\/ev-charging-load-balancing\/#respond"]}],"accessibilityFeature":["tableOfContents"]},{"@type":"WebPage","@id":"https:\/\/tridenstechnology.com\/ev-charging-load-balancing\/","url":"https:\/\/tridenstechnology.com\/ev-charging-load-balancing\/","name":"O que \u00e9 o balanceamento da carga do carregamento de ve\u00edculos el\u00e9ctricos? - Tridens","isPartOf":{"@id":"https:\/\/tridenstechnology.com\/#website"},"primaryImageOfPage":{"@id":"https:\/\/tridenstechnology.com\/ev-charging-load-balancing\/#primaryimage"},"image":{"@id":"https:\/\/tridenstechnology.com\/ev-charging-load-balancing\/#primaryimage"},"thumbnailUrl":"https:\/\/d2xqcz296oofyv.cloudfront.net\/wp-content\/uploads\/2022\/05\/ev-charging-load-balancing-1.jpg","datePublished":"2022-05-16T12:20:59+00:00","dateModified":"2023-04-25T14:40:36+00:00","description":"O equil\u00edbrio de carga do carregamento de ve\u00edculos el\u00e9ctricos gere a pot\u00eancia de carregamento que cada esta\u00e7\u00e3o de carregamento recebe para evitar a sobrecarga da rede quando os ve\u00edculos el\u00e9ctricos est\u00e3o a carregar.","breadcrumb":{"@id":"https:\/\/tridenstechnology.com\/ev-charging-load-balancing\/#breadcrumb"},"inLanguage":"pt-PT","potentialAction":[{"@type":"ReadAction","target":["https:\/\/tridenstechnology.com\/ev-charging-load-balancing\/"]}]},{"@type":"ImageObject","inLanguage":"pt-PT","@id":"https:\/\/tridenstechnology.com\/ev-charging-load-balancing\/#primaryimage","url":"https:\/\/d2xqcz296oofyv.cloudfront.net\/wp-content\/uploads\/2022\/05\/ev-charging-load-balancing-1.jpg","contentUrl":"https:\/\/d2xqcz296oofyv.cloudfront.net\/wp-content\/uploads\/2022\/05\/ev-charging-load-balancing-1.jpg","width":1200,"height":497,"caption":"EV charging load balancing"},{"@type":"BreadcrumbList","@id":"https:\/\/tridenstechnology.com\/ev-charging-load-balancing\/#breadcrumb","itemListElement":[{"@type":"ListItem","position":1,"name":"Home","item":"https:\/\/tridenstechnology.com\/"},{"@type":"ListItem","position":2,"name":"What is EV Charging Load Balancing?"}]},{"@type":"WebSite","@id":"https:\/\/tridenstechnology.com\/#website","url":"https:\/\/tridenstechnology.com\/","name":"Tridens","description":"Monetiza\u00e7\u00e3o, fatura\u00e7\u00e3o e carregamento de ve\u00edculos el\u00e9ctricos","publisher":{"@id":"https:\/\/tridenstechnology.com\/#organization"},"potentialAction":[{"@type":"SearchAction","target":{"@type":"EntryPoint","urlTemplate":"https:\/\/tridenstechnology.com\/?s={search_term_string}"},"query-input":{"@type":"PropertyValueSpecification","valueRequired":true,"valueName":"search_term_string"}}],"inLanguage":"pt-PT"},{"@type":"Organization","@id":"https:\/\/tridenstechnology.com\/#organization","name":"Tridens","url":"https:\/\/tridenstechnology.com\/","logo":{"@type":"ImageObject","inLanguage":"pt-PT","@id":"https:\/\/tridenstechnology.com\/#\/schema\/logo\/image\/","url":"https:\/\/d2xqcz296oofyv.cloudfront.net\/wp-content\/uploads\/2019\/02\/tridens_logo_invert.png","contentUrl":"https:\/\/d2xqcz296oofyv.cloudfront.net\/wp-content\/uploads\/2019\/02\/tridens_logo_invert.png","width":600,"height":191,"caption":"Tridens"},"image":{"@id":"https:\/\/tridenstechnology.com\/#\/schema\/logo\/image\/"},"sameAs":["https:\/\/www.facebook.com\/tridenstechnology","https:\/\/x.com\/TridensTech","https:\/\/www.instagram.com\/tridenstechnology\/","https:\/\/www.linkedin.com\/company\/tridens","https:\/\/www.youtube.com\/user\/TridensIT"]},{"@type":"Person","@id":"https:\/\/tridenstechnology.com\/#\/schema\/person\/41dd2af9dc0fab808deb5caf231c36a0","name":"Luka Zorko","image":{"@type":"ImageObject","inLanguage":"pt-PT","@id":"https:\/\/secure.gravatar.com\/avatar\/cb19f5ce4943cab95528dbfda8bd4c910d655629d61cd3a292ba1a87a789e797?s=96&d=mm&r=g","url":"https:\/\/secure.gravatar.com\/avatar\/cb19f5ce4943cab95528dbfda8bd4c910d655629d61cd3a292ba1a87a789e797?s=96&d=mm&r=g","contentUrl":"https:\/\/secure.gravatar.com\/avatar\/cb19f5ce4943cab95528dbfda8bd4c910d655629d61cd3a292ba1a87a789e797?s=96&d=mm&r=g","caption":"Luka Zorko"},"description":"Luka Zorko is a digital marketer and former Business and Automotive journalist with a Bachelor's degree in Economics. He has a passion for topics related to business, economics, IT, and e-mobility, especially electric vehicles and EV charging.","sameAs":["https:\/\/www.linkedin.com\/in\/lukazorko\/"],"honorificPrefix":"Mr","birthDate":"1977-08-18","gender":"male","knowsAbout":["SEO","Digital Marketing"],"knowsLanguage":["English","German","Slovene","Croatian","Serbian","Bosnian"],"url":"https:\/\/tridenstechnology.com\/pt\/author\/luka-zorkotridenstechnology-com\/"}]}},"_links":{"self":[{"href":"https:\/\/tridenstechnology.com\/pt\/wp-json\/wp\/v2\/posts\/9544","targetHints":{"allow":["GET"]}}],"collection":[{"href":"https:\/\/tridenstechnology.com\/pt\/wp-json\/wp\/v2\/posts"}],"about":[{"href":"https:\/\/tridenstechnology.com\/pt\/wp-json\/wp\/v2\/types\/post"}],"author":[{"embeddable":true,"href":"https:\/\/tridenstechnology.com\/pt\/wp-json\/wp\/v2\/users\/10"}],"replies":[{"embeddable":true,"href":"https:\/\/tridenstechnology.com\/pt\/wp-json\/wp\/v2\/comments?post=9544"}],"version-history":[{"count":0,"href":"https:\/\/tridenstechnology.com\/pt\/wp-json\/wp\/v2\/posts\/9544\/revisions"}],"wp:featuredmedia":[{"embeddable":true,"href":"https:\/\/tridenstechnology.com\/pt\/wp-json\/wp\/v2\/media\/13264"}],"wp:attachment":[{"href":"https:\/\/tridenstechnology.com\/pt\/wp-json\/wp\/v2\/media?parent=9544"}],"wp:term":[{"taxonomy":"category","embeddable":true,"href":"https:\/\/tridenstechnology.com\/pt\/wp-json\/wp\/v2\/categories?post=9544"},{"taxonomy":"post_tag","embeddable":true,"href":"https:\/\/tridenstechnology.com\/pt\/wp-json\/wp\/v2\/tags?post=9544"}],"curies":[{"name":"wp","href":"https:\/\/api.w.org\/{rel}","templated":true}]}}