{"id":8177,"date":"2025-11-24T15:37:38","date_gmt":"2025-11-24T13:37:38","guid":{"rendered":"https:\/\/tridenstechnology.com\/?p=8177"},"modified":"2025-12-01T11:58:41","modified_gmt":"2025-12-01T09:58:41","slug":"tendencias-do-sector-do-carregamento-de-veiculos-electricos","status":"publish","type":"post","link":"https:\/\/tridenstechnology.com\/pt\/ev-charging-industry-trends\/","title":{"rendered":"As 7 principais tend\u00eancias de carregamento de ve\u00edculos el\u00e9tricos para 2026\u00a0"},"content":{"rendered":"<p><strong><em><strong><em><strong><em>O ecossistema dos ve\u00edculos el\u00e9tricos est\u00e1 a transformar-se \u00e0 medida que as tend\u00eancias de carregamento de ve\u00edculos el\u00e9tricos impulsionam a inova\u00e7\u00e3o e a sustentabilidade. Desde novos protocolos at\u00e9 experi\u00eancias de utilizador perfeitas, estas tend\u00eancias est\u00e3o a remodelar a forma como carregamos e aceleramos a ado\u00e7\u00e3o da mobilidade el\u00e9trica.<\/em><\/strong><\/em><\/strong><\/em><\/strong><\/p>\n\n\n\n<div class=\"wp-block-yoast-seo-table-of-contents yoast-table-of-contents\"><h2>Tabela de conte\u00fados<\/h2><ul><li><a href=\"#h-interoperability-amp-roaming\" data-level=\"2\">Interoperabilidade e roaming<\/a><\/li><li><a href=\"#h-alternative-fuels-infrastructure-regulation-afir\" data-level=\"2\">Regulamento sobre Infraestruturas para Combust\u00edveis Alternativos (AFIR)<\/a><\/li><li><a href=\"#h-new-monetization-opportunities\" data-level=\"2\">Novas oportunidades de monetiza\u00e7\u00e3o<\/a><\/li><li><a href=\"#h-ai-amp-smart-charging\" data-level=\"2\">IA e carregamento inteligente<\/a><\/li><li><a href=\"#h-heavy-duty-evs-amp-megawatt-charging\" data-level=\"2\">Ve\u00edculos el\u00e9tricos pesados e carregamento de megawatts<\/a><\/li><li><a href=\"#h-vehicle-to-grid-v2g-amp-vehicle-to-home-v2h\" data-level=\"2\">Ve\u00edculo para a rede (V2G) e ve\u00edculo para casa (V2H)<\/a><\/li><li><a href=\"#h-choosing-your-ev-charging-partner\" data-level=\"2\">Escolher o seu parceiro de carregamento de ve\u00edculos el\u00e9ctricos<\/a><\/li><\/ul><\/div>\n\n\n\n<p>Quase <a href=\"https:\/\/www.iea.org\/reports\/global-ev-outlook-2024\/trends-in-electric-vehicle-charging\" target=\"_blank\" rel=\"noreferrer noopener nofollow\"><strong>90%<\/strong><\/a> dos carregadores de ve\u00edculos el\u00e9tricos s\u00e3o privados, com <strong>A maioria dos propriet\u00e1rios de ve\u00edculos el\u00e9tricos realiza o carregamento em casa.<\/strong>&nbsp;&nbsp;<\/p>\n\n\n\n<p>Isso demonstra a import\u00e2ncia vital do carregamento dom\u00e9stico, mesmo com a expans\u00e3o da infraestrutura p\u00fablica e no local de trabalho para atender \u00e0 crescente demanda.&nbsp;<\/p>\n\n\n\n<figure class=\"wp-block-image size-full\"><img fetchpriority=\"high\" decoding=\"async\" width=\"1025\" height=\"172\" src=\"https:\/\/tridenstechnology.com\/wp-content\/uploads\/ev-owners-charge-mostly-at-home.webp\" alt=\"90% dos carregadores de VE s\u00e3o privados, com a maioria dos propriet\u00e1rios de VE a carregar em casa\" class=\"wp-image-52606\" srcset=\"https:\/\/d2xqcz296oofyv.cloudfront.net\/wp-content\/uploads\/ev-owners-charge-mostly-at-home.webp 1025w, https:\/\/d2xqcz296oofyv.cloudfront.net\/wp-content\/uploads\/ev-owners-charge-mostly-at-home-300x50.webp 300w, https:\/\/d2xqcz296oofyv.cloudfront.net\/wp-content\/uploads\/ev-owners-charge-mostly-at-home-768x129.webp 768w, https:\/\/d2xqcz296oofyv.cloudfront.net\/wp-content\/uploads\/ev-owners-charge-mostly-at-home-18x3.webp 18w\" sizes=\"(max-width: 1025px) 100vw, 1025px\" \/><\/figure>\n\n\n\n<p>A infraestrutura de carregamento de ve\u00edculos el\u00e9ctricos desempenha um papel fundamental no avan\u00e7o da mobilidade el\u00e9ctrica.&nbsp;&nbsp;<\/p>\n\n\n\n<p><a href=\"https:\/\/tridenstechnology.com\/ev-cpo-vs-emsp\/\"><strong>Operadores de pontos de carregamento (CPO) e fornecedores de servi\u00e7os de mobilidade eletr\u00f3nica (EMSP)<\/strong><\/a> Concentre-se em proporcionar experi\u00eancias de utilizador perfeitas, adotando novos protocolos, IA e melhorando as integra\u00e7\u00f5es de roaming.&nbsp;<\/p>\n\n\n\n<p>Sem mais delongas, vamos explorar as principais tend\u00eancias na ind\u00fastria de carregamento de ve\u00edculos el\u00e9tricos.&nbsp;<\/p>\n\n\n\n<h2 class=\"wp-block-heading\" id=\"h-interoperability-amp-roaming\">Interoperabilidade e roaming<\/h2>\n\n\n\n<p>A interoperabilidade \u00e9 garantida atrav\u00e9s de <a href=\"https:\/\/tridenstechnology.com\/ev-charging-protocols-standards\/\"><strong>Normas e protocolos de carregamento de ve\u00edculos el\u00e9ctricos<\/strong><\/a> que possibilitam a comunica\u00e7\u00e3o entre esta\u00e7\u00f5es de carregamento, sistemas de back-end e redes.&nbsp;<\/p>\n\n\n\n<p>Enquanto <a href=\"https:\/\/tridenstechnology.com\/what-is-ev-charging-roaming\/\"><strong>Roaming para ve\u00edculos el\u00e9tricos<\/strong><\/a> permite que os motoristas carreguem os seus ve\u00edculos em <strong>diferentes redes de carregamento<\/strong> utilizando um <strong>cart\u00e3o \u00fanico ou aplica\u00e7\u00e3o.<\/strong>&nbsp;<\/p>\n\n\n\n<p>A conex\u00e3o de redes de carregamento fragmentadas garante compatibilidade e oferece acesso cont\u00ednuo aos condutores de ve\u00edculos el\u00e9tricos.<\/p>\n\n\n\n<figure class=\"wp-block-image size-full\"><img decoding=\"async\" width=\"1025\" height=\"222\" src=\"https:\/\/tridenstechnology.com\/wp-content\/uploads\/ev-charging-map-view.webp\" alt=\"visualiza\u00e7\u00e3o do mapa de carregamento ev (roaming)\" class=\"wp-image-52626\" srcset=\"https:\/\/d2xqcz296oofyv.cloudfront.net\/wp-content\/uploads\/ev-charging-map-view.webp 1025w, https:\/\/d2xqcz296oofyv.cloudfront.net\/wp-content\/uploads\/ev-charging-map-view-300x65.webp 300w, https:\/\/d2xqcz296oofyv.cloudfront.net\/wp-content\/uploads\/ev-charging-map-view-768x166.webp 768w, https:\/\/d2xqcz296oofyv.cloudfront.net\/wp-content\/uploads\/ev-charging-map-view-18x4.webp 18w\" sizes=\"(max-width: 1025px) 100vw, 1025px\" \/><\/figure>\n\n\n\n<h3 class=\"wp-block-heading\" id=\"h-ev-charging-standards-amp-their-importance-nbsp\">Padr\u00f5es de carregamento de ve\u00edculos el\u00e9tricos e sua import\u00e2ncia&nbsp;<\/h3>\n\n\n\n<p><strong>Novos regulamentos<\/strong> (e a procura do mercado) exigem que as esta\u00e7\u00f5es suportem m\u00faltiplos padr\u00f5es e protocolos para uma interoperabilidade total.&nbsp;<\/p>\n\n\n\n<p>Sem essas regulamenta\u00e7\u00f5es, o mercado torna-se muito <strong>fragmentado e desconectado<\/strong>, o que \u00e9 exatamente o oposto do que a EV Charging se esfor\u00e7a para alcan\u00e7ar.&nbsp;<\/p>\n\n\n\n<p>O objetivo \u00e9 permitir que qualquer ve\u00edculo el\u00e9trico (de qualquer marca) possa ser conectado a qualquer esta\u00e7\u00e3o no mundo e carregar sem problemas.&nbsp;<\/p>\n\n\n\n<p>Essas normas foram criadas para estabelecer um <strong>experi\u00eancia universal e sem complica\u00e7\u00f5es<\/strong> num mercado em r\u00e1pido crescimento.&nbsp;<\/p>\n\n\n\n<p>Eis alguns exemplos:&nbsp;&nbsp;<\/p>\n\n\n\n<ul class=\"wp-block-list\">\n<li><strong><a href=\"https:\/\/tridenstechnology.com\/ocpp-protocol\/\">OCPP<\/a>:<\/strong> Padroniza a comunica\u00e7\u00e3o entre esta\u00e7\u00f5es de carregamento e sistemas backend.&nbsp;<\/li>\n\n\n\n<li><strong><a href=\"https:\/\/tridenstechnology.com\/ocpi-protocol\/\">OCPI<\/a>:<\/strong> Garante a consist\u00eancia do faturamento e da comunica\u00e7\u00e3o de roaming entre os sistemas.&nbsp;<\/li>\n\n\n\n<li><strong><a href=\"https:\/\/tridenstechnology.com\/oicp-protocol\/\">OICP<\/a>:<\/strong> Facilita a interoperabilidade entre redes para disponibilidade de servi\u00e7os em tempo real.&nbsp;<\/li>\n<\/ul>\n\n\n\n<figure class=\"wp-block-image size-full\"><img decoding=\"async\" width=\"1025\" height=\"222\" src=\"https:\/\/tridenstechnology.com\/wp-content\/uploads\/ev-charging-standards-and-protocols.webp\" alt=\"normas e protocolos de carregamento de ve\u00edculos el\u00e9ctricos\" class=\"wp-image-52605\" srcset=\"https:\/\/d2xqcz296oofyv.cloudfront.net\/wp-content\/uploads\/ev-charging-standards-and-protocols.webp 1025w, https:\/\/d2xqcz296oofyv.cloudfront.net\/wp-content\/uploads\/ev-charging-standards-and-protocols-300x65.webp 300w, https:\/\/d2xqcz296oofyv.cloudfront.net\/wp-content\/uploads\/ev-charging-standards-and-protocols-768x166.webp 768w, https:\/\/d2xqcz296oofyv.cloudfront.net\/wp-content\/uploads\/ev-charging-standards-and-protocols-18x4.webp 18w\" sizes=\"(max-width: 1025px) 100vw, 1025px\" \/><\/figure>\n\n\n\n<p>Em setembro de 2025, <a href=\"https:\/\/www.hubject.com\/\" target=\"_blank\" rel=\"noreferrer noopener nofollow\"><strong>Hubject<\/strong><\/a> l\u00edder global em interoperabilidade de eMobility, anunciou suporte nativo para OCPI e aderiu \u00e0 <strong><a href=\"https:\/\/evroaming.org\/\" target=\"_blank\" rel=\"noreferrer noopener nofollow\">Funda\u00e7\u00e3o EVRoaming<\/a>.&nbsp;<\/strong><\/p>\n\n\n\n<p><strong>ENAPI da Alemanha<\/strong> lan\u00e7ou uma plataforma baseada em OCPI para conectar Operadores de Pontos de Carregamento (CPOs) e Prestadores de Servi\u00e7os de Mobilidade El\u00e9trica (EMSPs) em um sistema unificado.<\/p>\n\n\n\n<div class=\"wp-block-group\"><div class=\"wp-block-group__inner-container is-layout-constrained wp-block-group-is-layout-constrained\">\n<div class=\"wp-block-group key-notes\"><div class=\"wp-block-group__inner-container is-layout-constrained wp-block-group-is-layout-constrained\">\n<div class=\"wp-block-group notes has-background\" style=\"background-color:#e9f8ff\"><div class=\"wp-block-group__inner-container is-layout-constrained wp-block-group-is-layout-constrained\">\n<p>O <strong>Funda\u00e7\u00e3o EVRoaming<\/strong> relata que <strong>OCPI<\/strong> \u00e9 agora <strong>\u201creconhecido e aprovado por todos os principais centros de roaming de ve\u00edculos el\u00e9tricos em todo o mundo\u201d<\/strong>.&nbsp;<\/p>\n<\/div><\/div>\n<\/div><\/div>\n\n\n\n<div style=\"height:40px\" aria-hidden=\"true\" class=\"wp-block-spacer\"><\/div>\n<\/div><\/div>\n\n\n\n<p>Al\u00e9m disso, ao alinhar-se a um \u00fanico protocolo de roaming global, o setor pode <strong>Reduzir a complexidade e acelerar a colabora\u00e7\u00e3o.<\/strong><\/p>\n\n\n\n<h2 class=\"wp-block-heading\" id=\"h-alternative-fuels-infrastructure-regulation-afir\">Regulamento sobre Infraestruturas para Combust\u00edveis Alternativos (AFIR)<\/h2>\n\n\n\n<p>A UE <a href=\"https:\/\/transport.ec.europa.eu\/transport-themes\/clean-transport\/alternative-fuels-sustainable-mobility-europe\/alternative-fuels-infrastructure_en\" target=\"_blank\" rel=\"noreferrer noopener\"><strong>Regulamento sobre Infraestruturas para Combust\u00edveis Alternativos (AFIR)<\/strong><\/a> entra na sua fase mais importante em 2026.&nbsp;<\/p>\n\n\n\n<p>Apresentando <strong>dados t\u00e9cnicos obrigat\u00f3rios<\/strong>e <strong>requisitos de pagamento<\/strong> para todos os carregadores p\u00fablicos de ve\u00edculos el\u00e9tricos na Europa.&nbsp;<\/p>\n\n\n\n<p>Essas regras determinam diretamente como os CPOs, EMSPs, hubs de roaming e plataformas de software devem operar.&nbsp;<\/p>\n\n\n\n<h3 class=\"wp-block-heading\" id=\"h-plug-amp-charge-iso-15118\">Plug &amp; Charge (ISO 15118)<\/h3>\n\n\n\n<p>O <a href=\"https:\/\/tridenstechnology.com\/iso-15118-standard\/\"><strong>Ligue e carregue<\/strong><\/a> recurso previsto com <strong>ISO 15118<\/strong> permite que um ve\u00edculo el\u00e9trico <strong>identificar-se e autorizar-se automaticamente<\/strong> a uma esta\u00e7\u00e3o de carregamento compat\u00edvel.&nbsp;<\/p>\n\n\n\n<p>O ve\u00edculo e o carregador identificam-se mutuamente atrav\u00e9s da troca de certificados.&nbsp;<\/p>\n\n\n\n<p>Isto significa que ligar o carro ao carregador \u00e9 a \u00fanica a\u00e7\u00e3o que o condutor precisa de realizar.&nbsp;<\/p>\n\n\n\n<div class=\"wp-block-group\"><div class=\"wp-block-group__inner-container is-layout-constrained wp-block-group-is-layout-constrained\">\n<div class=\"wp-block-group key-notes\"><div class=\"wp-block-group__inner-container is-layout-constrained wp-block-group-is-layout-constrained\">\n<div class=\"wp-block-group notes has-background\" style=\"background-color:#e9f8ff\"><div class=\"wp-block-group__inner-container is-layout-constrained wp-block-group-is-layout-constrained\">\n<p>O <strong>AFIR da UE<\/strong> Os atos delegados determinam que, a partir de <strong>2026<\/strong> Todos os novos carregadores p\u00fablicos oferecem suporte <strong>ISO 15118 \u201cPlug &amp; Charge\u201d<\/strong> por padr\u00e3o.&nbsp;<\/p>\n<\/div><\/div>\n<\/div><\/div>\n\n\n\n<div style=\"height:40px\" aria-hidden=\"true\" class=\"wp-block-spacer\"><\/div>\n<\/div><\/div>\n\n\n\n<h3 class=\"wp-block-heading\" id=\"h-datex-ii\">DATEX II<\/h3>\n\n\n\n<p>Os atos delegados da AFIR da UE incluem que todos os dados de cobran\u00e7a devem utilizar o <strong>DATEX II<\/strong> formato por <strong>Abril de 2026<\/strong>.&nbsp;<\/p>\n\n\n\n<p><a href=\"https:\/\/datex2.eu\/\" target=\"_blank\" rel=\"noreferrer noopener nofollow\"><strong>DATEX II<\/strong><\/a> \u00e9 um padr\u00e3o de troca de dados para o interc\u00e2mbio de informa\u00e7\u00f5es de tr\u00e2nsito entre centros de gest\u00e3o de tr\u00e2nsito, prestadores de servi\u00e7os de tr\u00e2nsito, operadores de tr\u00e2nsito e parceiros de m\u00eddia.&nbsp;<\/p>\n\n\n\n<h3 class=\"wp-block-heading\" id=\"h-mandatory-open-payment-options\">Op\u00e7\u00f5es de pagamento aberto obrigat\u00f3rias<\/h3>\n\n\n\n<p>Todos os carregadores r\u00e1pidos <strong>deve suportar, no m\u00ednimo, o pagamento com cart\u00e3o banc\u00e1rio sem contacto.<\/strong>&nbsp;&nbsp;<\/p>\n\n\n\n<p>O c\u00f3digo QR alternativo deve estar dispon\u00edvel para usu\u00e1rios que n\u00e3o possuem cart\u00e3o.&nbsp;<\/p>\n\n\n\n<p>Isso garante que possa efetuar o pagamento em qualquer esta\u00e7\u00e3o de carregamento sem a necessidade de baixar aplicativos adicionais.&nbsp;<\/p>\n\n\n\n<h3 class=\"wp-block-heading\" id=\"h-transparency-requirements\">Requisitos de transpar\u00eancia<\/h3>\n\n\n\n<p>A facilidade de utiliza\u00e7\u00e3o e a transpar\u00eancia s\u00e3o enfatizadas no regulamento.<\/p>\n\n\n\n<div class=\"wp-block-group\"><div class=\"wp-block-group__inner-container is-layout-constrained wp-block-group-is-layout-constrained\">\n<div class=\"wp-block-group key-notes\"><div class=\"wp-block-group__inner-container is-layout-constrained wp-block-group-is-layout-constrained\">\n<div class=\"wp-block-group notes has-background\" style=\"background-color:#e9f8ff\"><div class=\"wp-block-group__inner-container is-layout-constrained wp-block-group-is-layout-constrained\">\n<p>Os CPOs devem exibir claramente:<\/p>\n\n\n\n<ul class=\"wp-block-list\">\n<li><strong>Se o roaming \u00e9 suportado<\/strong>&nbsp;<\/li>\n\n\n\n<li><strong>Todos os custos de carregamento<\/strong> (energia, tempo, taxas de inatividade, taxas de sess\u00e3o)&nbsp;<\/li>\n\n\n\n<li><strong>Quaisquer taxas de servi\u00e7o adicionais<\/strong>&nbsp;<\/li>\n\n\n\n<li><strong>Pre\u00e7o por kWh em destaque<\/strong><\/li>\n<\/ul>\n<\/div><\/div>\n<\/div><\/div>\n\n\n\n<div style=\"height:40px\" aria-hidden=\"true\" class=\"wp-block-spacer\"><\/div>\n<\/div><\/div>\n\n\n\n<p>Al\u00e9m disso, os CPOs devem cumprir rigorosos KPIs de tempo de atividade e manuten\u00e7\u00e3o e <strong>public\u00e1-los nos sistemas nacionais<\/strong>.&nbsp;<\/p>\n\n\n\n<p>Como resultado, as redes de roaming tornam-se mais previs\u00edveis e f\u00e1ceis de comparar.<\/p>\n\n\n\n<h3 class=\"wp-block-heading\" id=\"h-infrastructure-density\">Densidade da infraestrutura<\/h3>\n\n\n\n<p>Os Estados-Membros devem alcan\u00e7ar os objetivos definidos. <strong>metas de densidade de carga<\/strong> por segmento rodovi\u00e1rio e por ve\u00edculo el\u00e9trico registado.&nbsp;<\/p>\n\n\n\n<p>Isso garante cobertura de carregamento para viagens de longa dist\u00e2ncia.&nbsp;<\/p>\n\n\n\n<p>\u00c9 isso que garante que a Europa evite <strong>\u201cdesertos de cobran\u00e7a\u201d.\u201d<\/strong>&nbsp;<\/p>\n\n\n\n<h3 class=\"wp-block-heading\" id=\"h-what-does-this-mean\">O que isso significa?<\/h3>\n\n\n\n<p><strong>AFIR 2026<\/strong> As regras impulsionam a Europa em dire\u00e7\u00e3o a um ecossistema de ve\u00edculos el\u00e9tricos totalmente interoper\u00e1vel, transparente e compat\u00edvel com o sistema plug-and-charge.&nbsp;<\/p>\n\n\n\n<p>Isso obriga os CPOs e EMSPs a modernizar os pagamentos, relat\u00f3rios de dados, protocolos e padr\u00f5es de confiabilidade.&nbsp;<\/p>\n\n\n\n<p>No entanto, foram levantadas algumas preocupa\u00e7\u00f5es.&nbsp;<\/p>\n\n\n\n<p>Os principais desafios incluem os custos de conformidade, prazos de hardware pouco realistas e complexidades de integra\u00e7\u00e3o.<\/p>\n\n\n\n<h2 class=\"wp-block-heading\" id=\"h-new-monetization-opportunities\">Novas oportunidades de monetiza\u00e7\u00e3o<\/h2>\n\n\n\n<p>Contratos de carregamento de frotas e <a href=\"https:\/\/tridenstechnology.com\/ev-charging-subscriptions\/\"><strong>modelos de subscri\u00e7\u00e3o<\/strong><\/a> est\u00e3o a crescer.&nbsp;<\/p>\n\n\n\n<p>Atualmente, muitas redes oferecem <a href=\"https:\/\/tridenstechnology.com\/tiered-pricing-model\/\"><strong>pre\u00e7o por n\u00edvel<\/strong><\/a> planos de cobran\u00e7a priorit\u00e1ria ($15\u2013$30\/m\u00eas), criando previsibilidade <a href=\"https:\/\/tridenstechnology.com\/recurring-revenue-business-model\/\"><strong>receitas recorrentes<\/strong><\/a> ao mesmo tempo.&nbsp;<\/p>\n\n\n\n<p>Mesmo taxas de inatividade ou estacionamento inclu\u00eddo aumentam a receita, e os servi\u00e7os de dados tamb\u00e9m est\u00e3o a surgir.&nbsp;<\/p>\n\n\n\n<figure class=\"wp-block-image size-full\"><img loading=\"lazy\" decoding=\"async\" width=\"1025\" height=\"251\" src=\"https:\/\/tridenstechnology.com\/wp-content\/uploads\/dynamic-pricing-in-ev-charging.webp\" alt=\"pre\u00e7os din\u00e2micos no carregamento de ve\u00edculos el\u00e9ctricos\" class=\"wp-image-52603\" srcset=\"https:\/\/d2xqcz296oofyv.cloudfront.net\/wp-content\/uploads\/dynamic-pricing-in-ev-charging.webp 1025w, https:\/\/d2xqcz296oofyv.cloudfront.net\/wp-content\/uploads\/dynamic-pricing-in-ev-charging-300x73.webp 300w, https:\/\/d2xqcz296oofyv.cloudfront.net\/wp-content\/uploads\/dynamic-pricing-in-ev-charging-768x188.webp 768w, https:\/\/d2xqcz296oofyv.cloudfront.net\/wp-content\/uploads\/dynamic-pricing-in-ev-charging-18x4.webp 18w\" sizes=\"(max-width: 1025px) 100vw, 1025px\" \/><\/figure>\n\n\n\n<p>A defini\u00e7\u00e3o de pre\u00e7os com intelig\u00eancia artificial permite <strong>tarifas preditivas\/din\u00e2micas<\/strong> (ajustado \u00e0s condi\u00e7\u00f5es da rede em tempo real e \u00e0 procura) para maximizar a utiliza\u00e7\u00e3o.&nbsp;&nbsp;<\/p>\n\n\n\n<p>Por exemplo, os algoritmos de IA podem analisar previs\u00f5es de carga para \u201cinformar modelos de pre\u00e7os, reduzir o congestionamento e <strong>incentivar o carregamento fora do hor\u00e1rio de pico<\/strong>\u201d alinhando os pre\u00e7os com os custos da rede.&nbsp;<\/p>\n\n\n\n<p>H\u00e1 uma nova oportunidade a ser oferecida. <strong>Roaming EV como servi\u00e7o<\/strong>.&nbsp;&nbsp;<\/p>\n\n\n\n<p>Alguns fornecedores administram tarifas, contratos e cobran\u00e7as para seus clientes e oferecem isso como um servi\u00e7o. <a href=\"https:\/\/tridenstechnology.com\/ev-charging-subscriptions\/\"><strong>subscri\u00e7\u00e3o mensal<\/strong><\/a> Por exemplo.&nbsp;<\/p>\n\n\n\n<p>Al\u00e9m disso, com <a href=\"https:\/\/tridenstechnology.com\/what-is-vehicle-to-grid-v2g-technology\/\"><strong>V2G<\/strong><\/a> ganhando popularidade, h\u00e1 uma oportunidade de <strong>monetizar opera\u00e7\u00f5es V2G.<\/strong>&nbsp;<\/p>\n\n\n\n<h2 class=\"wp-block-heading\" id=\"h-ai-amp-smart-charging\">IA e carregamento inteligente<\/h2>\n\n\n\n<p>A intelig\u00eancia est\u00e1 a ser incorporada em todas as camadas da pilha de carregamento.&nbsp;<\/p>\n\n\n\n<p>Por exemplo, <strong>algoritmos de manuten\u00e7\u00e3o preditiva<\/strong> pode monitorizar continuamente a telemetria do carregador e alertar sobre falhas iminentes com v\u00e1rios dias de anteced\u00eancia, <strong>reduzindo significativamente o tempo de inatividade.<\/strong>&nbsp;<\/p>\n\n\n\n<p>A IA tamb\u00e9m permite <strong><a href=\"https:\/\/tridenstechnology.com\/ev-charging-load-balancing\/\">Equil\u00edbrio din\u00e2mico de carga (DLB)<\/a>:<\/strong> O software pode programar o carregamento de acordo com a demanda da rede e evitar sobrecargas.&nbsp;<\/p>\n\n\n\n<figure class=\"wp-block-image size-full\"><img loading=\"lazy\" decoding=\"async\" width=\"1025\" height=\"351\" src=\"https:\/\/tridenstechnology.com\/wp-content\/uploads\/smart-ev-charging-builds-on-dynamic-pricing.webp\" alt=\"o carregamento inteligente de ve\u00edculos el\u00e9ctricos baseia-se na tarifa\u00e7\u00e3o din\u00e2mica\" class=\"wp-image-52608\" srcset=\"https:\/\/d2xqcz296oofyv.cloudfront.net\/wp-content\/uploads\/smart-ev-charging-builds-on-dynamic-pricing.webp 1025w, https:\/\/d2xqcz296oofyv.cloudfront.net\/wp-content\/uploads\/smart-ev-charging-builds-on-dynamic-pricing-300x103.webp 300w, https:\/\/d2xqcz296oofyv.cloudfront.net\/wp-content\/uploads\/smart-ev-charging-builds-on-dynamic-pricing-768x263.webp 768w, https:\/\/d2xqcz296oofyv.cloudfront.net\/wp-content\/uploads\/smart-ev-charging-builds-on-dynamic-pricing-18x6.webp 18w\" sizes=\"(max-width: 1025px) 100vw, 1025px\" \/><\/figure>\n\n\n\n<p>Do lado do cliente, o aprendizado de m\u00e1quina pode<strong> Personalize a experi\u00eancia de carregamento<\/strong>.&nbsp;&nbsp;<\/p>\n\n\n\n<p>As aplica\u00e7\u00f5es e os backends est\u00e3o a iniciar a an\u00e1lise. <strong>padr\u00f5es de comportamento dos condutores<\/strong> para sugerir tempos e rotas ideais de carregamento ou oferecer recompensas e descontos.&nbsp;<\/p>\n\n\n\n<p>Por exemplo, o aplicativo pode recomendar a esta\u00e7\u00e3o de carregamento mais pr\u00f3xima sem tempo de inatividade para <strong>diminuir a frustra\u00e7\u00e3o<\/strong> ou oferecer descontos se o utilizador utilizar a mesma esta\u00e7\u00e3o com frequ\u00eancia.&nbsp;<\/p>\n\n\n\n<p>Isso aumenta <strong>reten\u00e7\u00e3o de clientes<\/strong> melhorando a experi\u00eancia geral.&nbsp;<\/p>\n\n\n\n<p>Plataformas modernas como a nossa <a href=\"https:\/\/tridenstechnology.com\/ev-charge\/\"><strong>Carga Tridens EV<\/strong><\/a> O produto utiliza intelig\u00eancia artificial para auxiliar os clientes a determinar a compatibilidade, localizar esta\u00e7\u00f5es de carregamento pr\u00f3ximas ou relatar erros.&nbsp;<\/p>\n\n\n\n<p>Em conjunto com o nosso <a href=\"https:\/\/tridenstechnology.com\/ocpp-ai-demo\/\"><strong>Analisador OCPP de IA<\/strong><\/a>, obt\u00e9m-se <strong>informa\u00e7\u00f5es sobre os seus registos OCPP.<\/strong>&nbsp;<\/p>\n\n\n\n<p>Al\u00e9m disso, <a href=\"https:\/\/tridenstechnology.com\/service-desk\/\"><strong>Balc\u00e3o de atendimento<\/strong><\/a> permite que os utilizadores criem bilhetes de suporte e a nossa IA aprende com cada problema resolvido.&nbsp;&nbsp;&nbsp;<\/p>\n\n\n\n<p>Isso reduz a press\u00e3o sobre a nossa equipa de suporte e melhora o tempo de resolu\u00e7\u00e3o de erros.&nbsp;<\/p>\n\n\n\n<p>Mesmo que o seu produto n\u00e3o tenha IA incorporada no produto principal, ainda assim \u00e9 uma ferramenta \u00fatil para o suporte ao cliente.\u00a0<\/p>\n\n\n\n<h2 class=\"wp-block-heading\" id=\"h-heavy-duty-evs-amp-megawatt-charging\">Ve\u00edculos el\u00e9tricos pesados e carregamento de megawatts<\/h2>\n\n\n\n<p><strong>Ve\u00edculos pesados (HDV)<\/strong> s\u00e3o respons\u00e1veis por mais de um <strong>quarto das emiss\u00f5es de gases de efeito estufa<\/strong> do transporte rodovi\u00e1rio na UE.&nbsp;<\/p>\n\n\n\n<p>\u00c9 por isso que a eletrifica\u00e7\u00e3o est\u00e1 a expandir-se rapidamente para cami\u00f5es e autocarros.&nbsp;<\/p>\n\n\n\n<p><a href=\"https:\/\/www.electrive.com\/2025\/11\/06\/acea-statistics-electric-trucks-are-still-picking-up-momentum-while-electric-buses-take-the-lead\/\" target=\"_blank\" rel=\"noreferrer noopener nofollow\"><strong>22.7%<\/strong><\/a> dos autocarros registados na UE em 2025 eram totalmente el\u00e9tricos \u2013 um aumento em rela\u00e7\u00e3o aos 15,91 TP16T em 2024, e espera-se que esta tend\u00eancia se mantenha em 2026.&nbsp;&nbsp;<\/p>\n\n\n\n<p>O <strong>Sistema de Carregamento Megawatt (MCS)<\/strong> foi concebido para ve\u00edculos pesados e o seu desenvolvimento \u00e9 fundamental para o sucesso dos ve\u00edculos el\u00e9tricos pesados.&nbsp;<\/p>\n\n\n\n<div class=\"wp-block-group\"><div class=\"wp-block-group__inner-container is-layout-constrained wp-block-group-is-layout-constrained\">\n<div class=\"wp-block-group key-notes\"><div class=\"wp-block-group__inner-container is-layout-constrained wp-block-group-is-layout-constrained\">\n<div class=\"wp-block-group notes has-background\" style=\"background-color:#e9f8ff\"><div class=\"wp-block-group__inner-container is-layout-constrained wp-block-group-is-layout-constrained\">\n<p><a href=\"https:\/\/chargedevs.com\/?s=Designwerk\" target=\"_blank\" rel=\"noreferrer noopener nofollow\"><strong>Tecnologias de Designwerk<\/strong><\/a> relatou a sua sess\u00e3o de carregamento de ve\u00edculos el\u00e9tricos mais r\u00e1pida de sempre, excedendo <strong>1,1 megawatts<\/strong> durante uma demonstra\u00e7\u00e3o em julho de 2025.&nbsp;<\/p>\n\n\n\n<p>Carregando o cami\u00e3o a partir de <strong>O tempo de 10% a 80% foi de apenas 42 minutos.<\/strong><\/p>\n<\/div><\/div>\n<\/div><\/div>\n\n\n\n<div style=\"height:40px\" aria-hidden=\"true\" class=\"wp-block-spacer\"><\/div>\n<\/div><\/div>\n\n\n\n<p>Al\u00e9m disso, isso abre novas oportunidades para <strong>monetiza\u00e7\u00e3o <a href=\"https:\/\/tridenstechnology.com\/what-is-electric-vehicle-ev-fleet\/\">frotas<\/a>.<\/strong>&nbsp;<\/p>\n\n\n\n<p>Com o aumento do transporte p\u00fablico el\u00e9trico, as empresas buscar\u00e3o solu\u00e7\u00f5es que permitam <strong>pre\u00e7os din\u00e2micos<\/strong> e manuseamento de <strong>milhares de faturas<\/strong>.&nbsp;<\/p>\n\n\n\n<p>Plataformas nativas da nuvem, como <a href=\"https:\/\/tridenstechnology.com\/ev-charge\/\"><strong>Carga Tridens EV<\/strong><\/a> que se integram nos sistemas de gest\u00e3o de transportes existentes s\u00e3o uma solu\u00e7\u00e3o perfeita para as necessidades de transporte.&nbsp;<\/p>\n\n\n\n<h2 class=\"wp-block-heading\" id=\"h-vehicle-to-grid-v2g-amp-vehicle-to-home-v2h\">Ve\u00edculo para a rede (V2G) e ve\u00edculo para casa (V2H)<\/h2>\n\n\n\n<p>Se considerarmos, os ve\u00edculos el\u00e9tricos s\u00e3o <strong>baterias sobre rodas.<\/strong>&nbsp;<\/p>\n\n\n\n<p><a href=\"https:\/\/tridenstechnology.com\/what-is-vehicle-to-grid-v2g-technology\/\"><strong>V2G<\/strong><\/a> e <strong>V2H<\/strong> permitir <strong>carregamento bidirecional<\/strong>, onde o autom\u00f3vel pode \u201cdevolver\u201d o excesso de energia \u00e0 rede ou alimentar a sua casa descarregando a bateria.&nbsp;<\/p>\n\n\n\n<figure class=\"wp-block-image size-full\"><img loading=\"lazy\" decoding=\"async\" width=\"1024\" height=\"497\" src=\"http:\/\/tridenstechnology.com\/wp-content\/uploads\/v2g-smart-ev-charging.jpg\" alt=\"\" class=\"wp-image-14031\" srcset=\"https:\/\/d2xqcz296oofyv.cloudfront.net\/wp-content\/uploads\/v2g-smart-ev-charging.jpg 1024w, https:\/\/d2xqcz296oofyv.cloudfront.net\/wp-content\/uploads\/v2g-smart-ev-charging-300x146.jpg 300w, https:\/\/d2xqcz296oofyv.cloudfront.net\/wp-content\/uploads\/v2g-smart-ev-charging-768x373.jpg 768w\" sizes=\"(max-width: 1024px) 100vw, 1024px\" \/><\/figure>\n\n\n\n<p>Em 2025, observou-se um aumento no n\u00famero de modelos comercializados com capacidade V2G.&nbsp;<\/p>\n\n\n\n<p>A China anunciou <strong>30 projetos em nove cidades<\/strong> utilizar a grande quantidade de ve\u00edculos el\u00e9tricos da frota para devolver o excesso de eletricidade \u00e0 rede.&nbsp;<\/p>\n\n\n\n<p><strong>Energia Bidirecional<\/strong> e <strong>Caixa de parede<\/strong> lan\u00e7ou o primeiro programa de carregamento bidirecional multistatal da Am\u00e9rica do Norte para 180 resid\u00eancias na Calif\u00f3rnia e em Connecticut.&nbsp;<\/p>\n\n\n\n<blockquote class=\"wp-block-quote is-layout-flow wp-block-quote-is-layout-flow\">\n<p><strong><em>\u201cA abertura deste programa por meio de uma parceria com a Wallbox nos permite levar essa tecnologia inovadora aos consumidores comuns, de uma forma simples de se inscrever, valiosa de se usar e pronta para ser ampliada.\u201d<\/em><\/strong><\/p>\n\n\n\n<p><em>Frances Bell, Diretora Executiva da Bidirectional Energy<\/em><\/p>\n<\/blockquote>\n\n\n\n<div class=\"wp-block-group\"><div class=\"wp-block-group__inner-container is-layout-constrained wp-block-group-is-layout-constrained\">\n<h2 class=\"wp-block-heading\" id=\"h-choosing-your-ev-charging-partner\">Escolher o seu parceiro de carregamento de ve\u00edculos el\u00e9ctricos<\/h2>\n\n\n\n<p><a href=\"https:\/\/tridenstechnology.com\/ev-charge\/\"><strong>Tridens\" Software para carregadores de ve\u00edculos el\u00e9ctricos<\/strong><\/a>&nbsp;est\u00e1 na vanguarda da tecnologia de carregamento de ve\u00edculos el\u00e9tricos, mantendo <strong>Mais de 100.000 esta\u00e7\u00f5es de carregamento<\/strong> e garantindo a compatibilidade com <strong>Mais de 600 modelos de carregadores.<\/strong><\/p>\n\n\n\n<p>Possu\u00edmos certifica\u00e7\u00f5es para Protocolos de Pontos de Carregamento e estamos em conformidade com a OCPP (<strong>OCPP 1.6 J e OCPP 2.01<\/strong>Al\u00e9m disso, garantimos a compatibilidade do seu hardware e uma integra\u00e7\u00e3o eficiente entre o ve\u00edculo e a rede el\u00e9trica (<strong>V2G<\/strong>) comunica\u00e7\u00f5es atrav\u00e9s da ades\u00e3o a <strong>ISO 15118 (norma Plug and Charge).<\/strong><\/p>\n<\/div><\/div>","protected":false},"excerpt":{"rendered":"<p>Descubra como o ecossistema dos ve\u00edculos el\u00e9tricos est\u00e1 a transformar-se. Desde novos protocolos at\u00e9 experi\u00eancias de utilizador perfeitas e interoperabilidade melhorada.<\/p>","protected":false},"author":9,"featured_media":52604,"comment_status":"open","ping_status":"open","sticky":false,"template":"","format":"standard","meta":{"footnotes":""},"categories":[169],"tags":[],"class_list":["post-8177","post","type-post","status-publish","format-standard","has-post-thumbnail","hentry","category-ev-charging","category-169","description-off"],"yoast_head":"<!-- This site is optimized with the Yoast SEO Premium plugin v27.4 (Yoast SEO v27.4) - https:\/\/yoast.com\/product\/yoast-seo-premium-wordpress\/ -->\n<title>Top 7 EV Charging Trends for 2026\u00a0 - Tridens<\/title>\n<meta name=\"description\" content=\"Learn how smart charging and fast-charging networks transform EV charging into a seamless, user-friendly experience for EV drivers.\" \/>\n<meta name=\"robots\" content=\"index, follow, max-snippet:-1, max-image-preview:large, max-video-preview:-1\" \/>\n<link rel=\"canonical\" href=\"https:\/\/tridenstechnology.com\/pt\/tendencias-do-sector-do-carregamento-de-veiculos-electricos\/\" \/>\n<meta property=\"og:locale\" content=\"pt_PT\" \/>\n<meta property=\"og:type\" content=\"article\" \/>\n<meta property=\"og:title\" content=\"Top 7 EV Charging Trends for 2026\u00a0\" \/>\n<meta property=\"og:description\" content=\"Learn how smart charging and fast-charging networks transform EV charging into a seamless, user-friendly experience for EV drivers.\" \/>\n<meta property=\"og:url\" content=\"https:\/\/tridenstechnology.com\/pt\/tendencias-do-sector-do-carregamento-de-veiculos-electricos\/\" \/>\n<meta property=\"og:site_name\" content=\"Tridens\" \/>\n<meta property=\"article:publisher\" content=\"https:\/\/www.facebook.com\/tridenstechnology\" \/>\n<meta property=\"article:published_time\" content=\"2025-11-24T13:37:38+00:00\" \/>\n<meta property=\"article:modified_time\" content=\"2025-12-01T09:58:41+00:00\" \/>\n<meta property=\"og:image\" content=\"https:\/\/d2xqcz296oofyv.cloudfront.net\/wp-content\/uploads\/ev-charging-industry-trends.webp\" \/>\n\t<meta property=\"og:image:width\" content=\"1025\" \/>\n\t<meta property=\"og:image:height\" content=\"498\" \/>\n\t<meta property=\"og:image:type\" content=\"image\/webp\" \/>\n<meta name=\"author\" content=\"\u017diga Lesjak\" \/>\n<meta name=\"twitter:card\" content=\"summary_large_image\" \/>\n<meta name=\"twitter:creator\" content=\"@TridensTech\" \/>\n<meta name=\"twitter:site\" content=\"@TridensTech\" \/>\n<meta name=\"twitter:label1\" content=\"Escrito por\" \/>\n\t<meta name=\"twitter:data1\" content=\"\u017diga Lesjak\" \/>\n\t<meta name=\"twitter:label2\" content=\"Tempo estimado de leitura\" \/>\n\t<meta name=\"twitter:data2\" content=\"8 minutos\" \/>\n<!-- \/ Yoast SEO Premium plugin. -->","yoast_head_json":{"title":"As 7 principais tend\u00eancias em mat\u00e9ria de carregamento de ve\u00edculos el\u00e9ctricos para 2026 - Tridens","description":"Saiba como o carregamento inteligente e as redes de carregamento r\u00e1pido transformam o carregamento de ve\u00edculos el\u00e9ctricos numa experi\u00eancia simples e de f\u00e1cil utiliza\u00e7\u00e3o para os condutores de ve\u00edculos el\u00e9ctricos.","robots":{"index":"index","follow":"follow","max-snippet":"max-snippet:-1","max-image-preview":"max-image-preview:large","max-video-preview":"max-video-preview:-1"},"canonical":"https:\/\/tridenstechnology.com\/pt\/tendencias-do-sector-do-carregamento-de-veiculos-electricos\/","og_locale":"pt_PT","og_type":"article","og_title":"Top 7 EV Charging Trends for 2026\u00a0","og_description":"Learn how smart charging and fast-charging networks transform EV charging into a seamless, user-friendly experience for EV drivers.","og_url":"https:\/\/tridenstechnology.com\/pt\/tendencias-do-sector-do-carregamento-de-veiculos-electricos\/","og_site_name":"Tridens","article_publisher":"https:\/\/www.facebook.com\/tridenstechnology","article_published_time":"2025-11-24T13:37:38+00:00","article_modified_time":"2025-12-01T09:58:41+00:00","og_image":[{"width":1025,"height":498,"url":"https:\/\/d2xqcz296oofyv.cloudfront.net\/wp-content\/uploads\/ev-charging-industry-trends.webp","type":"image\/webp"}],"author":"\u017diga Lesjak","twitter_card":"summary_large_image","twitter_creator":"@TridensTech","twitter_site":"@TridensTech","twitter_misc":{"Escrito por":"\u017diga Lesjak","Tempo estimado de leitura":"8 minutos"},"schema":{"@context":"https:\/\/schema.org","@graph":[{"@type":"Article","@id":"https:\/\/tridenstechnology.com\/ev-charging-industry-trends\/#article","isPartOf":{"@id":"https:\/\/tridenstechnology.com\/ev-charging-industry-trends\/"},"author":{"name":"\u017diga Lesjak","@id":"https:\/\/tridenstechnology.com\/#\/schema\/person\/c114502d398eba1e5b7ab72a9f201884"},"headline":"Top 7 EV Charging Trends for 2026\u00a0","datePublished":"2025-11-24T13:37:38+00:00","dateModified":"2025-12-01T09:58:41+00:00","mainEntityOfPage":{"@id":"https:\/\/tridenstechnology.com\/ev-charging-industry-trends\/"},"wordCount":1534,"commentCount":0,"publisher":{"@id":"https:\/\/tridenstechnology.com\/#organization"},"image":{"@id":"https:\/\/tridenstechnology.com\/ev-charging-industry-trends\/#primaryimage"},"thumbnailUrl":"https:\/\/d2xqcz296oofyv.cloudfront.net\/wp-content\/uploads\/ev-charging-industry-trends.webp","articleSection":["EV Charging"],"inLanguage":"pt-PT","potentialAction":[{"@type":"CommentAction","name":"Comment","target":["https:\/\/tridenstechnology.com\/ev-charging-industry-trends\/#respond"]}],"accessibilityFeature":["tableOfContents"]},{"@type":"WebPage","@id":"https:\/\/tridenstechnology.com\/ev-charging-industry-trends\/","url":"https:\/\/tridenstechnology.com\/ev-charging-industry-trends\/","name":"As 7 principais tend\u00eancias em mat\u00e9ria de carregamento de ve\u00edculos el\u00e9ctricos para 2026 - Tridens","isPartOf":{"@id":"https:\/\/tridenstechnology.com\/#website"},"primaryImageOfPage":{"@id":"https:\/\/tridenstechnology.com\/ev-charging-industry-trends\/#primaryimage"},"image":{"@id":"https:\/\/tridenstechnology.com\/ev-charging-industry-trends\/#primaryimage"},"thumbnailUrl":"https:\/\/d2xqcz296oofyv.cloudfront.net\/wp-content\/uploads\/ev-charging-industry-trends.webp","datePublished":"2025-11-24T13:37:38+00:00","dateModified":"2025-12-01T09:58:41+00:00","description":"Saiba como o carregamento inteligente e as redes de carregamento r\u00e1pido transformam o carregamento de ve\u00edculos el\u00e9ctricos numa experi\u00eancia simples e de f\u00e1cil utiliza\u00e7\u00e3o para os condutores de ve\u00edculos el\u00e9ctricos.","breadcrumb":{"@id":"https:\/\/tridenstechnology.com\/ev-charging-industry-trends\/#breadcrumb"},"inLanguage":"pt-PT","potentialAction":[{"@type":"ReadAction","target":["https:\/\/tridenstechnology.com\/ev-charging-industry-trends\/"]}]},{"@type":"ImageObject","inLanguage":"pt-PT","@id":"https:\/\/tridenstechnology.com\/ev-charging-industry-trends\/#primaryimage","url":"https:\/\/d2xqcz296oofyv.cloudfront.net\/wp-content\/uploads\/ev-charging-industry-trends.webp","contentUrl":"https:\/\/d2xqcz296oofyv.cloudfront.net\/wp-content\/uploads\/ev-charging-industry-trends.webp","width":1025,"height":498,"caption":"ev charging industry trends"},{"@type":"BreadcrumbList","@id":"https:\/\/tridenstechnology.com\/ev-charging-industry-trends\/#breadcrumb","itemListElement":[{"@type":"ListItem","position":1,"name":"Home","item":"https:\/\/tridenstechnology.com\/"},{"@type":"ListItem","position":2,"name":"Top 7 EV Charging Trends for 2026\u00a0"}]},{"@type":"WebSite","@id":"https:\/\/tridenstechnology.com\/#website","url":"https:\/\/tridenstechnology.com\/","name":"Tridens","description":"Monetiza\u00e7\u00e3o, fatura\u00e7\u00e3o e carregamento de ve\u00edculos el\u00e9ctricos","publisher":{"@id":"https:\/\/tridenstechnology.com\/#organization"},"potentialAction":[{"@type":"SearchAction","target":{"@type":"EntryPoint","urlTemplate":"https:\/\/tridenstechnology.com\/?s={search_term_string}"},"query-input":{"@type":"PropertyValueSpecification","valueRequired":true,"valueName":"search_term_string"}}],"inLanguage":"pt-PT"},{"@type":"Organization","@id":"https:\/\/tridenstechnology.com\/#organization","name":"Tridens","url":"https:\/\/tridenstechnology.com\/","logo":{"@type":"ImageObject","inLanguage":"pt-PT","@id":"https:\/\/tridenstechnology.com\/#\/schema\/logo\/image\/","url":"https:\/\/d2xqcz296oofyv.cloudfront.net\/wp-content\/uploads\/2019\/02\/tridens_logo_invert.png","contentUrl":"https:\/\/d2xqcz296oofyv.cloudfront.net\/wp-content\/uploads\/2019\/02\/tridens_logo_invert.png","width":600,"height":191,"caption":"Tridens"},"image":{"@id":"https:\/\/tridenstechnology.com\/#\/schema\/logo\/image\/"},"sameAs":["https:\/\/www.facebook.com\/tridenstechnology","https:\/\/x.com\/TridensTech","https:\/\/www.instagram.com\/tridenstechnology\/","https:\/\/www.linkedin.com\/company\/tridens","https:\/\/www.youtube.com\/user\/TridensIT"]},{"@type":"Person","@id":"https:\/\/tridenstechnology.com\/#\/schema\/person\/c114502d398eba1e5b7ab72a9f201884","name":"iga Lesjak","image":{"@type":"ImageObject","inLanguage":"pt-PT","@id":"https:\/\/secure.gravatar.com\/avatar\/a46da957691f5add544cf2e0c5ea7556bf85fc853539e71e3a2b5200d5951fad?s=96&d=mm&r=g","url":"https:\/\/secure.gravatar.com\/avatar\/a46da957691f5add544cf2e0c5ea7556bf85fc853539e71e3a2b5200d5951fad?s=96&d=mm&r=g","contentUrl":"https:\/\/secure.gravatar.com\/avatar\/a46da957691f5add544cf2e0c5ea7556bf85fc853539e71e3a2b5200d5951fad?s=96&d=mm&r=g","caption":"\u017diga Lesjak"},"description":"\u017diga Lesjak \u00e9 o profissional de marketing digital da Tridens, com mais de 7 anos de experi\u00eancia em marketing. Tem um mestrado e uma paix\u00e3o por tecnologia, inova\u00e7\u00e3o e adrenalina.","sameAs":["https:\/\/www.linkedin.com\/in\/zlesjak\/"],"url":"https:\/\/tridenstechnology.com\/pt\/author\/ziga-lesjaktridenstechnology-com\/"}]}},"_links":{"self":[{"href":"https:\/\/tridenstechnology.com\/pt\/wp-json\/wp\/v2\/posts\/8177","targetHints":{"allow":["GET"]}}],"collection":[{"href":"https:\/\/tridenstechnology.com\/pt\/wp-json\/wp\/v2\/posts"}],"about":[{"href":"https:\/\/tridenstechnology.com\/pt\/wp-json\/wp\/v2\/types\/post"}],"author":[{"embeddable":true,"href":"https:\/\/tridenstechnology.com\/pt\/wp-json\/wp\/v2\/users\/9"}],"replies":[{"embeddable":true,"href":"https:\/\/tridenstechnology.com\/pt\/wp-json\/wp\/v2\/comments?post=8177"}],"version-history":[{"count":0,"href":"https:\/\/tridenstechnology.com\/pt\/wp-json\/wp\/v2\/posts\/8177\/revisions"}],"wp:featuredmedia":[{"embeddable":true,"href":"https:\/\/tridenstechnology.com\/pt\/wp-json\/wp\/v2\/media\/52604"}],"wp:attachment":[{"href":"https:\/\/tridenstechnology.com\/pt\/wp-json\/wp\/v2\/media?parent=8177"}],"wp:term":[{"taxonomy":"category","embeddable":true,"href":"https:\/\/tridenstechnology.com\/pt\/wp-json\/wp\/v2\/categories?post=8177"},{"taxonomy":"post_tag","embeddable":true,"href":"https:\/\/tridenstechnology.com\/pt\/wp-json\/wp\/v2\/tags?post=8177"}],"curies":[{"name":"wp","href":"https:\/\/api.w.org\/{rel}","templated":true}]}}