{"id":70105,"date":"2026-01-16T15:59:43","date_gmt":"2026-01-16T13:59:43","guid":{"rendered":"https:\/\/tridenstechnology.com\/?p=70105"},"modified":"2026-04-14T14:36:56","modified_gmt":"2026-04-14T12:36:56","slug":"eventos-no-sector-da-energia-conferencias","status":"publish","type":"post","link":"https:\/\/tridenstechnology.com\/pt\/energy-events-conferences\/","title":{"rendered":"Principais eventos e confer\u00eancias sobre energia e servi\u00e7os p\u00fablicos para 2026"},"content":{"rendered":"<p><strong><em>Est\u00e1 \u00e0 procura de feiras e confer\u00eancias sobre energia? Consulte a nossa lista das 10 principais feiras de energia de participa\u00e7\u00e3o obrigat\u00f3ria para saber como pode participar.<\/em><\/strong><\/p>\n\n\n\n<div class=\"wp-block-yoast-seo-table-of-contents yoast-table-of-contents\"><h2>Tabela de conte\u00fados<\/h2><ul><li><a href=\"#h-world-future-energy-summit\" data-level=\"2\">Cimeira Mundial da Energia do Futuro<\/a><\/li><li><a href=\"#h-e-world-energy-amp-water\" data-level=\"2\">E-world energia e \u00e1gua<\/a><\/li><li><a href=\"#h-key\" data-level=\"2\">CHAVE<\/a><\/li><li><a href=\"#h-world-smart-energy-week\" data-level=\"2\">Semana Mundial da Energia Inteligente<\/a><\/li><li><a href=\"#h-snec-pv-power-expo\" data-level=\"2\">Exposi\u00e7\u00e3o SNEC PV Power<\/a><\/li><li><a href=\"#h-the-smarter-e-europe-intersolar-europe\" data-level=\"2\">O mais inteligente E Europa (Intersolar Europe)<\/a><\/li><li><a href=\"#h-wetex-amp-dubai-solar-show\" data-level=\"2\">WETEX e Sal\u00e3o Solar do Dubai<\/a><\/li><li><a href=\"#h-adipec\" data-level=\"2\">ADIPEC<\/a><\/li><li><a href=\"#h-enlit-europe\" data-level=\"2\">Enlit Europa<\/a><\/li><li><a href=\"#h-re\" data-level=\"2\">RE+<\/a><\/li><\/ul><\/div>\n\n\n\n<p>Em 2026, os sectores da energia e dos servi\u00e7os p\u00fablicos est\u00e3o sob press\u00e3o para se tornarem ecol\u00f3gicos e actualizarem a sua tecnologia. Embora as ferramentas em linha sejam \u00fateis, as reuni\u00f5es presenciais continuam a ser a melhor forma de criar as parcerias necess\u00e1rias para atingir os objectivos clim\u00e1ticos para 2030.<\/p>\n\n\n\n<p>Estes eventos ajudam os l\u00edderes a resolver os problemas da rede el\u00e9ctrica e a gerir a mudan\u00e7a para a energia limpa. Apresent\u00e1mos uma lista dos 10 principais eventos de energia e servi\u00e7os p\u00fablicos para 2026 para o ajudar a manter-se na vanguarda.<\/p>\n\n\n\n<p>O Tridens estar\u00e1 presente nestes eventos para mostrar como&nbsp;<a href=\"https:\/\/tridenstechnology.com\/energy-utility\/\">Tridens Monetization<\/a> plataforma de fatura\u00e7\u00e3o multi-servi\u00e7os totalmente configur\u00e1vel que automatiza o processo \"meter-to-cash\" para fornecedores de energia e servi\u00e7os p\u00fablicos.<\/p>\n\n\n\n<p class=\"has-text-color has-link-color wp-elements-10e0a3db7b5c62a5aa61bb9809999e96\" style=\"color:#171c46;font-size:36px\"><strong>Lista de eventos de energia de 2026<\/strong><\/p>\n\n\n\n<figure class=\"wp-block-table\"><table class=\"has-fixed-layout\"><thead><tr><th>Nome do evento<\/th><th>Data<\/th><th>Localiza\u00e7\u00e3o<\/th><\/tr><\/thead><tbody><tr><td><a href=\"http:\/\/h-world-future-energy-summit\">Cimeira Mundial da Energia do Futuro<\/a><\/td><td>13-15 de janeiro de 2026<\/td><td>Abu Dhabi, EAU<\/td><\/tr><tr><td><a href=\"http:\/\/h-e-world-energy-amp-water\">E-world energia e \u00e1gua<\/a><\/td><td>10-12 de fevereiro de 2026<\/td><td>Essen, Alemanha<\/td><\/tr><tr><td><a href=\"http:\/\/h-key\">CHAVE<\/a><\/td><td>4-6 de mar\u00e7o de 2026<\/td><td>Rimini, It\u00e1lia<\/td><\/tr><tr><td><a href=\"http:\/\/h-world-smart-energy-week\">Semana Mundial da Energia Inteligente<\/a><\/td><td>17-19 de mar\u00e7o de 2026<\/td><td>T\u00f3quio, Jap\u00e3o<\/td><\/tr><tr><td><a href=\"http:\/\/h-snec-pv-power-expo\">Exposi\u00e7\u00e3o SNEC PV Power<\/a><\/td><td>3-5 de junho de 2026<\/td><td>Xangai, China<\/td><\/tr><tr><td><a href=\"http:\/\/h-the-smarter-e-europe-intersolar-europe\">O mais inteligente E Europa (Intersolar Europe)<\/a><\/td><td>23-25 de junho de 2026<\/td><td>Munique, Alemanha<\/td><\/tr><tr><td><a href=\"http:\/\/h-wetex-amp-dubai-solar-show\">WETEX e Sal\u00e3o Solar do Dubai<\/a><\/td><td>20-22 de outubro de 2026<\/td><td>Dubai, EAU<\/td><\/tr><tr><td><a href=\"http:\/\/h-adipec\">ADIPEC<\/a><\/td><td>2 a 5 de novembro de 2026<\/td><td>Abu Dhabi, EAU<\/td><\/tr><tr><td><a href=\"http:\/\/h-enlit-europe\">Enlit Europa<\/a><\/td><td>10-12 de novembro de 2026<\/td><td>Viena, \u00c1ustria<\/td><\/tr><tr><td><a href=\"http:\/\/h-re\">RE+<\/a><\/td><td>16-19 de novembro de 2026<\/td><td>Las Vegas, EUA<\/td><\/tr><\/tbody><\/table><\/figure>\n\n\n\n<div style=\"height:40px\" aria-hidden=\"true\" class=\"wp-block-spacer\"><\/div>\n\n\n\n<h2 class=\"wp-block-heading\" id=\"h-world-future-energy-summit\">Cimeira Mundial da Energia do Futuro<\/h2>\n\n\n\n<p><strong>Data:<\/strong> 13-15 de janeiro de 2026<br><strong>Localiza\u00e7\u00e3o:<\/strong> Abu Dhabi, EAU<\/p>\n\n\n\n<p><strong><a href=\"https:\/\/www.worldfutureenergysummit.com\/\" target=\"_blank\" rel=\"noreferrer noopener nofollow\">Cimeira Mundial da Energia do Futuro (WFES)<\/a><\/strong>&nbsp;\u00e9 o principal evento anual do M\u00e9dio Oriente para as energias renov\u00e1veis e a sustentabilidade, organizado pela Masdar como parte da Semana da Sustentabilidade de Abu Dhabi. A cimeira de 2026 ser\u00e1 a sua maior edi\u00e7\u00e3o at\u00e9 agora, reunindo l\u00edderes globais de energia limpa, decisores pol\u00edticos e investidores para mostrar inova\u00e7\u00f5es em energia sustent\u00e1vel. J\u00e1 uma das plataformas de energia limpa mais influentes da regi\u00e3o, a WFES serve como um centro global para o avan\u00e7o de projetos renov\u00e1veis e solu\u00e7\u00f5es clim\u00e1ticas. Os participantes podem esperar discuss\u00f5es de alto n\u00edvel sobre a expans\u00e3o de tecnologias limpas e a tradu\u00e7\u00e3o de compromissos de zero emiss\u00f5es l\u00edquidas em projectos vi\u00e1veis.<\/p>\n\n\n\n<figure class=\"wp-block-image size-full\"><img fetchpriority=\"high\" decoding=\"async\" width=\"1024\" height=\"300\" src=\"https:\/\/tridenstechnology.com\/wp-content\/uploads\/energy-events-conferences-world-future-energy-summit-2026.webp\" alt=\"banner do evento cimeira mundial da energia do futuro 2026\" class=\"wp-image-70114\" srcset=\"https:\/\/d2xqcz296oofyv.cloudfront.net\/wp-content\/uploads\/energy-events-conferences-world-future-energy-summit-2026.webp 1024w, https:\/\/d2xqcz296oofyv.cloudfront.net\/wp-content\/uploads\/energy-events-conferences-world-future-energy-summit-2026-300x88.webp 300w, https:\/\/d2xqcz296oofyv.cloudfront.net\/wp-content\/uploads\/energy-events-conferences-world-future-energy-summit-2026-768x225.webp 768w, https:\/\/d2xqcz296oofyv.cloudfront.net\/wp-content\/uploads\/energy-events-conferences-world-future-energy-summit-2026-18x5.webp 18w\" sizes=\"(max-width: 1024px) 100vw, 1024px\" \/><\/figure>\n\n\n\n<p><strong>Temas principais:<\/strong><\/p>\n\n\n\n<ul class=\"wp-block-list\">\n<li>Descobertas no dom\u00ednio das energias renov\u00e1veis<\/li>\n\n\n\n<li>Pol\u00edtica e financiamento do clima<\/li>\n\n\n\n<li>Inova\u00e7\u00e3o energ\u00e9tica<\/li>\n\n\n\n<li>Cidades sustent\u00e1veis e \u00e1gua<\/li>\n<\/ul>\n\n\n\n<h2 class=\"wp-block-heading\" id=\"h-e-world-energy-amp-water\">E-world energia e \u00e1gua<\/h2>\n\n\n\n<p><strong>Data:<\/strong> 10-12 de fevereiro de 2026<br><strong>Localiza\u00e7\u00e3o: <\/strong>Essen, Alemanha<\/p>\n\n\n\n<p><strong><a href=\"https:\/\/e-world-essen.com\/en\/\">E-world energia e \u00e1gua<\/a><\/strong>&nbsp;\u00e9 conhecido como&nbsp;<em>\u201co ponto de encontro do sector energ\u00e9tico europeu\u201d<\/em>. Realizada anualmente em Essen, esta importante feira e confer\u00eancia europeia re\u00fane fornecedores de energia, operadores de rede, empresas de servi\u00e7os p\u00fablicos e empresas de tecnologia limpa de todo o continente. A E-world 2026 oferecer\u00e1 um programa de confer\u00eancias robusto com especialistas internacionais, centrado nos aspectos operacionais e de mercado dos sectores da energia e da \u00e1gua. Para os profissionais de servi\u00e7os p\u00fablicos europeus, trata-se de um evento fundamental para explorar as \u00faltimas novidades em mat\u00e9ria de gest\u00e3o, pol\u00edtica e inova\u00e7\u00e3o no sector da energia - tudo isto num ambiente prop\u00edcio \u00e0 cria\u00e7\u00e3o de redes que promove o interc\u00e2mbio de conhecimentos e parcerias.<\/p>\n\n\n\n<figure class=\"wp-block-image size-full\"><img decoding=\"async\" width=\"1024\" height=\"300\" src=\"https:\/\/tridenstechnology.com\/wp-content\/uploads\/ev-conferences-emobility-events-e-world-energy-and-water-2026-1x.webp\" alt=\"cartaz do evento e-world energy and water 2026\" class=\"wp-image-69783\" srcset=\"https:\/\/d2xqcz296oofyv.cloudfront.net\/wp-content\/uploads\/ev-conferences-emobility-events-e-world-energy-and-water-2026-1x.webp 1024w, https:\/\/d2xqcz296oofyv.cloudfront.net\/wp-content\/uploads\/ev-conferences-emobility-events-e-world-energy-and-water-2026-1x-300x88.webp 300w, https:\/\/d2xqcz296oofyv.cloudfront.net\/wp-content\/uploads\/ev-conferences-emobility-events-e-world-energy-and-water-2026-1x-768x225.webp 768w, https:\/\/d2xqcz296oofyv.cloudfront.net\/wp-content\/uploads\/ev-conferences-emobility-events-e-world-energy-and-water-2026-1x-18x5.webp 18w\" sizes=\"(max-width: 1024px) 100vw, 1024px\" \/><\/figure>\n\n\n\n<p><strong>Temas principais:<\/strong><\/p>\n\n\n\n<ul class=\"wp-block-list\">\n<li>Mercados e pol\u00edtica energ\u00e9tica<\/li>\n\n\n\n<li>Redes inteligentes e digitaliza\u00e7\u00e3o&nbsp;<\/li>\n\n\n\n<li>Integra\u00e7\u00e3o das energias renov\u00e1veis<\/li>\n\n\n\n<li>Infra-estruturas de \u00e1gua e energia<\/li>\n<\/ul>\n\n\n\n<h2 class=\"wp-block-heading\" id=\"h-key\">CHAVE<\/h2>\n\n\n\n<p><strong>Data:<\/strong> 4-6 de mar\u00e7o de 2026<br><strong>Localiza\u00e7\u00e3o:<\/strong> Rimini, It\u00e1lia<\/p>\n\n\n\n<p><strong><a href=\"https:\/\/www.key-expo.com\/en\" target=\"_blank\" rel=\"noreferrer noopener nofollow\">KEY - Exposi\u00e7\u00e3o sobre a Transi\u00e7\u00e3o Energ\u00e9tica<\/a><\/strong>&nbsp;(anteriormente Key Energy) \u00e9 a principal feira comercial italiana dedicada \u00e0s energias renov\u00e1veis e \u00e0 transi\u00e7\u00e3o ecol\u00f3gica. Realizada no Centro de Exposi\u00e7\u00f5es de Rimini, a K.EY re\u00fane profissionais da ind\u00fastria, fornecedores de tecnologia e decisores pol\u00edticos de todo o Sul da Europa e do Mediterr\u00e2neo. A exposi\u00e7\u00e3o de 2026 apresentar\u00e1 solu\u00e7\u00f5es integradas para descarbonizar os sistemas de energia - abrangendo tecnologias solares, e\u00f3licas, de armazenamento de energia e de efici\u00eancia. Como parte de uma plataforma de exposi\u00e7\u00e3o de sustentabilidade mais ampla, a KEY oferece uma vis\u00e3o abrangente das inova\u00e7\u00f5es que impulsionam a transi\u00e7\u00e3o para a energia limpa, tornando-a um importante encontro de primavera para estrategas de energia e fornecedores de solu\u00e7\u00f5es.<\/p>\n\n\n\n<figure class=\"wp-block-image size-full\"><img decoding=\"async\" width=\"1024\" height=\"300\" src=\"https:\/\/tridenstechnology.com\/wp-content\/uploads\/ev-conferences-emobility-events-key-the-energy-transition-expo-2026-1x.webp\" alt=\"banner do evento key the energy transition expo 2026\" class=\"wp-image-69787\" srcset=\"https:\/\/d2xqcz296oofyv.cloudfront.net\/wp-content\/uploads\/ev-conferences-emobility-events-key-the-energy-transition-expo-2026-1x.webp 1024w, https:\/\/d2xqcz296oofyv.cloudfront.net\/wp-content\/uploads\/ev-conferences-emobility-events-key-the-energy-transition-expo-2026-1x-300x88.webp 300w, https:\/\/d2xqcz296oofyv.cloudfront.net\/wp-content\/uploads\/ev-conferences-emobility-events-key-the-energy-transition-expo-2026-1x-768x225.webp 768w, https:\/\/d2xqcz296oofyv.cloudfront.net\/wp-content\/uploads\/ev-conferences-emobility-events-key-the-energy-transition-expo-2026-1x-18x5.webp 18w\" sizes=\"(max-width: 1024px) 100vw, 1024px\" \/><\/figure>\n\n\n\n<p><strong>Temas principais:<\/strong><\/p>\n\n\n\n<ul class=\"wp-block-list\">\n<li>Tecnologia solar e fotovoltaica&nbsp;<\/li>\n\n\n\n<li>Desenvolvimento da energia e\u00f3lica<\/li>\n\n\n\n<li>Hidrog\u00e9nio e armazenamento<\/li>\n\n\n\n<li>Efici\u00eancia energ\u00e9tica e mobilidade eletr\u00f3nica<\/li>\n<\/ul>\n\n\n\n<h2 class=\"wp-block-heading\" id=\"h-world-smart-energy-week\">Semana Mundial da Energia Inteligente<\/h2>\n\n\n\n<p><strong>Data: <\/strong>17-19 de mar\u00e7o de 2026<br><strong>Localiza\u00e7\u00e3o: <\/strong>T\u00f3quio, Jap\u00e3o<\/p>\n\n\n\n<p><strong><a href=\"https:\/\/www.wsew.jp\/hub\/en-gb.html\" target=\"_blank\" rel=\"noreferrer noopener nofollow\">Semana Mundial da Energia Inteligente<\/a><\/strong>&nbsp;\u00e9 uma das maiores s\u00e9ries de exposi\u00e7\u00f5es de energia inteligente do mundo, realizada v\u00e1rias vezes por ano no Jap\u00e3o (com a edi\u00e7\u00e3o principal em mar\u00e7o, em T\u00f3quio). Este evento re\u00fane uma gama completa de tecnologias de energias renov\u00e1veis - desde o hidrog\u00e9nio e c\u00e9lulas de combust\u00edvel at\u00e9 \u00e0 energia solar fotovoltaica, baterias, energia e\u00f3lica, biomassa e redes inteligentes - num \u00fanico local. Na edi\u00e7\u00e3o de 2026, em T\u00f3quio, dezenas de milhares de visitantes ir\u00e3o contactar com expositores e semin\u00e1rios que abrangem todo o ecossistema das energias limpas. A World Smart Energy Week \u00e9 a principal plataforma de neg\u00f3cios da \u00c1sia para as energias renov\u00e1veis, onde empresas e especialistas globais se re\u00fanem para acelerar projectos e parcerias nos mercados de energia limpa em expans\u00e3o da regi\u00e3o.<\/p>\n\n\n\n<figure class=\"wp-block-image size-full\"><img loading=\"lazy\" decoding=\"async\" width=\"1024\" height=\"300\" src=\"https:\/\/tridenstechnology.com\/wp-content\/uploads\/energy-events-conferences-world-smart-energy-week-2026.webp\" alt=\"cartaz do evento semana mundial da energia inteligente 2026\" class=\"wp-image-70115\" srcset=\"https:\/\/d2xqcz296oofyv.cloudfront.net\/wp-content\/uploads\/energy-events-conferences-world-smart-energy-week-2026.webp 1024w, https:\/\/d2xqcz296oofyv.cloudfront.net\/wp-content\/uploads\/energy-events-conferences-world-smart-energy-week-2026-300x88.webp 300w, https:\/\/d2xqcz296oofyv.cloudfront.net\/wp-content\/uploads\/energy-events-conferences-world-smart-energy-week-2026-768x225.webp 768w, https:\/\/d2xqcz296oofyv.cloudfront.net\/wp-content\/uploads\/energy-events-conferences-world-smart-energy-week-2026-18x5.webp 18w\" sizes=\"(max-width: 1024px) 100vw, 1024px\" \/><\/figure>\n\n\n\n<p><strong>Temas principais:<\/strong><\/p>\n\n\n\n<ul class=\"wp-block-list\">\n<li>Espectro das energias renov\u00e1veis<\/li>\n\n\n\n<li>Hidrog\u00e9nio e pilhas de combust\u00edvel&nbsp;<\/li>\n\n\n\n<li>Armazenamento da bateria&nbsp;<\/li>\n\n\n\n<li>Redes inteligentes e IoT<\/li>\n<\/ul>\n\n\n\n<h2 class=\"wp-block-heading\" id=\"h-snec-pv-power-expo\">Exposi\u00e7\u00e3o SNEC PV Power<\/h2>\n\n\n\n<p><strong>Data: <\/strong>3-5 de junho de 2026<br><strong>Localiza\u00e7\u00e3o:<\/strong> Xangai, China<\/p>\n\n\n\n<p><strong><a href=\"https:\/\/www.snec-pv.com\/\" target=\"_blank\" rel=\"noreferrer noopener nofollow\">Exposi\u00e7\u00e3o SNEC PV Power<\/a><\/strong>&nbsp;em Xangai \u00e9 uma confer\u00eancia e exposi\u00e7\u00e3o globalmente influente, centrada nas tecnologias de energia solar fotovoltaica e de armazenamento de energia. Sendo a maior exposi\u00e7\u00e3o fotovoltaica do mundo, a SNEC tornou-se numa plataforma verdadeiramente internacional, com a participa\u00e7\u00e3o de mais de 3.000 empresas de mais de 95 pa\u00edses nos \u00faltimos anos. A edi\u00e7\u00e3o de 2026 (o 19.\u00ba SNEC) continuar\u00e1 a apresentar as&nbsp;<em>toda a cadeia da ind\u00fastria solar fotovoltaica<\/em>&nbsp;- desde materiais de sil\u00edcio e equipamento de fabrico a c\u00e9lulas, m\u00f3dulos e integra\u00e7\u00e3o de sistemas. Para os profissionais da ind\u00fastria solar, promotores e investidores, a SNEC oferece uma oportunidade \u00fanica de ver inova\u00e7\u00f5es de ponta em PV e baterias e de se ligar ao mercado renov\u00e1vel em expans\u00e3o da \u00c1sia.<\/p>\n\n\n\n<figure class=\"wp-block-image size-full\"><img loading=\"lazy\" decoding=\"async\" width=\"1024\" height=\"300\" src=\"https:\/\/tridenstechnology.com\/wp-content\/uploads\/energy-events-conferences-snec-pv-power-expo-2026.webp\" alt=\"banner do evento snec pv power expo 2026\" class=\"wp-image-70122\" srcset=\"https:\/\/d2xqcz296oofyv.cloudfront.net\/wp-content\/uploads\/energy-events-conferences-snec-pv-power-expo-2026.webp 1024w, https:\/\/d2xqcz296oofyv.cloudfront.net\/wp-content\/uploads\/energy-events-conferences-snec-pv-power-expo-2026-300x88.webp 300w, https:\/\/d2xqcz296oofyv.cloudfront.net\/wp-content\/uploads\/energy-events-conferences-snec-pv-power-expo-2026-768x225.webp 768w, https:\/\/d2xqcz296oofyv.cloudfront.net\/wp-content\/uploads\/energy-events-conferences-snec-pv-power-expo-2026-18x5.webp 18w\" sizes=\"(max-width: 1024px) 100vw, 1024px\" \/><\/figure>\n\n\n\n<p><strong>Temas principais:<\/strong><\/p>\n\n\n\n<ul class=\"wp-block-list\">\n<li>Inova\u00e7\u00f5es no fabrico de produtos solares&nbsp;<\/li>\n\n\n\n<li>Integra\u00e7\u00e3o do armazenamento de energia<\/li>\n\n\n\n<li>Tend\u00eancias do mercado mundial<\/li>\n\n\n\n<li>Energia inteligente e microrredes<\/li>\n<\/ul>\n\n\n\n<h2 class=\"wp-block-heading\" id=\"h-the-smarter-e-europe-intersolar-europe\">O mais inteligente E Europa (Intersolar Europe)<\/h2>\n\n\n\n<p><strong>Data: <\/strong>23-25 de junho de 2026<br><strong>Localiza\u00e7\u00e3o:<\/strong> Munique, Alemanha<\/p>\n\n\n\n<p><strong><a href=\"https:\/\/www.thesmartere.de\/home\" target=\"_blank\" rel=\"noreferrer noopener nofollow\">A Europa mais inteligente<\/a><\/strong>&nbsp;\u00e9 a maior alian\u00e7a europeia de exposi\u00e7\u00f5es sobre energia, englobando quatro eventos paralelos: Intersolar Europe (energia solar), ees Europe (armazenamento de baterias), Power2Drive Europe (mobilidade el\u00e9ctrica) e EM-Power Europe (gest\u00e3o inteligente da energia). Realizado na Messe M\u00fcnchen, este megaevento \u00e9 um destaque anual de ver\u00e3o para a ind\u00fastria das energias limpas. Em 2026, a The smarter E Europe transformar\u00e1 Munique num centro de inova\u00e7\u00e3o para as energias renov\u00e1veis e os servi\u00e7os p\u00fablicos - com centenas de expositores e uma confer\u00eancia multifacetada. Os profissionais da energia participam para conhecer as mais recentes tecnologias solares e de armazenamento, solu\u00e7\u00f5es de carregamento de ve\u00edculos el\u00e9ctricos e inova\u00e7\u00f5es de redes inteligentes, tudo num s\u00f3 local. O \u00e2mbito abrangente e a atmosfera animada deste evento fazem dele um encontro imperd\u00edvel para todos os que est\u00e3o a impulsionar a transi\u00e7\u00e3o energ\u00e9tica na Europa<\/p>\n\n\n\n<figure class=\"wp-block-image size-full\"><img loading=\"lazy\" decoding=\"async\" width=\"1024\" height=\"300\" src=\"https:\/\/tridenstechnology.com\/wp-content\/uploads\/energy-events-conferences-intersolar-the-smarter-europe-2026.webp\" alt=\"banner do evento intersolar the smarter e europe 2026\" class=\"wp-image-70119\" srcset=\"https:\/\/d2xqcz296oofyv.cloudfront.net\/wp-content\/uploads\/energy-events-conferences-intersolar-the-smarter-europe-2026.webp 1024w, https:\/\/d2xqcz296oofyv.cloudfront.net\/wp-content\/uploads\/energy-events-conferences-intersolar-the-smarter-europe-2026-300x88.webp 300w, https:\/\/d2xqcz296oofyv.cloudfront.net\/wp-content\/uploads\/energy-events-conferences-intersolar-the-smarter-europe-2026-768x225.webp 768w, https:\/\/d2xqcz296oofyv.cloudfront.net\/wp-content\/uploads\/energy-events-conferences-intersolar-the-smarter-europe-2026-18x5.webp 18w\" sizes=\"(max-width: 1024px) 100vw, 1024px\" \/><\/figure>\n\n\n\n<p><strong>Temas principais:<\/strong><\/p>\n\n\n\n<ul class=\"wp-block-list\">\n<li>Energia solar<\/li>\n\n\n\n<li>Armazenamento de energia<\/li>\n\n\n\n<li>E-mobilidade&nbsp;<\/li>\n\n\n\n<li>Gest\u00e3o inteligente da energia<\/li>\n<\/ul>\n\n\n\n<h2 class=\"wp-block-heading\" id=\"h-wetex-amp-dubai-solar-show\">WETEX e Sal\u00e3o Solar do Dubai<\/h2>\n\n\n\n<p><strong>Data:<\/strong> 20-22 de outubro de 2026<br><strong>Localiza\u00e7\u00e3o:<\/strong> Dubai, EAU<\/p>\n\n\n\n<p><strong><a href=\"https:\/\/www.wetex.ae\/\" target=\"_blank\" rel=\"noreferrer noopener nofollow\">WETEX (Exposi\u00e7\u00e3o de \u00c1gua, Energia, Tecnologia e Ambiente)<\/a> <\/strong>&amp;<strong> <a href=\"https:\/\/www.terrapinn.com\/exhibition\/solar-storage-live-dubai\/index.stm\" target=\"_blank\" rel=\"noreferrer noopener nofollow\">Sal\u00e3o Solar do Dubai<\/a><\/strong>&nbsp;\u00e9 a principal exposi\u00e7\u00e3o do M\u00e9dio Oriente para inova\u00e7\u00e3o em \u00e1gua e energia, organizada pela Dubai Electricity and Water Authority (DEWA). Uma das maiores exposi\u00e7\u00f5es especializadas do mundo em energia, \u00e1gua e sustentabilidade, a WETEX fornece uma plataforma para as empresas apresentarem os mais recentes desenvolvimentos em energia limpa, conserva\u00e7\u00e3o de \u00e1gua e tecnologias ambientais. O evento de 2026 no Dubai World Trade Centre atrair\u00e1 ag\u00eancias governamentais, servi\u00e7os p\u00fablicos e especialistas da ind\u00fastria de todo o mundo, em linha com a vis\u00e3o do Dubai para um futuro sustent\u00e1vel. Os participantes podem explorar uma ampla gama de solu\u00e7\u00f5es - desde a mobilidade solar e verde \u00e0 IA, tecnologia de cidade inteligente e gest\u00e3o eficiente da \u00e1gua - tornando a WETEX uma paragem essencial para quem procura inova\u00e7\u00e3o sustent\u00e1vel hol\u00edstica.<\/p>\n\n\n\n<figure class=\"wp-block-image size-full\"><img loading=\"lazy\" decoding=\"async\" width=\"1024\" height=\"300\" src=\"https:\/\/tridenstechnology.com\/wp-content\/uploads\/energy-events-conferences-wetex-dubai-solar-show-2026.webp\" alt=\"cartaz do evento wetex dubai solar show 2026\" class=\"wp-image-70123\" srcset=\"https:\/\/d2xqcz296oofyv.cloudfront.net\/wp-content\/uploads\/energy-events-conferences-wetex-dubai-solar-show-2026.webp 1024w, https:\/\/d2xqcz296oofyv.cloudfront.net\/wp-content\/uploads\/energy-events-conferences-wetex-dubai-solar-show-2026-300x88.webp 300w, https:\/\/d2xqcz296oofyv.cloudfront.net\/wp-content\/uploads\/energy-events-conferences-wetex-dubai-solar-show-2026-768x225.webp 768w, https:\/\/d2xqcz296oofyv.cloudfront.net\/wp-content\/uploads\/energy-events-conferences-wetex-dubai-solar-show-2026-18x5.webp 18w\" sizes=\"(max-width: 1024px) 100vw, 1024px\" \/><\/figure>\n\n\n\n<p><strong>Temas principais:<\/strong><\/p>\n\n\n\n<ul class=\"wp-block-list\">\n<li>Energia limpa e solar&nbsp;<\/li>\n\n\n\n<li>Sustentabilidade da \u00e1gua&nbsp;<\/li>\n\n\n\n<li>Cidades inteligentes e IA&nbsp;<\/li>\n\n\n\n<li>Gest\u00e3o ambiental&nbsp;<\/li>\n<\/ul>\n\n\n\n<h2 class=\"wp-block-heading\" id=\"h-adipec\">ADIPEC<\/h2>\n\n\n\n<p><strong>Data:<\/strong> 2 a 5 de novembro de 2026<br><strong>Localiza\u00e7\u00e3o:<\/strong> Abu Dhabi, EAU<\/p>\n\n\n\n<p><strong><a href=\"https:\/\/www.adipec.com\/\" target=\"_blank\" rel=\"noreferrer noopener nofollow\">ADIPEC (Exposi\u00e7\u00e3o e Confer\u00eancia Internacional de Petr\u00f3leo de Abu Dhabi)<\/a><\/strong>&nbsp;evoluiu para um dos maiores eventos de energia do mundo. Tradicionalmente centrada no petr\u00f3leo e no g\u00e1s, a ADIPEC abrange agora todo o espetro energ\u00e9tico, reflectindo a transi\u00e7\u00e3o da ind\u00fastria para fontes de energia mais limpas e diversificadas. A confer\u00eancia de 2026 em Abu Dhabi reunir\u00e1 uma enorme audi\u00eancia internacional de ministros da energia, executivos do sector do petr\u00f3leo e do g\u00e1s, especialistas em energias renov\u00e1veis e fornecedores de tecnologia. Os participantes envolver-se-\u00e3o em discuss\u00f5es estrat\u00e9gicas de alto n\u00edvel e sess\u00f5es t\u00e9cnicas destinadas a acelerar a transi\u00e7\u00e3o energ\u00e9tica. Para as empresas de energia e servi\u00e7os p\u00fablicos, a ADIPEC oferece uma oportunidade \u00fanica de compreender como os sectores de combust\u00edveis f\u00f3sseis antigos e as tecnologias limpas emergentes est\u00e3o a convergir - e de estabelecer parcerias ao longo desta cadeia de valor em expans\u00e3o.<\/p>\n\n\n\n<figure class=\"wp-block-image size-full\"><img loading=\"lazy\" decoding=\"async\" width=\"1024\" height=\"300\" src=\"https:\/\/tridenstechnology.com\/wp-content\/uploads\/energy-events-conferences-adipec-abu-dhabi-international-petroleum-exhibition-and-conference-2026.webp\" alt=\"banner do evento adipec abu dhabi international petroleum exhibition and conference 2026\" class=\"wp-image-70116\" srcset=\"https:\/\/d2xqcz296oofyv.cloudfront.net\/wp-content\/uploads\/energy-events-conferences-adipec-abu-dhabi-international-petroleum-exhibition-and-conference-2026.webp 1024w, https:\/\/d2xqcz296oofyv.cloudfront.net\/wp-content\/uploads\/energy-events-conferences-adipec-abu-dhabi-international-petroleum-exhibition-and-conference-2026-300x88.webp 300w, https:\/\/d2xqcz296oofyv.cloudfront.net\/wp-content\/uploads\/energy-events-conferences-adipec-abu-dhabi-international-petroleum-exhibition-and-conference-2026-768x225.webp 768w, https:\/\/d2xqcz296oofyv.cloudfront.net\/wp-content\/uploads\/energy-events-conferences-adipec-abu-dhabi-international-petroleum-exhibition-and-conference-2026-18x5.webp 18w\" sizes=\"(max-width: 1024px) 100vw, 1024px\" \/><\/figure>\n\n\n\n<p><strong>Temas principais:<\/strong><\/p>\n\n\n\n<ul class=\"wp-block-list\">\n<li>Transi\u00e7\u00e3o energ\u00e9tica e descarboniza\u00e7\u00e3o&nbsp;<\/li>\n\n\n\n<li>Inova\u00e7\u00e3o a montante e a jusante&nbsp;<\/li>\n\n\n\n<li>Digitaliza\u00e7\u00e3o e IA<\/li>\n\n\n\n<li>Futuro cabaz de aprovisionamento energ\u00e9tico<\/li>\n<\/ul>\n\n\n\n<h2 class=\"wp-block-heading\" id=\"h-enlit-europe\">Enlit Europa<\/h2>\n\n\n\n<p><strong>Data:<\/strong> 10-12 de novembro de 2026<br><strong>Localiza\u00e7\u00e3o: <\/strong>Viena, \u00c1ustria<\/p>\n\n\n\n<p><a href=\"https:\/\/www.enlit-europe.com\/\"><strong>Enlit Europa<\/strong><\/a>&nbsp;\u00e9 uma confer\u00eancia e exposi\u00e7\u00e3o pan-europeia l\u00edder que abrange o sector da energia e dos servi\u00e7os p\u00fablicos de ponta a ponta. Posicionada como uma&nbsp;<em>\u201cguia inclusivo para a transi\u00e7\u00e3o energ\u00e9tica\u201d<\/em>, A Enlit Europe liga toda a cadeia de valor da energia, desde a produ\u00e7\u00e3o at\u00e9 \u00e0 utiliza\u00e7\u00e3o final. A edi\u00e7\u00e3o de 2026 em Viena reunir\u00e1 mais de 15.000 profissionais de servi\u00e7os p\u00fablicos, produtores de energia, operadores de rede, decisores pol\u00edticos e inovadores, todos procurando \u201cligar ind\u00fastrias, inspirar ac\u00e7\u00f5es e ajudar a Europa a evoluir para um sistema energ\u00e9tico fi\u00e1vel, descarbonizado e digitalizado\u201d. Este evento inclui cimeiras estrat\u00e9gicas, centros t\u00e9cnicos e uma extensa \u00e1rea de exposi\u00e7\u00e3o, tornando-o um ponto focal para a colabora\u00e7\u00e3o nos desafios energ\u00e9ticos prementes da Europa. A mistura de vis\u00e3o de alto n\u00edvel e estudos de casos pr\u00e1ticos da Enlit oferece aos participantes uma perspetiva de 360 graus sobre como navegar e liderar a transi\u00e7\u00e3o energ\u00e9tica.<\/p>\n\n\n\n<figure class=\"wp-block-image size-full\"><img loading=\"lazy\" decoding=\"async\" width=\"1024\" height=\"300\" src=\"https:\/\/tridenstechnology.com\/wp-content\/uploads\/energy-events-conferences-enlit-europe-2026.webp\" alt=\"cartaz do evento enlit europe 2026\" class=\"wp-image-70117\" srcset=\"https:\/\/d2xqcz296oofyv.cloudfront.net\/wp-content\/uploads\/energy-events-conferences-enlit-europe-2026.webp 1024w, https:\/\/d2xqcz296oofyv.cloudfront.net\/wp-content\/uploads\/energy-events-conferences-enlit-europe-2026-300x88.webp 300w, https:\/\/d2xqcz296oofyv.cloudfront.net\/wp-content\/uploads\/energy-events-conferences-enlit-europe-2026-768x225.webp 768w, https:\/\/d2xqcz296oofyv.cloudfront.net\/wp-content\/uploads\/energy-events-conferences-enlit-europe-2026-18x5.webp 18w\" sizes=\"(max-width: 1024px) 100vw, 1024px\" \/><\/figure>\n\n\n\n<p><strong>Temas principais:<\/strong><\/p>\n\n\n\n<ul class=\"wp-block-list\">\n<li>Estrat\u00e9gias de descarboniza\u00e7\u00e3o&nbsp;<\/li>\n\n\n\n<li>Inova\u00e7\u00e3o na rede&nbsp;<\/li>\n\n\n\n<li>Digitaliza\u00e7\u00e3o e energia inteligente <\/li>\n\n\n\n<li>Acoplamento setorial e novos sistemas energ\u00e9ticos<\/li>\n<\/ul>\n\n\n\n<h2 class=\"wp-block-heading\" id=\"h-re\">RE+<\/h2>\n\n\n\n<p>Data: 16-19 de novembro de 2026<br>Localiza\u00e7\u00e3o: Las Vegas, EUA<\/p>\n\n\n\n<p><a href=\"https:\/\/www.re-plus.com\/\" target=\"_blank\" rel=\"noreferrer noopener nofollow\"><strong>RE+<\/strong>&nbsp;<strong>(Renewable Energy Plus)<\/strong><\/a> \u00e9 o maior evento anual da ind\u00fastria de energia limpa da Am\u00e9rica do Norte, conhecido anteriormente como Solar Power International. Realizado em Las Vegas em 2026, o RE+ re\u00fane um vasto espetro de profissionais das energias renov\u00e1veis e \u00e9 o principal mercado dos EUA para a energia solar e o armazenamento de energia. O evento apresenta uma vasta exposi\u00e7\u00e3o e sess\u00f5es de confer\u00eancia que abrangem tecnologias solares fotovoltaicas, solu\u00e7\u00f5es de armazenamento de energia e de baterias, integra\u00e7\u00e3o na rede e muito mais. Os l\u00edderes dos servi\u00e7os p\u00fablicos, os promotores de projectos, os financiadores e os fornecedores de tecnologia re\u00fanem-se no RE+ para trocar ideias sobre o aumento da energia limpa nos EUA e a n\u00edvel internacional. Com seu amplo alcance e apoio da ind\u00fastria (impulsionado pelas principais associa\u00e7\u00f5es de energia solar e el\u00e9trica), RE + 2026 ser\u00e1 um local cr\u00edtico para compreender as \u00faltimas tend\u00eancias e oportunidades no setor de energia limpa.<\/p>\n\n\n\n<figure class=\"wp-block-image size-full\"><img loading=\"lazy\" decoding=\"async\" width=\"1024\" height=\"300\" src=\"https:\/\/tridenstechnology.com\/wp-content\/uploads\/energy-events-conferences-re-renewable-energy-plus-2026.webp\" alt=\"re+ renewable energy plus 2026 banner do evento\" class=\"wp-image-70121\" srcset=\"https:\/\/d2xqcz296oofyv.cloudfront.net\/wp-content\/uploads\/energy-events-conferences-re-renewable-energy-plus-2026.webp 1024w, https:\/\/d2xqcz296oofyv.cloudfront.net\/wp-content\/uploads\/energy-events-conferences-re-renewable-energy-plus-2026-300x88.webp 300w, https:\/\/d2xqcz296oofyv.cloudfront.net\/wp-content\/uploads\/energy-events-conferences-re-renewable-energy-plus-2026-768x225.webp 768w, https:\/\/d2xqcz296oofyv.cloudfront.net\/wp-content\/uploads\/energy-events-conferences-re-renewable-energy-plus-2026-18x5.webp 18w\" sizes=\"(max-width: 1024px) 100vw, 1024px\" \/><\/figure>\n\n\n\n<p><strong>Temas principais:<\/strong><\/p>\n\n\n\n<ul class=\"wp-block-list\">\n<li>Utiliza\u00e7\u00e3o da energia solar<\/li>\n\n\n\n<li>Armazenamento de energia e microrredes&nbsp;<\/li>\n\n\n\n<li>Integra\u00e7\u00e3o da rede e DERs<\/li>\n\n\n\n<li>Pol\u00edtica e mercados de energia limpa<\/li>\n<\/ul>\n\n\n\n<p class=\"has-text-color has-link-color wp-elements-80f84341014c358963aaf6b0e327563c\" style=\"color:#171c46;font-size:36px\"><strong>Conclus\u00e3o<\/strong><\/p>\n\n\n\n<p>Participar nestes eventos em 2026 \u00e9 a melhor forma de os l\u00edderes do sector da energia e dos servi\u00e7os p\u00fablicos se manterem competitivos. Estes f\u00f3runs constituem uma oportunidade \u00fanica para ver novas tecnologias, aprender com os seus pares e criar as parcerias necess\u00e1rias para uma transi\u00e7\u00e3o energ\u00e9tica bem sucedida.<\/p>\n\n\n\n<p>Ao participar nestes eventos de topo, ficar\u00e1 \u00e0 frente das mudan\u00e7as no sector e transformar\u00e1 desafios como a descarboniza\u00e7\u00e3o em oportunidades de crescimento. <\/p>\n\n\n\n<p>Esperamos ver-vos l\u00e1! <\/p>","protected":false},"excerpt":{"rendered":"<p>Descubra os 10 principais eventos sobre energia e servi\u00e7os p\u00fablicos a que deve assistir em 2026, abrangendo as energias renov\u00e1veis, as redes, o armazenamento, a regulamenta\u00e7\u00e3o e a transi\u00e7\u00e3o energ\u00e9tica.<\/p>","protected":false},"author":9,"featured_media":70124,"comment_status":"open","ping_status":"open","sticky":false,"template":"","format":"standard","meta":{"footnotes":""},"categories":[16],"tags":[],"class_list":["post-70105","post","type-post","status-publish","format-standard","has-post-thumbnail","hentry","category-news","category-16","description-off"],"yoast_head":"<!-- This site is optimized with the Yoast SEO Premium plugin v27.4 (Yoast SEO v27.4) - https:\/\/yoast.com\/product\/yoast-seo-premium-wordpress\/ -->\n<title>Top Energy and Utility Events and Conferences for 2026 - Tridens<\/title>\n<meta name=\"description\" content=\"Discover the top 10 energy and utility events to attend in 2026, covering renewables, grids, storage, regulation, and the energy transition.\" \/>\n<meta name=\"robots\" content=\"index, follow, max-snippet:-1, max-image-preview:large, max-video-preview:-1\" \/>\n<link rel=\"canonical\" href=\"https:\/\/tridenstechnology.com\/pt\/eventos-no-sector-da-energia-conferencias\/\" \/>\n<meta property=\"og:locale\" content=\"pt_PT\" \/>\n<meta property=\"og:type\" content=\"article\" \/>\n<meta property=\"og:title\" content=\"Top Energy and Utility Events and Conferences for 2026\" \/>\n<meta property=\"og:description\" content=\"Discover the top 10 energy and utility events to attend in 2026, covering renewables, grids, storage, regulation, and the energy transition.\" \/>\n<meta property=\"og:url\" content=\"https:\/\/tridenstechnology.com\/pt\/eventos-no-sector-da-energia-conferencias\/\" \/>\n<meta property=\"og:site_name\" content=\"Tridens\" \/>\n<meta property=\"article:publisher\" content=\"https:\/\/www.facebook.com\/tridenstechnology\" \/>\n<meta property=\"article:published_time\" content=\"2026-01-16T13:59:43+00:00\" \/>\n<meta property=\"article:modified_time\" content=\"2026-04-14T12:36:56+00:00\" \/>\n<meta property=\"og:image\" content=\"https:\/\/tridenstechnology.com\/wp-content\/uploads\/energy-events-conferences.webp\" \/>\n\t<meta property=\"og:image:width\" content=\"1024\" \/>\n\t<meta property=\"og:image:height\" content=\"497\" \/>\n\t<meta property=\"og:image:type\" content=\"image\/webp\" \/>\n<meta name=\"author\" content=\"\u017diga Lesjak\" \/>\n<meta name=\"twitter:card\" content=\"summary_large_image\" \/>\n<meta name=\"twitter:creator\" content=\"@TridensTech\" \/>\n<meta name=\"twitter:site\" content=\"@TridensTech\" \/>\n<meta name=\"twitter:label1\" content=\"Escrito por\" \/>\n\t<meta name=\"twitter:data1\" content=\"\u017diga Lesjak\" \/>\n\t<meta name=\"twitter:label2\" content=\"Tempo estimado de leitura\" \/>\n\t<meta name=\"twitter:data2\" content=\"10 minutos\" \/>\n<!-- \/ Yoast SEO Premium plugin. -->","yoast_head_json":{"title":"Principais eventos e confer\u00eancias sobre energia e servi\u00e7os p\u00fablicos para 2026 - Tridens","description":"Descubra os 10 principais eventos sobre energia e servi\u00e7os p\u00fablicos a que deve assistir em 2026, abrangendo as energias renov\u00e1veis, as redes, o armazenamento, a regulamenta\u00e7\u00e3o e a transi\u00e7\u00e3o energ\u00e9tica.","robots":{"index":"index","follow":"follow","max-snippet":"max-snippet:-1","max-image-preview":"max-image-preview:large","max-video-preview":"max-video-preview:-1"},"canonical":"https:\/\/tridenstechnology.com\/pt\/eventos-no-sector-da-energia-conferencias\/","og_locale":"pt_PT","og_type":"article","og_title":"Top Energy and Utility Events and Conferences for 2026","og_description":"Discover the top 10 energy and utility events to attend in 2026, covering renewables, grids, storage, regulation, and the energy transition.","og_url":"https:\/\/tridenstechnology.com\/pt\/eventos-no-sector-da-energia-conferencias\/","og_site_name":"Tridens","article_publisher":"https:\/\/www.facebook.com\/tridenstechnology","article_published_time":"2026-01-16T13:59:43+00:00","article_modified_time":"2026-04-14T12:36:56+00:00","og_image":[{"width":1024,"height":497,"url":"https:\/\/tridenstechnology.com\/wp-content\/uploads\/energy-events-conferences.webp","type":"image\/webp"}],"author":"\u017diga Lesjak","twitter_card":"summary_large_image","twitter_creator":"@TridensTech","twitter_site":"@TridensTech","twitter_misc":{"Escrito por":"\u017diga Lesjak","Tempo estimado de leitura":"10 minutos"},"schema":{"@context":"https:\/\/schema.org","@graph":[{"@type":"Article","@id":"https:\/\/tridenstechnology.com\/energy-events-conferences\/#article","isPartOf":{"@id":"https:\/\/tridenstechnology.com\/energy-events-conferences\/"},"author":{"name":"\u017diga Lesjak","@id":"https:\/\/tridenstechnology.com\/#\/schema\/person\/c114502d398eba1e5b7ab72a9f201884"},"headline":"Top Energy and Utility Events and Conferences for 2026","datePublished":"2026-01-16T13:59:43+00:00","dateModified":"2026-04-14T12:36:56+00:00","mainEntityOfPage":{"@id":"https:\/\/tridenstechnology.com\/energy-events-conferences\/"},"wordCount":1680,"commentCount":0,"publisher":{"@id":"https:\/\/tridenstechnology.com\/#organization"},"image":{"@id":"https:\/\/tridenstechnology.com\/energy-events-conferences\/#primaryimage"},"thumbnailUrl":"https:\/\/d2xqcz296oofyv.cloudfront.net\/wp-content\/uploads\/energy-events-conferences.webp","articleSection":["News"],"inLanguage":"pt-PT","potentialAction":[{"@type":"CommentAction","name":"Comment","target":["https:\/\/tridenstechnology.com\/energy-events-conferences\/#respond"]}],"accessibilityFeature":["tableOfContents"]},{"@type":"WebPage","@id":"https:\/\/tridenstechnology.com\/energy-events-conferences\/","url":"https:\/\/tridenstechnology.com\/energy-events-conferences\/","name":"Principais eventos e confer\u00eancias sobre energia e servi\u00e7os p\u00fablicos para 2026 - Tridens","isPartOf":{"@id":"https:\/\/tridenstechnology.com\/#website"},"primaryImageOfPage":{"@id":"https:\/\/tridenstechnology.com\/energy-events-conferences\/#primaryimage"},"image":{"@id":"https:\/\/tridenstechnology.com\/energy-events-conferences\/#primaryimage"},"thumbnailUrl":"https:\/\/d2xqcz296oofyv.cloudfront.net\/wp-content\/uploads\/energy-events-conferences.webp","datePublished":"2026-01-16T13:59:43+00:00","dateModified":"2026-04-14T12:36:56+00:00","description":"Descubra os 10 principais eventos sobre energia e servi\u00e7os p\u00fablicos a que deve assistir em 2026, abrangendo as energias renov\u00e1veis, as redes, o armazenamento, a regulamenta\u00e7\u00e3o e a transi\u00e7\u00e3o energ\u00e9tica.","breadcrumb":{"@id":"https:\/\/tridenstechnology.com\/energy-events-conferences\/#breadcrumb"},"inLanguage":"pt-PT","potentialAction":[{"@type":"ReadAction","target":["https:\/\/tridenstechnology.com\/energy-events-conferences\/"]}]},{"@type":"ImageObject","inLanguage":"pt-PT","@id":"https:\/\/tridenstechnology.com\/energy-events-conferences\/#primaryimage","url":"https:\/\/d2xqcz296oofyv.cloudfront.net\/wp-content\/uploads\/energy-events-conferences.webp","contentUrl":"https:\/\/d2xqcz296oofyv.cloudfront.net\/wp-content\/uploads\/energy-events-conferences.webp","width":1024,"height":497,"caption":"energy events conferences 2026 blog thumbnail featuring an illustration of a crowd listening to a keynote speaker at an energy conference"},{"@type":"BreadcrumbList","@id":"https:\/\/tridenstechnology.com\/energy-events-conferences\/#breadcrumb","itemListElement":[{"@type":"ListItem","position":1,"name":"Home","item":"https:\/\/tridenstechnology.com\/"},{"@type":"ListItem","position":2,"name":"Top Energy and Utility Events and Conferences for 2026"}]},{"@type":"WebSite","@id":"https:\/\/tridenstechnology.com\/#website","url":"https:\/\/tridenstechnology.com\/","name":"Tridens","description":"Monetiza\u00e7\u00e3o, fatura\u00e7\u00e3o e carregamento de ve\u00edculos el\u00e9ctricos","publisher":{"@id":"https:\/\/tridenstechnology.com\/#organization"},"potentialAction":[{"@type":"SearchAction","target":{"@type":"EntryPoint","urlTemplate":"https:\/\/tridenstechnology.com\/?s={search_term_string}"},"query-input":{"@type":"PropertyValueSpecification","valueRequired":true,"valueName":"search_term_string"}}],"inLanguage":"pt-PT"},{"@type":"Organization","@id":"https:\/\/tridenstechnology.com\/#organization","name":"Tridens","url":"https:\/\/tridenstechnology.com\/","logo":{"@type":"ImageObject","inLanguage":"pt-PT","@id":"https:\/\/tridenstechnology.com\/#\/schema\/logo\/image\/","url":"https:\/\/d2xqcz296oofyv.cloudfront.net\/wp-content\/uploads\/2019\/02\/tridens_logo_invert.png","contentUrl":"https:\/\/d2xqcz296oofyv.cloudfront.net\/wp-content\/uploads\/2019\/02\/tridens_logo_invert.png","width":600,"height":191,"caption":"Tridens"},"image":{"@id":"https:\/\/tridenstechnology.com\/#\/schema\/logo\/image\/"},"sameAs":["https:\/\/www.facebook.com\/tridenstechnology","https:\/\/x.com\/TridensTech","https:\/\/www.instagram.com\/tridenstechnology\/","https:\/\/www.linkedin.com\/company\/tridens","https:\/\/www.youtube.com\/user\/TridensIT"]},{"@type":"Person","@id":"https:\/\/tridenstechnology.com\/#\/schema\/person\/c114502d398eba1e5b7ab72a9f201884","name":"iga Lesjak","image":{"@type":"ImageObject","inLanguage":"pt-PT","@id":"https:\/\/secure.gravatar.com\/avatar\/a46da957691f5add544cf2e0c5ea7556bf85fc853539e71e3a2b5200d5951fad?s=96&d=mm&r=g","url":"https:\/\/secure.gravatar.com\/avatar\/a46da957691f5add544cf2e0c5ea7556bf85fc853539e71e3a2b5200d5951fad?s=96&d=mm&r=g","contentUrl":"https:\/\/secure.gravatar.com\/avatar\/a46da957691f5add544cf2e0c5ea7556bf85fc853539e71e3a2b5200d5951fad?s=96&d=mm&r=g","caption":"\u017diga Lesjak"},"description":"\u017diga Lesjak \u00e9 o profissional de marketing digital da Tridens, com mais de 7 anos de experi\u00eancia em marketing. Tem um mestrado e uma paix\u00e3o por tecnologia, inova\u00e7\u00e3o e adrenalina.","sameAs":["https:\/\/www.linkedin.com\/in\/zlesjak\/"],"url":"https:\/\/tridenstechnology.com\/pt\/author\/ziga-lesjaktridenstechnology-com\/"}]}},"_links":{"self":[{"href":"https:\/\/tridenstechnology.com\/pt\/wp-json\/wp\/v2\/posts\/70105","targetHints":{"allow":["GET"]}}],"collection":[{"href":"https:\/\/tridenstechnology.com\/pt\/wp-json\/wp\/v2\/posts"}],"about":[{"href":"https:\/\/tridenstechnology.com\/pt\/wp-json\/wp\/v2\/types\/post"}],"author":[{"embeddable":true,"href":"https:\/\/tridenstechnology.com\/pt\/wp-json\/wp\/v2\/users\/9"}],"replies":[{"embeddable":true,"href":"https:\/\/tridenstechnology.com\/pt\/wp-json\/wp\/v2\/comments?post=70105"}],"version-history":[{"count":3,"href":"https:\/\/tridenstechnology.com\/pt\/wp-json\/wp\/v2\/posts\/70105\/revisions"}],"predecessor-version":[{"id":73923,"href":"https:\/\/tridenstechnology.com\/pt\/wp-json\/wp\/v2\/posts\/70105\/revisions\/73923"}],"wp:featuredmedia":[{"embeddable":true,"href":"https:\/\/tridenstechnology.com\/pt\/wp-json\/wp\/v2\/media\/70124"}],"wp:attachment":[{"href":"https:\/\/tridenstechnology.com\/pt\/wp-json\/wp\/v2\/media?parent=70105"}],"wp:term":[{"taxonomy":"category","embeddable":true,"href":"https:\/\/tridenstechnology.com\/pt\/wp-json\/wp\/v2\/categories?post=70105"},{"taxonomy":"post_tag","embeddable":true,"href":"https:\/\/tridenstechnology.com\/pt\/wp-json\/wp\/v2\/tags?post=70105"}],"curies":[{"name":"wp","href":"https:\/\/api.w.org\/{rel}","templated":true}]}}