{"id":45934,"date":"2026-01-12T15:27:06","date_gmt":"2026-01-12T13:27:06","guid":{"rendered":"https:\/\/tridenstechnology.com\/?p=45934"},"modified":"2026-03-24T16:12:52","modified_gmt":"2026-03-24T14:12:52","slug":"conferencias-de-telecomunicacoes","status":"publish","type":"post","link":"https:\/\/tridenstechnology.com\/pt\/telco-conferences\/","title":{"rendered":"Principais eventos, exposi\u00e7\u00f5es e confer\u00eancias de telecomunica\u00e7\u00f5es em 2026"},"content":{"rendered":"<p><strong><em><strong><em>Est\u00e1 \u00e0 procura dos principais eventos de telecomunica\u00e7\u00f5es de 2026? Descubra a nossa lista de 25 eventos de telecomunica\u00e7\u00f5es imperd\u00edveis e todos os principais detalhes que precisa de saber antes de participar.<\/em><\/strong><\/em><\/strong><\/p>\n\n\n\n<div class=\"wp-block-yoast-seo-table-of-contents yoast-table-of-contents\"><h2>Tabela de conte\u00fados<\/h2><ul><li><a href=\"#h-mwc-barcelona\" data-level=\"2\">MWC Barcelona<\/a><\/li><li><a href=\"#h-gitex-global\" data-level=\"2\">GITEX Global<\/a><\/li><li><a href=\"#h-canto-connect\" data-level=\"2\">Canto Connect<\/a><\/li><li><a href=\"#h-connected-america\" data-level=\"2\">Am\u00e9rica conectada<\/a><\/li><li><a href=\"#h-futurenet-world\" data-level=\"2\">Mundo FutureNet<\/a><\/li><li><a href=\"#h-conecta-mexico\" data-level=\"2\">Conecta M\u00e9xico<\/a><\/li><li><a href=\"#h-mvno-nation-usa\" data-level=\"2\">Na\u00e7\u00e3o MVNO EUA<\/a><\/li><li><a href=\"#h-futurenet-middle-east-amp-africa\" data-level=\"2\">FutureNet M\u00e9dio Oriente e \u00c1frica<\/a><\/li><li><a href=\"#h-network-x-americas\" data-level=\"2\">Rede X Am\u00e9ricas<\/a><\/li><li><a href=\"#h-international-telecoms-week\" data-level=\"2\">Semana Internacional das Telecomunica\u00e7\u00f5es<\/a><\/li><li><a href=\"#h-mvnos-world\" data-level=\"2\">MVNOs Mundo<\/a><\/li><li><a href=\"#h-mvno-nation-africa\" data-level=\"2\">MVNO Na\u00e7\u00e3o \u00c1frica<\/a><\/li><li><a href=\"#h-mwc-kigali\" data-level=\"2\">MWC Kigali<\/a><\/li><li><a href=\"#h-dtw-ignite\" data-level=\"2\">Igni\u00e7\u00e3o DTW<\/a><\/li><li><a href=\"#h-mwc-shanghai\" data-level=\"2\">MWC Xangai<\/a><\/li><li><a href=\"#h-telco-transformation-latam\" data-level=\"2\">Transforma\u00e7\u00e3o de telecomunica\u00e7\u00f5es LATAM<\/a><\/li><li><a href=\"#h-itw-africa\" data-level=\"2\">ITW \u00c1frica<\/a><\/li><li><a href=\"#h-futurenet-asia\" data-level=\"2\">FutureNet \u00c1sia<\/a><\/li><li><a href=\"#h-futurecom\" data-level=\"2\">Futurecom<\/a><\/li><li><a href=\"#h-network-x\" data-level=\"2\">Rede X<\/a><\/li><li><a href=\"#h-mvno-nation-live\" data-level=\"2\">MVNO Nation Live<\/a><\/li><li><a href=\"#h-futurenet-north-america\" data-level=\"2\">FutureNet Am\u00e9rica do Norte<\/a><\/li><li><a href=\"#h-conecta-peru\" data-level=\"2\">Conecta Peru<\/a><\/li><li><a href=\"#h-africa-tech-festival\" data-level=\"2\">Festival de Tecnologia de \u00c1frica<\/a><\/li><li><a href=\"#h-telecoms-world-asia-nbsp\" data-level=\"2\">Mundo das telecomunica\u00e7\u00f5es \u00c1sia\u00a0<\/a><\/li><li><a href=\"#h-itw-asia\" data-level=\"2\">ITW \u00c1sia<\/a><\/li><\/ul><\/div>\n\n\n\n<p>Nestes eventos de topo do sector das telecomunica\u00e7\u00f5es, os operadores abordam <a href=\"https:\/\/tridenstechnology.com\/telecom-industry-trends\/\">tend\u00eancias das telecomunica\u00e7\u00f5es<\/a>, como migra\u00e7\u00f5es de n\u00facleos nativos da nuvem, IA nas telecomunica\u00e7\u00f5es, monetiza\u00e7\u00e3o do 5G e muito mais.&nbsp;<\/p>\n\n\n\n<p>A participa\u00e7\u00e3o nestes eventos ajuda-o a manter-se informado, a aprender com os seus pares e a tomar melhores decis\u00f5es.&nbsp;<\/p>\n\n\n\n<p>Ao participar, pode:<\/p>\n\n\n\n<ul class=\"wp-block-list\">\n<li>Acompanhar a evolu\u00e7\u00e3o da regulamenta\u00e7\u00e3o e do espetro<\/li>\n\n\n\n<li>Avalia\u00e7\u00e3o comparativa da rede, TI e execu\u00e7\u00e3o de monetiza\u00e7\u00e3o<\/li>\n\n\n\n<li>Criar parcerias com operadores, fornecedores e ecossistemas<\/li>\n<\/ul>\n\n\n\n<p>Na Tridens, participamos ativamente nestes f\u00f3runs para nos mantermos pr\u00f3ximos da realidade do mercado e mostrarmos <a href=\"https:\/\/tridenstechnology.com\/communications\/\">Tridens Monetization<\/a>, A nossa plataforma completa de fatura\u00e7\u00e3o, cobran\u00e7a e gest\u00e3o de receitas foi concebida para modelos empresariais complexos de telecomunica\u00e7\u00f5es.<\/p>\n\n\n<div id=\"polls-50\" class=\"wp-polls\">\n\t<form id=\"polls_form_50\" class=\"wp-polls-form\" action=\"\/index.php\" method=\"post\" data-trp-original-action=\"\/index.php\">\n\t\t<p style=\"display: none;\"><input type=\"hidden\" id=\"poll_50_nonce\" name=\"wp-polls-nonce\" value=\"34359eaa53\" \/><\/p>\n\t\t<p style=\"display: none;\"><input type=\"hidden\" name=\"poll_id\" value=\"50\" \/><\/p>\n\t\t<p style=\"text-align: center;\"><strong>Est\u00e1 a planear participar em algum evento de telecomunica\u00e7\u00f5es em 2026?<\/strong><\/p><div id=\"polls-50-ans\" class=\"wp-polls-ans\"><ul class=\"wp-polls-ul\">\n\t\t<li><input type=\"radio\" id=\"poll-answer-171\" name=\"poll_50\" value=\"171\" \/> <label for=\"poll-answer-171\">Sim<\/label><\/li>\n\t\t<li><input type=\"radio\" id=\"poll-answer-172\" name=\"poll_50\" value=\"172\" \/> <label for=\"poll-answer-172\">N\u00e3o<\/label><\/li>\n\t\t<li><input type=\"radio\" id=\"poll-answer-173\" name=\"poll_50\" value=\"173\" \/> <label for=\"poll-answer-173\">Ainda a decidir<\/label><\/li>\n\t\t<\/ul><p style=\"text-align: center;\"><input type=\"button\" name=\"vote\" value=\"   Vota\u00e7\u00e3o   \" class=\"Buttons\" onclick=\"poll_vote(50);\" \/><\/p><p style=\"text-align: center;\"><a href=\"#ViewPollResults\" onclick=\"poll_result(50); return false;\" title=\"Veja os resultados desta sondagem\">Ver resultados<\/a><\/p><\/div>\n\t<input type=\"hidden\" name=\"trp-form-language\" value=\"pt\"\/><\/form>\n<\/div>\n<div id=\"polls-50-loading\" class=\"wp-polls-loading\"><img decoding=\"async\" src=\"https:\/\/tridenstechnology.com\/wp-content\/plugins\/wp-polls\/images\/loading.gif\" width=\"16\" height=\"16\" alt=\"Carregando ...\" title=\"Carregando ...\" class=\"wp-polls-image\" \/>&nbsp;Carregando ...<\/div>\n\n\n\n\n<div style=\"height:40px\" aria-hidden=\"true\" class=\"wp-block-spacer\"><\/div>\n\n\n\n<p class=\"has-text-color has-link-color wp-elements-20105999d43493487788c61238e7aaba\" style=\"color:#171c46;font-size:36px\"><strong>Lista de eventos de 2026<\/strong><\/p>\n\n\n\n<figure class=\"wp-block-table\"><table class=\"has-fixed-layout\"><thead><tr><th>Nome do evento<\/th><th>Data<\/th><th>Localiza\u00e7\u00e3o <\/th><\/tr><\/thead><tbody><tr><td><a href=\"http:\/\/h-canto-connect\">Canto Connect<\/a><\/td><td>01 de fevereiro - 03 de fevereiro de 2026<\/td><td>Port-of-Spain, Trindade e Tobago<\/td><\/tr><tr><td><a href=\"http:\/\/h-mwc-barcelona\">MWC Barcelona<\/a><\/td><td>02 Mar - 05 Mar 2026<\/td><td>Barcelona, Espanha<\/td><\/tr><tr><td><a href=\"http:\/\/h-connected-america\">Am\u00e9rica conectada<\/a><\/td><td>14 de abril - 15 de abril de 2026<\/td><td>Dallas, EUA<\/td><\/tr><tr><td><a href=\"http:\/\/h-futurenet-world\">Mundo FutureNet<\/a><\/td><td>21 de abril - 22 de abril de 2026<\/td><td>Londres, Reino Unido<\/td><\/tr><tr><td><a href=\"http:\/\/h-conecta-mexico\">Conecta M\u00e9xico<\/a><\/td><td>28 de abril - 29 de abril de 2026<\/td><td>Cidade do M\u00e9xico, M\u00e9xico<\/td><\/tr><tr><td><a href=\"http:\/\/h-mvno-nation-usa\">Na\u00e7\u00e3o MVNO EUA<\/a><\/td><td>28 de abril - 29 de abril de 2026<\/td><td>Fl\u00f3rida, EUA<\/td><\/tr><tr><td><a href=\"http:\/\/h-futurenet-middle-east-amp-africa\">FutureNet M\u00e9dio Oriente e \u00c1frica<\/a><\/td><td>12 de maio - 13 de maio de 2026<\/td><td>Dubai, EAU<\/td><\/tr><tr><td><a href=\"http:\/\/h-network-x-americas\">Rede X Am\u00e9ricas<\/a><\/td><td>18 de maio - 20 de maio de 2026<\/td><td>Dallas, EUA<\/td><\/tr><tr><td><a href=\"http:\/\/h-international-telecoms-week\">Semana Internacional das Telecomunica\u00e7\u00f5es <\/a><\/td><td>19 de maio - 21 de maio de 2026<\/td><td>National Harbor, EUA<\/td><\/tr><tr><td><a href=\"http:\/\/h-mvnos-world\">MVNOs Mundo<\/a><\/td><td>01 Jun - 03 Jun 2026<\/td><td>Amesterd\u00e3o, Pa\u00edses Baixos<\/td><\/tr><tr><td><a href=\"http:\/\/h-mvno-nation-africa\">MVNO Na\u00e7\u00e3o \u00c1frica<\/a><\/td><td>09 Jun - 10 Jun 2026<\/td><td>Cidade do Cabo, \u00c1frica do Sul<\/td><\/tr><tr><td><a href=\"http:\/\/h-mwc-kigali\">MWC Kigali<\/a><\/td><td>16 de junho - 18 de junho de 2026<\/td><td>Kigali, Ruanda<\/td><\/tr><tr><td><a href=\"http:\/\/h-dtw-ignite\">Igni\u00e7\u00e3o DTW<\/a><\/td><td>23 de junho - 25 de junho de 2026<\/td><td>Copenhaga, Dinamarca<\/td><\/tr><tr><td><a href=\"http:\/\/h-mwc-shanghai\">MWC Xangai<\/a><\/td><td>24 de junho - 26 de junho de 2026<\/td><td>Xangai, China<\/td><\/tr><tr><td><a href=\"http:\/\/h-telco-transformation-latam\">Transforma\u00e7\u00e3o de telecomunica\u00e7\u00f5es LATAM<\/a><\/td><td>19 de agosto - 20 de agosto de 2026<\/td><td>Rio de Janeiro, Brasil<\/td><\/tr><tr><td><a href=\"http:\/\/h-itw-africa\">ITW \u00c1frica<\/a><\/td><td>08 de setembro - 10 de setembro de 2026<\/td><td>Nairobi, Qu\u00e9nia<\/td><\/tr><tr><td><a href=\"http:\/\/h-futurenet-asia\">FutureNet \u00c1sia<\/a><\/td><td>23 de setembro - 24 de setembro de 2026<\/td><td>Marina Bay, Singapura<\/td><\/tr><tr><td><a href=\"http:\/\/h-futurecom\">Futurecom<\/a><\/td><td>06 Out - 08 Out 2026<\/td><td>S\u00e3o Paulo, Brasil<\/td><\/tr><tr><td><a href=\"http:\/\/h-network-x\">Rede X<\/a><\/td><td>13 de outubro - 15 de outubro de 2026<\/td><td>Viena, \u00c1ustria<\/td><\/tr><tr><td><a href=\"http:\/\/h-mvno-nation-live\">MVNO Nation Live<\/a><\/td><td>03 Nov - 05 Nov 2026<\/td><td>Alicante, Espanha<\/td><\/tr><tr><td><a href=\"http:\/\/h-futurenet-north-america\">FutureNet Am\u00e9rica do Norte<\/a><\/td><td>04 Nov - 05 Nov 2026<\/td><td>Nova Iorque, EUA<\/td><\/tr><tr><td><a href=\"http:\/\/h-conecta-peru\">Conecta Peru<\/a><\/td><td>10 de novembro - 11 de novembro de 2026<\/td><td>Lima, Peru<\/td><\/tr><tr><td><a href=\"http:\/\/h-africa-tech-festival\">Festival de Tecnologia de \u00c1frica<\/a><\/td><td>16 de novembro - 19 de novembro de 2026<\/td><td>Cidade do Cabo, \u00c1frica do Sul<\/td><\/tr><tr><td><a href=\"http:\/\/h-telecoms-world-asia\">Mundo das telecomunica\u00e7\u00f5es \u00c1sia<\/a><\/td><td>27 de novembro de 2026<\/td><td>Banguecoque, Tail\u00e2ndia<\/td><\/tr><tr><td><a href=\"http:\/\/h-itw-asia\">ITW \u00c1sia<\/a><\/td><td>02 Dez - 03 Dez 2026<\/td><td>Singapura<\/td><\/tr><tr><td><a href=\"http:\/\/h-gitex-global\">GITEX Global<\/a><\/td><td>07 Dez - 11 Dez 2026<\/td><td>Dubai, EAU<\/td><\/tr><\/tbody><\/table><\/figure>\n\n\n\n<div style=\"height:40px\" aria-hidden=\"true\" class=\"wp-block-spacer\"><\/div>\n\n\n\n<h2 class=\"wp-block-heading\" id=\"h-mwc-barcelona\">MWC Barcelona<\/h2>\n\n\n\n<p><strong>Data:<\/strong>&nbsp;02 Mar - 05 Mar 2026<br><strong>Localiza\u00e7\u00e3o:<\/strong>&nbsp;Barcelona, Espanha<\/p>\n\n\n\n<p><br><strong><a href=\"https:\/\/www.mwcbarcelona.com\" target=\"_blank\" rel=\"noreferrer noopener nofollow\">MWC Barcelona<\/a><\/strong> \u00e9 o maior evento global de conetividade, reunindo CSPs, fornecedores, fabricantes de dispositivos e formuladores de pol\u00edticas. \u00c9 onde os roteiros de produtos, as decis\u00f5es de parceria e as narrativas estrat\u00e9gicas para o ano tendem a convergir, e onde estaremos no local para conversas focadas com os l\u00edderes dos CSPs sobre as prioridades de 2026 e as compensa\u00e7\u00f5es de execu\u00e7\u00e3o.<\/p>\n\n\n\n<figure class=\"wp-block-image size-full\"><img fetchpriority=\"high\" decoding=\"async\" width=\"1024\" height=\"300\" src=\"http:\/\/tridenstechnology.com\/wp-content\/uploads\/telco-conferences-mwc-mobile-world-congress-barcelona-2026.webp\" alt=\"banner do evento mwc mobile world congress barcelona 2026\" class=\"wp-image-69927\" srcset=\"https:\/\/d2xqcz296oofyv.cloudfront.net\/wp-content\/uploads\/telco-conferences-mwc-mobile-world-congress-barcelona-2026.webp 1024w, https:\/\/d2xqcz296oofyv.cloudfront.net\/wp-content\/uploads\/telco-conferences-mwc-mobile-world-congress-barcelona-2026-300x88.webp 300w, https:\/\/d2xqcz296oofyv.cloudfront.net\/wp-content\/uploads\/telco-conferences-mwc-mobile-world-congress-barcelona-2026-768x225.webp 768w, https:\/\/d2xqcz296oofyv.cloudfront.net\/wp-content\/uploads\/telco-conferences-mwc-mobile-world-congress-barcelona-2026-18x5.webp 18w\" sizes=\"(max-width: 1024px) 100vw, 1024px\" \/><\/figure>\n\n\n\n<p><strong>Temas principais:<\/strong><\/p>\n\n\n\n<ul class=\"wp-block-list\">\n<li>Seguran\u00e7a e risco da cadeia de abastecimento<\/li>\n\n\n\n<li>5G SA e evolu\u00e7\u00e3o 5G<\/li>\n\n\n\n<li>Nuvem de telecomunica\u00e7\u00f5es e moderniza\u00e7\u00e3o do n\u00facleo<\/li>\n\n\n\n<li>IA nas redes e opera\u00e7\u00f5es<\/li>\n<\/ul>\n\n\n\n<h2 class=\"wp-block-heading\" id=\"h-gitex-global\">GITEX Global<\/h2>\n\n\n\n<p><strong>Data:<\/strong> 07 Dez - 11 Dez 2026<br><strong>Localiza\u00e7\u00e3o:<\/strong> Dubai, EAU<\/p>\n\n\n\n<p><strong><a href=\"https:\/\/www.gitex.com\" target=\"_blank\" rel=\"noreferrer noopener nofollow\">GITEX Global<\/a><\/strong> \u00e9 um dos maiores eventos de tecnologia e transforma\u00e7\u00e3o digital do mundo, com uma forte participa\u00e7\u00e3o de operadores de telecomunica\u00e7\u00f5es, fornecedores de servi\u00e7os de computa\u00e7\u00e3o em nuvem, governos e l\u00edderes tecnol\u00f3gicos empresariais do M\u00e9dio Oriente e dos mercados internacionais.<\/p>\n\n\n\n<figure class=\"wp-block-image size-full\"><img decoding=\"async\" width=\"1024\" height=\"300\" src=\"http:\/\/tridenstechnology.com\/wp-content\/uploads\/telco-conferences-gitex-global-dubai-2026.webp\" alt=\"banner do evento gitex global dubai 2026\" class=\"wp-image-69934\" srcset=\"https:\/\/d2xqcz296oofyv.cloudfront.net\/wp-content\/uploads\/telco-conferences-gitex-global-dubai-2026.webp 1024w, https:\/\/d2xqcz296oofyv.cloudfront.net\/wp-content\/uploads\/telco-conferences-gitex-global-dubai-2026-300x88.webp 300w, https:\/\/d2xqcz296oofyv.cloudfront.net\/wp-content\/uploads\/telco-conferences-gitex-global-dubai-2026-768x225.webp 768w, https:\/\/d2xqcz296oofyv.cloudfront.net\/wp-content\/uploads\/telco-conferences-gitex-global-dubai-2026-18x5.webp 18w\" sizes=\"(max-width: 1024px) 100vw, 1024px\" \/><\/figure>\n\n\n\n<p><strong>Temas principais:<\/strong><\/p>\n\n\n\n<ul class=\"wp-block-list\">\n<li>Parcerias de nuvem de telecomunica\u00e7\u00f5es e hyperscaler<\/li>\n\n\n\n<li>Plataformas de IA e casos de utiliza\u00e7\u00e3o aplicados<\/li>\n\n\n\n<li>5G, redes privadas e computa\u00e7\u00e3o perif\u00e9rica<\/li>\n\n\n\n<li>Governo digital e transforma\u00e7\u00e3o das empresas<\/li>\n<\/ul>\n\n\n\n<h2 class=\"wp-block-heading\" id=\"h-canto-connect\">Canto Connect<\/h2>\n\n\n\n<p><strong>Data:<\/strong>&nbsp;01 de fevereiro - 03 de fevereiro de 2026<br><strong>Localiza\u00e7\u00e3o:<\/strong>&nbsp;Port-of-Spain, Trindade e Tobago<\/p>\n\n\n\n<p><strong><a href=\"https:\/\/www.canto.org\/agm\/\" target=\"_blank\" rel=\"noreferrer noopener nofollow\">Canto Connect<\/a><\/strong>&nbsp;\u00e9 um f\u00f3rum regional de telecomunica\u00e7\u00f5es e TIC para operadores, reguladores e parceiros do ecossistema das Cara\u00edbas. \u00c9 normalmente utilizado para alinhar as prioridades em mat\u00e9ria de conetividade e desenvolvimento digital nos mercados insulares.<\/p>\n\n\n\n<figure class=\"wp-block-image size-full\"><img loading=\"lazy\" decoding=\"async\" width=\"1024\" height=\"300\" src=\"http:\/\/tridenstechnology.com\/wp-content\/uploads\/telco-conferences-canto-connect-2026.webp\" alt=\"faixa do evento canto connect 2026\" class=\"wp-image-69936\" srcset=\"https:\/\/d2xqcz296oofyv.cloudfront.net\/wp-content\/uploads\/telco-conferences-canto-connect-2026.webp 1024w, https:\/\/d2xqcz296oofyv.cloudfront.net\/wp-content\/uploads\/telco-conferences-canto-connect-2026-300x88.webp 300w, https:\/\/d2xqcz296oofyv.cloudfront.net\/wp-content\/uploads\/telco-conferences-canto-connect-2026-768x225.webp 768w, https:\/\/d2xqcz296oofyv.cloudfront.net\/wp-content\/uploads\/telco-conferences-canto-connect-2026-18x5.webp 18w\" sizes=\"(max-width: 1024px) 100vw, 1024px\" \/><\/figure>\n\n\n\n<p><strong>Temas principais:<\/strong><\/p>\n\n\n\n<ul class=\"wp-block-list\">\n<li>Expans\u00e3o regional da banda larga<\/li>\n\n\n\n<li>Alinhamento da regulamenta\u00e7\u00e3o e das pol\u00edticas<\/li>\n\n\n\n<li>Resili\u00eancia e continuidade da rede<\/li>\n\n\n\n<li>Programas p\u00fablico-privados<\/li>\n<\/ul>\n\n\n\n<h2 class=\"wp-block-heading\" id=\"h-connected-america\">Am\u00e9rica conectada<\/h2>\n\n\n\n<p><strong>Data:<\/strong>&nbsp;14 de abril - 15 de abril de 2026<br><strong>Localiza\u00e7\u00e3o:<\/strong>&nbsp;Dallas, EUA<\/p>\n\n\n\n<p><strong><a href=\"https:\/\/www.terrapinn.com\/conference\/connected-america\/index.stm\" target=\"_blank\" rel=\"noreferrer noopener nofollow\">Am\u00e9rica conectada<\/a><\/strong>&nbsp;\u00e9 uma confer\u00eancia centrada nos EUA para l\u00edderes de banda larga que abrange operadores, partes interessadas do sector p\u00fablico e parceiros de infra-estruturas. Concentra-se na execu\u00e7\u00e3o pr\u00e1tica da expans\u00e3o da cobertura e em programas orientados para o financiamento.<\/p>\n\n\n\n<figure class=\"wp-block-image size-full\"><img loading=\"lazy\" decoding=\"async\" width=\"1024\" height=\"300\" src=\"http:\/\/tridenstechnology.com\/wp-content\/uploads\/telco-conferences-connected-america-2026.webp\" alt=\"cartaz do evento connected america 2026\" class=\"wp-image-69912\" srcset=\"https:\/\/d2xqcz296oofyv.cloudfront.net\/wp-content\/uploads\/telco-conferences-connected-america-2026.webp 1024w, https:\/\/d2xqcz296oofyv.cloudfront.net\/wp-content\/uploads\/telco-conferences-connected-america-2026-300x88.webp 300w, https:\/\/d2xqcz296oofyv.cloudfront.net\/wp-content\/uploads\/telco-conferences-connected-america-2026-768x225.webp 768w, https:\/\/d2xqcz296oofyv.cloudfront.net\/wp-content\/uploads\/telco-conferences-connected-america-2026-18x5.webp 18w\" sizes=\"(max-width: 1024px) 100vw, 1024px\" \/><\/figure>\n\n\n\n<p><strong>Temas principais:<\/strong><\/p>\n\n\n\n<ul class=\"wp-block-list\">\n<li>Implanta\u00e7\u00e3o de fibra e FWA<\/li>\n\n\n\n<li>Programas de conetividade rural<\/li>\n\n\n\n<li>Modelos de licenciamento e de implanta\u00e7\u00e3o<\/li>\n\n\n\n<li>Economia de rede<\/li>\n<\/ul>\n\n\n\n<h2 class=\"wp-block-heading\" id=\"h-futurenet-world\">Mundo FutureNet<\/h2>\n\n\n\n<p><strong>Data:<\/strong>&nbsp;21 de abril - 22 de abril de 2026<br><strong>Localiza\u00e7\u00e3o:<\/strong>&nbsp;Londres, Reino Unido<\/p>\n\n\n\n<p><strong><a href=\"https:\/\/futurenetworld.net\" target=\"_blank\" rel=\"noreferrer noopener nofollow\">Mundo FutureNet<\/a><\/strong>&nbsp;\u00e9 um evento de telecomunica\u00e7\u00f5es centrado na automatiza\u00e7\u00e3o da rede e no caminho para as redes aut\u00f3nomas. Foi concebido para organiza\u00e7\u00f5es CTO, engenharia de rede e l\u00edderes de opera\u00e7\u00f5es.<\/p>\n\n\n\n<figure class=\"wp-block-image size-full\"><img loading=\"lazy\" decoding=\"async\" width=\"1024\" height=\"300\" src=\"http:\/\/tridenstechnology.com\/wp-content\/uploads\/telco-conferences-futurenet-world-2026.webp\" alt=\"banner do evento futurenet world 2026\" class=\"wp-image-69919\" srcset=\"https:\/\/d2xqcz296oofyv.cloudfront.net\/wp-content\/uploads\/telco-conferences-futurenet-world-2026.webp 1024w, https:\/\/d2xqcz296oofyv.cloudfront.net\/wp-content\/uploads\/telco-conferences-futurenet-world-2026-300x88.webp 300w, https:\/\/d2xqcz296oofyv.cloudfront.net\/wp-content\/uploads\/telco-conferences-futurenet-world-2026-768x225.webp 768w, https:\/\/d2xqcz296oofyv.cloudfront.net\/wp-content\/uploads\/telco-conferences-futurenet-world-2026-18x5.webp 18w\" sizes=\"(max-width: 1024px) 100vw, 1024px\" \/><\/figure>\n\n\n\n<p><strong>Temas principais:<\/strong><\/p>\n\n\n\n<ul class=\"wp-block-list\">\n<li>Estruturas de automatiza\u00e7\u00e3o de redes<\/li>\n\n\n\n<li>AIOps e garantia<\/li>\n\n\n\n<li>Opera\u00e7\u00f5es em circuito fechado<\/li>\n\n\n\n<li>Rede baseada em inten\u00e7\u00f5es<\/li>\n<\/ul>\n\n\n\n<h2 class=\"wp-block-heading\" id=\"h-conecta-mexico\">Conecta M\u00e9xico<\/h2>\n\n\n\n<p><strong>Data:<\/strong>&nbsp;28 de abril - 29 de abril de 2026<br><strong>Localiza\u00e7\u00e3o:<\/strong>&nbsp;Cidade do M\u00e9xico, M\u00e9xico<\/p>\n\n\n\n<p><strong>Connecta M\u00e9xico<\/strong>&nbsp;\u00e9 um f\u00f3rum de telecomunica\u00e7\u00f5es para l\u00edderes de operadores, reguladores e parceiros tecnol\u00f3gicos no M\u00e9xico. Est\u00e1 orientado para a estrutura do mercado, prioridades de implementa\u00e7\u00e3o e decis\u00f5es de investimento a curto prazo.<\/p>\n\n\n\n<figure class=\"wp-block-image size-full\"><img loading=\"lazy\" decoding=\"async\" width=\"1024\" height=\"300\" src=\"http:\/\/tridenstechnology.com\/wp-content\/uploads\/telco-conferences-telco-transformation-latam-connecta-latam-2026.webp\" alt=\"transforma\u00e7\u00e3o das telecomunica\u00e7\u00f5es latam connecta latam 2026 banner do evento\" class=\"wp-image-69932\" srcset=\"https:\/\/d2xqcz296oofyv.cloudfront.net\/wp-content\/uploads\/telco-conferences-telco-transformation-latam-connecta-latam-2026.webp 1024w, https:\/\/d2xqcz296oofyv.cloudfront.net\/wp-content\/uploads\/telco-conferences-telco-transformation-latam-connecta-latam-2026-300x88.webp 300w, https:\/\/d2xqcz296oofyv.cloudfront.net\/wp-content\/uploads\/telco-conferences-telco-transformation-latam-connecta-latam-2026-768x225.webp 768w, https:\/\/d2xqcz296oofyv.cloudfront.net\/wp-content\/uploads\/telco-conferences-telco-transformation-latam-connecta-latam-2026-18x5.webp 18w\" sizes=\"(max-width: 1024px) 100vw, 1024px\" \/><\/figure>\n\n\n\n<p><strong>Temas principais:<\/strong><\/p>\n\n\n\n<ul class=\"wp-block-list\">\n<li>Perspectivas de implanta\u00e7\u00e3o do 5G<\/li>\n\n\n\n<li>Prioridades de expans\u00e3o da fibra<\/li>\n\n\n\n<li>Concorr\u00eancia e regulamenta\u00e7\u00e3o<\/li>\n\n\n\n<li>Estrat\u00e9gia de servi\u00e7os digitais<\/li>\n<\/ul>\n\n\n\n<h2 class=\"wp-block-heading\" id=\"h-mvno-nation-usa\">Na\u00e7\u00e3o MVNO EUA<\/h2>\n\n\n\n<p><strong>Data:<\/strong>&nbsp;28 de abril - 29 de abril de 2026<br><strong>Localiza\u00e7\u00e3o:<\/strong>&nbsp;Fl\u00f3rida, EUA<\/p>\n\n\n\n<p><strong><a href=\"https:\/\/www.mvnonation.com\/usa\" target=\"_blank\" rel=\"noreferrer noopener nofollow\">Na\u00e7\u00e3o MVNO EUA<\/a><\/strong>&nbsp;\u00e9 um f\u00f3rum comercial e operacional para MVNOs, MNOs anfitri\u00e3s e facilitadores de MVNE\/MVNA. Centra-se no lan\u00e7amento, dimensionamento e economia no ecossistema MVNO dos EUA.<\/p>\n\n\n\n<figure class=\"wp-block-image size-full\"><img loading=\"lazy\" decoding=\"async\" width=\"1024\" height=\"300\" src=\"http:\/\/tridenstechnology.com\/wp-content\/uploads\/telco-conferences-mvno-nation-usa-2026.webp\" alt=\"faixa do evento mvno nation usa 2026\" class=\"wp-image-69925\" srcset=\"https:\/\/d2xqcz296oofyv.cloudfront.net\/wp-content\/uploads\/telco-conferences-mvno-nation-usa-2026.webp 1024w, https:\/\/d2xqcz296oofyv.cloudfront.net\/wp-content\/uploads\/telco-conferences-mvno-nation-usa-2026-300x88.webp 300w, https:\/\/d2xqcz296oofyv.cloudfront.net\/wp-content\/uploads\/telco-conferences-mvno-nation-usa-2026-768x225.webp 768w, https:\/\/d2xqcz296oofyv.cloudfront.net\/wp-content\/uploads\/telco-conferences-mvno-nation-usa-2026-18x5.webp 18w\" sizes=\"(max-width: 1024px) 100vw, 1024px\" \/><\/figure>\n\n\n\n<p>Temas principais:<\/p>\n\n\n\n<ul class=\"wp-block-list\">\n<li>Modelos grossistas e de alojamento<\/li>\n\n\n\n<li>eSIM e distribui\u00e7\u00e3o digital<\/li>\n\n\n\n<li>Economia e reten\u00e7\u00e3o de MVNO<\/li>\n\n\n\n<li>Estrat\u00e9gia de segmento e de marca<\/li>\n<\/ul>\n\n\n\n<h2 class=\"wp-block-heading\" id=\"h-futurenet-middle-east-amp-africa\">FutureNet M\u00e9dio Oriente e \u00c1frica<\/h2>\n\n\n\n<p><strong>Data:<\/strong>&nbsp;12 de maio - 13 de maio de 2026<br><strong>Localiza\u00e7\u00e3o:<\/strong>&nbsp;Dubai, EAU<\/p>\n\n\n\n<p><strong><a href=\"https:\/\/futurenetworld.net\/events\/futurenet-middle-east-north-africa-2026\/\" target=\"_blank\" rel=\"noreferrer noopener nofollow\">FutureNet M\u00e9dio Oriente e \u00c1frica<\/a><\/strong>&nbsp;\u00e9 uma edi\u00e7\u00e3o regional da FutureNet focada na automa\u00e7\u00e3o e na ado\u00e7\u00e3o de IA nos operadores MEA. Ela enfatiza a operacionaliza\u00e7\u00e3o, a governan\u00e7a e os padr\u00f5es reais de implanta\u00e7\u00e3o.<\/p>\n\n\n\n<figure class=\"wp-block-image size-full\"><img loading=\"lazy\" decoding=\"async\" width=\"1024\" height=\"300\" src=\"http:\/\/tridenstechnology.com\/wp-content\/uploads\/telco-conferences-futurenet-middle-east-and-africa-2026.webp\" alt=\"banner do evento futurenet m\u00e9dio oriente e \u00e1frica 2026\" class=\"wp-image-69917\" srcset=\"https:\/\/d2xqcz296oofyv.cloudfront.net\/wp-content\/uploads\/telco-conferences-futurenet-middle-east-and-africa-2026.webp 1024w, https:\/\/d2xqcz296oofyv.cloudfront.net\/wp-content\/uploads\/telco-conferences-futurenet-middle-east-and-africa-2026-300x88.webp 300w, https:\/\/d2xqcz296oofyv.cloudfront.net\/wp-content\/uploads\/telco-conferences-futurenet-middle-east-and-africa-2026-768x225.webp 768w, https:\/\/d2xqcz296oofyv.cloudfront.net\/wp-content\/uploads\/telco-conferences-futurenet-middle-east-and-africa-2026-18x5.webp 18w\" sizes=\"(max-width: 1024px) 100vw, 1024px\" \/><\/figure>\n\n\n\n<p><strong>Temas principais:<\/strong><\/p>\n\n\n\n<ul class=\"wp-block-list\">\n<li>Modelos operacionais de AIOps<\/li>\n\n\n\n<li>Automatiza\u00e7\u00e3o \u00e0 escala<\/li>\n\n\n\n<li>Prepara\u00e7\u00e3o para o n\u00facleo e fatiamento 5G<\/li>\n\n\n\n<li>Seguran\u00e7a e resili\u00eancia<\/li>\n<\/ul>\n\n\n\n<h2 class=\"wp-block-heading\" id=\"h-network-x-americas\">Rede X Am\u00e9ricas<\/h2>\n\n\n\n<p><strong>Data:<\/strong>&nbsp;18 de maio - 20 de maio de 2026<br><strong>Localiza\u00e7\u00e3o:<\/strong>&nbsp;Dallas, EUA<\/p>\n\n\n\n<p><strong><a href=\"https:\/\/tmt.knect365.com\/network-x-americas\/\" target=\"_blank\" rel=\"noreferrer noopener nofollow\">Rede X Am\u00e9ricas<\/a><\/strong> re\u00fane decisores de redes fixas, m\u00f3veis e Wi-Fi em toda a Am\u00e9rica do Norte. Ele foi criado para l\u00edderes que gerenciam a converg\u00eancia entre redes de acesso e nuvem de telecomunica\u00e7\u00f5es.<\/p>\n\n\n\n<figure class=\"wp-block-image size-full\"><img loading=\"lazy\" decoding=\"async\" width=\"1024\" height=\"300\" src=\"http:\/\/tridenstechnology.com\/wp-content\/uploads\/telco-conferences-network-x-americas-2026.webp\" alt=\"faixa do evento network x americas 2026\" class=\"wp-image-69930\" srcset=\"https:\/\/d2xqcz296oofyv.cloudfront.net\/wp-content\/uploads\/telco-conferences-network-x-americas-2026.webp 1024w, https:\/\/d2xqcz296oofyv.cloudfront.net\/wp-content\/uploads\/telco-conferences-network-x-americas-2026-300x88.webp 300w, https:\/\/d2xqcz296oofyv.cloudfront.net\/wp-content\/uploads\/telco-conferences-network-x-americas-2026-768x225.webp 768w, https:\/\/d2xqcz296oofyv.cloudfront.net\/wp-content\/uploads\/telco-conferences-network-x-americas-2026-18x5.webp 18w\" sizes=\"(max-width: 1024px) 100vw, 1024px\" \/><\/figure>\n\n\n\n<p><strong>Temas principais:<\/strong><\/p>\n\n\n\n<ul class=\"wp-block-list\">\n<li>Fibra, FWA e converg\u00eancia de acesso<\/li>\n\n\n\n<li>Evolu\u00e7\u00e3o do 5G e RAN aberta<\/li>\n\n\n\n<li>Estrat\u00e9gia Wi-Fi e descarregamento<\/li>\n\n\n\n<li>Redes de borda e de nuvem<\/li>\n<\/ul>\n\n\n\n<h2 class=\"wp-block-heading\" id=\"h-international-telecoms-week\">Semana Internacional das Telecomunica\u00e7\u00f5es<\/h2>\n\n\n\n<p><strong>Data:<\/strong>&nbsp;19 de maio - 21 de maio de 2026<br><strong>Localiza\u00e7\u00e3o:<\/strong>&nbsp;National Harbor, EUA<\/p>\n\n\n\n<p><strong><a href=\"https:\/\/www.internationaltelecomsweek.com\" target=\"_blank\" rel=\"noreferrer noopener nofollow\">Semana Internacional das Telecomunica\u00e7\u00f5es (ITW)<\/a><\/strong>&nbsp;\u00e9 o evento \u00e2ncora das telecomunica\u00e7\u00f5es grossistas e das infra-estruturas digitais. Destina-se a l\u00edderes respons\u00e1veis pela capacidade internacional, interconex\u00e3o e parcerias de ecossistema.<\/p>\n\n\n\n<figure class=\"wp-block-image size-full\"><img loading=\"lazy\" decoding=\"async\" width=\"1024\" height=\"300\" src=\"http:\/\/tridenstechnology.com\/wp-content\/uploads\/telco-conferences-itw-international-telecoms-week-asia-2026.webp\" alt=\"banner do evento itw international telecoms week asia 2026\" class=\"wp-image-69923\" srcset=\"https:\/\/d2xqcz296oofyv.cloudfront.net\/wp-content\/uploads\/telco-conferences-itw-international-telecoms-week-asia-2026.webp 1024w, https:\/\/d2xqcz296oofyv.cloudfront.net\/wp-content\/uploads\/telco-conferences-itw-international-telecoms-week-asia-2026-300x88.webp 300w, https:\/\/d2xqcz296oofyv.cloudfront.net\/wp-content\/uploads\/telco-conferences-itw-international-telecoms-week-asia-2026-768x225.webp 768w, https:\/\/d2xqcz296oofyv.cloudfront.net\/wp-content\/uploads\/telco-conferences-itw-international-telecoms-week-asia-2026-18x5.webp 18w\" sizes=\"(max-width: 1024px) 100vw, 1024px\" \/><\/figure>\n\n\n\n<p><strong>Temas principais:<\/strong><\/p>\n\n\n\n<ul class=\"wp-block-list\">\n<li>Capacidade grossista e tr\u00e2nsito IP<\/li>\n\n\n\n<li>Rotas submarinas e terrestres<\/li>\n\n\n\n<li>Centros de dados e interconex\u00e3o<\/li>\n\n\n\n<li>Parceiros e estrat\u00e9gia de pre\u00e7os<\/li>\n<\/ul>\n\n\n\n<h2 class=\"wp-block-heading\" id=\"h-mvnos-world\">MVNOs Mundo<\/h2>\n\n\n\n<p><strong>Data:<\/strong>&nbsp;01 Jun - 03 Jun 2026<br><strong>Localiza\u00e7\u00e3o:<\/strong>&nbsp;Amesterd\u00e3o, Pa\u00edses Baixos<\/p>\n\n\n\n<p><strong><a href=\"https:\/\/tmt.knect365.com\/mvnos-world\/\" target=\"_blank\" rel=\"noreferrer noopener nofollow\">MVNOs World (Congresso Mundial de MVNO)<\/a><\/strong>&nbsp;\u00e9 uma confer\u00eancia global de longa dura\u00e7\u00e3o centrada nos modelos de funcionamento das MVNO e no ecossistema de apoio. Trata-se de um f\u00f3rum pr\u00e1tico para l\u00edderes comerciais e propriet\u00e1rios de plataformas.<\/p>\n\n\n\n<figure class=\"wp-block-image size-full\"><img loading=\"lazy\" decoding=\"async\" width=\"1024\" height=\"300\" src=\"http:\/\/tridenstechnology.com\/wp-content\/uploads\/telco-conferences-mvnos-world-mvno-world-congress-2026.webp\" alt=\"banner do evento mvnos world mvno world congress 2026\" class=\"wp-image-69926\" srcset=\"https:\/\/d2xqcz296oofyv.cloudfront.net\/wp-content\/uploads\/telco-conferences-mvnos-world-mvno-world-congress-2026.webp 1024w, https:\/\/d2xqcz296oofyv.cloudfront.net\/wp-content\/uploads\/telco-conferences-mvnos-world-mvno-world-congress-2026-300x88.webp 300w, https:\/\/d2xqcz296oofyv.cloudfront.net\/wp-content\/uploads\/telco-conferences-mvnos-world-mvno-world-congress-2026-768x225.webp 768w, https:\/\/d2xqcz296oofyv.cloudfront.net\/wp-content\/uploads\/telco-conferences-mvnos-world-mvno-world-congress-2026-18x5.webp 18w\" sizes=\"(max-width: 1024px) 100vw, 1024px\" \/><\/figure>\n\n\n\n<p><strong>Temas principais:<\/strong><\/p>\n\n\n\n<ul class=\"wp-block-list\">\n<li>Manuais de lan\u00e7amento de MVNO<\/li>\n\n\n\n<li>Capacita\u00e7\u00e3o da plataforma e do BSS<\/li>\n\n\n\n<li>Impactos da migra\u00e7\u00e3o para o eSIM<\/li>\n\n\n\n<li>Modelos MVNO B2B e IoT<\/li>\n<\/ul>\n\n\n\n<h2 class=\"wp-block-heading\" id=\"h-mvno-nation-africa\">MVNO Na\u00e7\u00e3o \u00c1frica<\/h2>\n\n\n\n<p><strong>Data:<\/strong>&nbsp;09 Jun - 10 Jun 2026<br><strong>Localiza\u00e7\u00e3o:<\/strong>&nbsp;Cidade do Cabo, \u00c1frica do Sul<\/p>\n\n\n\n<p><strong><a href=\"https:\/\/www.mvnonationafrica.com\" target=\"_blank\" rel=\"noreferrer noopener nofollow\">MVNO Na\u00e7\u00e3o \u00c1frica<\/a><\/strong>&nbsp;\u00e9 um encontro direcionado para MVNOs africanos, MNOs anfitri\u00f5es e facilitadores. Aborda a entrada no mercado, a regulamenta\u00e7\u00e3o e as opera\u00e7\u00f5es expans\u00edveis em contextos africanos.<\/p>\n\n\n\n<figure class=\"wp-block-image size-full\"><img loading=\"lazy\" decoding=\"async\" width=\"1024\" height=\"300\" src=\"http:\/\/tridenstechnology.com\/wp-content\/uploads\/telco-conferences-mvno-nation-2026.webp\" alt=\"cartaz do evento mvno nation 2026\" class=\"wp-image-69924\" srcset=\"https:\/\/d2xqcz296oofyv.cloudfront.net\/wp-content\/uploads\/telco-conferences-mvno-nation-2026.webp 1024w, https:\/\/d2xqcz296oofyv.cloudfront.net\/wp-content\/uploads\/telco-conferences-mvno-nation-2026-300x88.webp 300w, https:\/\/d2xqcz296oofyv.cloudfront.net\/wp-content\/uploads\/telco-conferences-mvno-nation-2026-768x225.webp 768w, https:\/\/d2xqcz296oofyv.cloudfront.net\/wp-content\/uploads\/telco-conferences-mvno-nation-2026-18x5.webp 18w\" sizes=\"(max-width: 1024px) 100vw, 1024px\" \/><\/figure>\n\n\n\n<p><strong>Temas principais:<\/strong><\/p>\n\n\n\n<ul class=\"wp-block-list\">\n<li>Quadros regulamentares<\/li>\n\n\n\n<li>Parcerias grossistas<\/li>\n\n\n\n<li>Realidades do pr\u00e9-pagamento e da distribui\u00e7\u00e3o<\/li>\n\n\n\n<li>Diferencia\u00e7\u00e3o MVNO<\/li>\n<\/ul>\n\n\n\n<h2 class=\"wp-block-heading\" id=\"h-mwc-kigali\">MWC Kigali<\/h2>\n\n\n\n<p><strong>Data:<\/strong>&nbsp;16 de junho - 18 de junho de 2026<br><strong>Localiza\u00e7\u00e3o:<\/strong>&nbsp;Kigali, Ruanda<\/p>\n\n\n\n<p><strong><a href=\"https:\/\/www.mwckigali.com\" target=\"_blank\" rel=\"noreferrer noopener nofollow\">MWC Kigali<\/a><\/strong>&nbsp;\u00e9 o evento regional da GSMA para \u00c1frica, reunindo operadores, decisores pol\u00edticos e parceiros tecnol\u00f3gicos. Centra-se no crescimento da conetividade, na inclus\u00e3o digital e no desenvolvimento do mercado.<\/p>\n\n\n\n<figure class=\"wp-block-image size-full\"><img loading=\"lazy\" decoding=\"async\" width=\"1024\" height=\"300\" src=\"http:\/\/tridenstechnology.com\/wp-content\/uploads\/telco-conferences-mwc-mobile-world-congress-kigali-2026.webp\" alt=\"banner do evento mwc mobile world congress kigali 2026\" class=\"wp-image-69940\" srcset=\"https:\/\/d2xqcz296oofyv.cloudfront.net\/wp-content\/uploads\/telco-conferences-mwc-mobile-world-congress-kigali-2026.webp 1024w, https:\/\/d2xqcz296oofyv.cloudfront.net\/wp-content\/uploads\/telco-conferences-mwc-mobile-world-congress-kigali-2026-300x88.webp 300w, https:\/\/d2xqcz296oofyv.cloudfront.net\/wp-content\/uploads\/telco-conferences-mwc-mobile-world-congress-kigali-2026-768x225.webp 768w, https:\/\/d2xqcz296oofyv.cloudfront.net\/wp-content\/uploads\/telco-conferences-mwc-mobile-world-congress-kigali-2026-18x5.webp 18w\" sizes=\"(max-width: 1024px) 100vw, 1024px\" \/><\/figure>\n\n\n\n<p><strong>Temas principais:<\/strong><\/p>\n\n\n\n<ul class=\"wp-block-list\">\n<li>Expans\u00e3o da cobertura e economia<\/li>\n\n\n\n<li>Programas de inclus\u00e3o digital<\/li>\n\n\n\n<li>Dinheiro m\u00f3vel e jogos de plataforma<\/li>\n\n\n\n<li>Parcerias de infra-estruturas<\/li>\n<\/ul>\n\n\n\n<h2 class=\"wp-block-heading\" id=\"h-dtw-ignite\">Igni\u00e7\u00e3o DTW<\/h2>\n\n\n\n<p><strong>Data:<\/strong>&nbsp;23 de junho - 25 de junho de 2026<br><strong>Localiza\u00e7\u00e3o:<\/strong>&nbsp;Copenhaga, Dinamarca<\/p>\n\n\n\n<p><strong><a href=\"https:\/\/www.tmforum.org\/events\/dtw\" target=\"_blank\" rel=\"noreferrer noopener nofollow\">Igni\u00e7\u00e3o DTW<\/a><\/strong>&nbsp;\u00e9 uma confer\u00eancia de transforma\u00e7\u00e3o de telecomunica\u00e7\u00f5es ancorada na colabora\u00e7\u00e3o da ind\u00fastria em estruturas, APIs e modelos operacionais. \u00c9 relevante para os l\u00edderes que impulsionam o OSS\/BSS, a automa\u00e7\u00e3o e a transforma\u00e7\u00e3o empresarial.<\/p>\n\n\n\n<figure class=\"wp-block-image size-full\"><img loading=\"lazy\" decoding=\"async\" width=\"1024\" height=\"300\" src=\"http:\/\/tridenstechnology.com\/wp-content\/uploads\/telco-conferences-dtw-ignite-2026.webp\" alt=\"faixa do evento dtw ignite 2026\" class=\"wp-image-69914\" srcset=\"https:\/\/d2xqcz296oofyv.cloudfront.net\/wp-content\/uploads\/telco-conferences-dtw-ignite-2026.webp 1024w, https:\/\/d2xqcz296oofyv.cloudfront.net\/wp-content\/uploads\/telco-conferences-dtw-ignite-2026-300x88.webp 300w, https:\/\/d2xqcz296oofyv.cloudfront.net\/wp-content\/uploads\/telco-conferences-dtw-ignite-2026-768x225.webp 768w, https:\/\/d2xqcz296oofyv.cloudfront.net\/wp-content\/uploads\/telco-conferences-dtw-ignite-2026-18x5.webp 18w\" sizes=\"(max-width: 1024px) 100vw, 1024px\" \/><\/figure>\n\n\n\n<p><strong>Temas principais:<\/strong><\/p>\n\n\n\n<ul class=\"wp-block-list\">\n<li>Arquitecturas de TI compostas<\/li>\n\n\n\n<li>APIs abertas e interoperabilidade<\/li>\n\n\n\n<li>Pr\u00e1ticas de redes aut\u00f3nomas<\/li>\n\n\n\n<li>Governa\u00e7\u00e3o dos dados e da IA<\/li>\n<\/ul>\n\n\n\n<h2 class=\"wp-block-heading\" id=\"h-mwc-shanghai\">MWC Xangai<\/h2>\n\n\n\n<p><strong>Data:<\/strong>&nbsp;24 de junho - 26 de junho de 2026<br><strong>Localiza\u00e7\u00e3o:<\/strong>&nbsp;Xangai, China<\/p>\n\n\n\n<p><strong><a href=\"https:\/\/www.mwcshanghai.com\" target=\"_blank\" rel=\"noreferrer noopener nofollow\">MWC Xangai<\/a><\/strong> \u00e9 um importante evento sobre conetividade na \u00c1sia-Pac\u00edfico, com uma forte representa\u00e7\u00e3o de intervenientes chineses e regionais. \u00c9 um local pr\u00e1tico para compreender os padr\u00f5es de implanta\u00e7\u00e3o da APAC e a din\u00e2mica do ecossistema.<\/p>\n\n\n\n<figure class=\"wp-block-image size-full\"><img loading=\"lazy\" decoding=\"async\" width=\"1024\" height=\"300\" src=\"http:\/\/tridenstechnology.com\/wp-content\/uploads\/telco-conferences-mwc-mobile-world-congress-shanghai-2026.webp\" alt=\"banner do evento mwc mobile world congress shanghai 2026\" class=\"wp-image-69928\" srcset=\"https:\/\/d2xqcz296oofyv.cloudfront.net\/wp-content\/uploads\/telco-conferences-mwc-mobile-world-congress-shanghai-2026.webp 1024w, https:\/\/d2xqcz296oofyv.cloudfront.net\/wp-content\/uploads\/telco-conferences-mwc-mobile-world-congress-shanghai-2026-300x88.webp 300w, https:\/\/d2xqcz296oofyv.cloudfront.net\/wp-content\/uploads\/telco-conferences-mwc-mobile-world-congress-shanghai-2026-768x225.webp 768w, https:\/\/d2xqcz296oofyv.cloudfront.net\/wp-content\/uploads\/telco-conferences-mwc-mobile-world-congress-shanghai-2026-18x5.webp 18w\" sizes=\"(max-width: 1024px) 100vw, 1024px\" \/><\/figure>\n\n\n\n<p><strong>Temas principais:<\/strong><\/p>\n\n\n\n<ul class=\"wp-block-list\">\n<li>Prioridades 5G-Advanced<\/li>\n\n\n\n<li>Ado\u00e7\u00e3o da IA nas redes<\/li>\n\n\n\n<li>IoT e conetividade industrial<\/li>\n\n\n\n<li>Dispositivos e dire\u00e7\u00e3o do ecossistema<\/li>\n<\/ul>\n\n\n\n<h2 class=\"wp-block-heading\" id=\"h-telco-transformation-latam\">Transforma\u00e7\u00e3o de telecomunica\u00e7\u00f5es LATAM<\/h2>\n\n\n\n<p><strong>Data:<\/strong>&nbsp;19 de agosto - 20 de agosto de 2026<br><strong>Localiza\u00e7\u00e3o:<\/strong>&nbsp;Rio de Janeiro, Brasil<\/p>\n\n\n\n<p><strong><a href=\"https:\/\/www.conecta-latam.com\/telcotransformation\" target=\"_blank\" rel=\"noreferrer noopener nofollow\">Transforma\u00e7\u00e3o de telecomunica\u00e7\u00f5es LATAM<\/a><\/strong>&nbsp;\u00e9 uma confer\u00eancia regional focada na transforma\u00e7\u00e3o de operadoras na Am\u00e9rica Latina. Destina-se a l\u00edderes respons\u00e1veis pela moderniza\u00e7\u00e3o de redes, modelos operacionais e portf\u00f3lios de servi\u00e7os.<\/p>\n\n\n\n<figure class=\"wp-block-image size-full\"><img loading=\"lazy\" decoding=\"async\" width=\"1024\" height=\"300\" src=\"http:\/\/tridenstechnology.com\/wp-content\/uploads\/telco-conferences-telco-transformation-latam-connecta-latam-2026.webp\" alt=\"transforma\u00e7\u00e3o das telecomunica\u00e7\u00f5es latam connecta latam 2026 banner do evento\" class=\"wp-image-69932\" srcset=\"https:\/\/d2xqcz296oofyv.cloudfront.net\/wp-content\/uploads\/telco-conferences-telco-transformation-latam-connecta-latam-2026.webp 1024w, https:\/\/d2xqcz296oofyv.cloudfront.net\/wp-content\/uploads\/telco-conferences-telco-transformation-latam-connecta-latam-2026-300x88.webp 300w, https:\/\/d2xqcz296oofyv.cloudfront.net\/wp-content\/uploads\/telco-conferences-telco-transformation-latam-connecta-latam-2026-768x225.webp 768w, https:\/\/d2xqcz296oofyv.cloudfront.net\/wp-content\/uploads\/telco-conferences-telco-transformation-latam-connecta-latam-2026-18x5.webp 18w\" sizes=\"(max-width: 1024px) 100vw, 1024px\" \/><\/figure>\n\n\n\n<p><strong>Temas principais:<\/strong><\/p>\n\n\n\n<ul class=\"wp-block-list\">\n<li>Execu\u00e7\u00e3o e rentabiliza\u00e7\u00e3o do 5G<\/li>\n\n\n\n<li>Dimensionamento da fibra e da espinha dorsal<\/li>\n\n\n\n<li>Automatiza\u00e7\u00e3o e efici\u00eancia<\/li>\n\n\n\n<li>Risco de seguran\u00e7a e fraude<\/li>\n<\/ul>\n\n\n\n<h2 class=\"wp-block-heading\" id=\"h-itw-africa\">ITW \u00c1frica<\/h2>\n\n\n\n<p><strong>Data:<\/strong>&nbsp;08 de setembro - 10 de setembro de 2026<br><strong>Localiza\u00e7\u00e3o:<\/strong>&nbsp;Nairobi, Qu\u00e9nia<\/p>\n\n\n\n<p><strong><a href=\"https:\/\/www.internationaltelecomsweekafrica.com\" target=\"_blank\" rel=\"noreferrer noopener nofollow\">ITW \u00c1frica<\/a><\/strong>&nbsp;re\u00fane a comunidade da conetividade grossista, com especial incid\u00eancia na constru\u00e7\u00e3o de infra-estruturas em \u00c1frica. Foi concebido para os intervenientes internacionais e regionais que gerem a capacidade e a interliga\u00e7\u00e3o.<\/p>\n\n\n\n<figure class=\"wp-block-image size-full\"><img loading=\"lazy\" decoding=\"async\" width=\"1024\" height=\"300\" src=\"http:\/\/tridenstechnology.com\/wp-content\/uploads\/telco-conferences-itw-international-telecoms-week-africa-2026.webp\" alt=\"banner do evento itw international telecoms week africa 2026\" class=\"wp-image-69922\" srcset=\"https:\/\/d2xqcz296oofyv.cloudfront.net\/wp-content\/uploads\/telco-conferences-itw-international-telecoms-week-africa-2026.webp 1024w, https:\/\/d2xqcz296oofyv.cloudfront.net\/wp-content\/uploads\/telco-conferences-itw-international-telecoms-week-africa-2026-300x88.webp 300w, https:\/\/d2xqcz296oofyv.cloudfront.net\/wp-content\/uploads\/telco-conferences-itw-international-telecoms-week-africa-2026-768x225.webp 768w, https:\/\/d2xqcz296oofyv.cloudfront.net\/wp-content\/uploads\/telco-conferences-itw-international-telecoms-week-africa-2026-18x5.webp 18w\" sizes=\"(max-width: 1024px) 100vw, 1024px\" \/><\/figure>\n\n\n\n<p><strong>Temas principais:<\/strong><\/p>\n\n\n\n<ul class=\"wp-block-list\">\n<li>Fibra submarina e transfronteiri\u00e7a<\/li>\n\n\n\n<li>Interconex\u00e3o e crescimento IX<\/li>\n\n\n\n<li>Ecossistema de centros de dados<\/li>\n\n\n\n<li>Localiza\u00e7\u00e3o de nuvens e conte\u00fados<\/li>\n<\/ul>\n\n\n\n<h2 class=\"wp-block-heading\" id=\"h-futurenet-asia\">FutureNet \u00c1sia<\/h2>\n\n\n\n<p><strong>Data:<\/strong>&nbsp;23 de setembro - 24 de setembro de 2026<br><strong>Localiza\u00e7\u00e3o:<\/strong>&nbsp;Marina Bay, Singapura<\/p>\n\n\n\n<p><strong><a href=\"https:\/\/futurenetworld.net\/events\/futurenet-asia-2026\/\" target=\"_blank\" rel=\"noreferrer noopener nofollow\">FutureNet \u00c1sia<\/a><\/strong>&nbsp;\u00e9 a edi\u00e7\u00e3o APAC da s\u00e9rie FutureNet centrada na automa\u00e7\u00e3o e IA para redes de telecomunica\u00e7\u00f5es. \u00c9 orientada para l\u00edderes encarregados de escalar opera\u00e7\u00f5es e melhorar o desempenho por meio de software.<\/p>\n\n\n\n<figure class=\"wp-block-image size-full\"><img loading=\"lazy\" decoding=\"async\" width=\"1024\" height=\"300\" src=\"http:\/\/tridenstechnology.com\/wp-content\/uploads\/telco-conferences-futurenet-asia-2026.webp\" alt=\"banner do evento futurenet asia 2026\" class=\"wp-image-69916\" srcset=\"https:\/\/d2xqcz296oofyv.cloudfront.net\/wp-content\/uploads\/telco-conferences-futurenet-asia-2026.webp 1024w, https:\/\/d2xqcz296oofyv.cloudfront.net\/wp-content\/uploads\/telco-conferences-futurenet-asia-2026-300x88.webp 300w, https:\/\/d2xqcz296oofyv.cloudfront.net\/wp-content\/uploads\/telco-conferences-futurenet-asia-2026-768x225.webp 768w, https:\/\/d2xqcz296oofyv.cloudfront.net\/wp-content\/uploads\/telco-conferences-futurenet-asia-2026-18x5.webp 18w\" sizes=\"(max-width: 1024px) 100vw, 1024px\" \/><\/figure>\n\n\n\n<p><strong>Temas principais:<\/strong><\/p>\n\n\n\n<ul class=\"wp-block-list\">\n<li>AIOps e garantia<\/li>\n\n\n\n<li>Ferramentas de automatiza\u00e7\u00e3o e governa\u00e7\u00e3o<\/li>\n\n\n\n<li>Evolu\u00e7\u00e3o do n\u00facleo 5G<\/li>\n\n\n\n<li>Integra\u00e7\u00e3o da borda e da nuvem<\/li>\n<\/ul>\n\n\n\n<h2 class=\"wp-block-heading\" id=\"h-futurecom\">Futurecom<\/h2>\n\n\n\n<p><strong>Data:<\/strong>&nbsp;06 Out - 08 Out 2026<br><strong>Localiza\u00e7\u00e3o:<\/strong>&nbsp;S\u00e3o Paulo, Brasil<\/p>\n\n\n\n<p><strong><a href=\"https:\/\/www.futurecom.com.br\/en\/home.html\" target=\"_blank\" rel=\"noreferrer noopener nofollow\">Futurecom<\/a><\/strong> \u00e9 um importante evento latino-americano que abrange telecomunica\u00e7\u00f5es, TI e transforma\u00e7\u00e3o digital em todos os setores. Ele \u00e9 usado por operadoras e compradores corporativos para avaliar a implanta\u00e7\u00e3o pr\u00e1tica de tecnologia e parcerias.<\/p>\n\n\n\n<figure class=\"wp-block-image size-full\"><img loading=\"lazy\" decoding=\"async\" width=\"1024\" height=\"300\" src=\"http:\/\/tridenstechnology.com\/wp-content\/uploads\/telco-conferences-futurecom-2026.webp\" alt=\"faixa do evento futurecom 2026\" class=\"wp-image-69915\" srcset=\"https:\/\/d2xqcz296oofyv.cloudfront.net\/wp-content\/uploads\/telco-conferences-futurecom-2026.webp 1024w, https:\/\/d2xqcz296oofyv.cloudfront.net\/wp-content\/uploads\/telco-conferences-futurecom-2026-300x88.webp 300w, https:\/\/d2xqcz296oofyv.cloudfront.net\/wp-content\/uploads\/telco-conferences-futurecom-2026-768x225.webp 768w, https:\/\/d2xqcz296oofyv.cloudfront.net\/wp-content\/uploads\/telco-conferences-futurecom-2026-18x5.webp 18w\" sizes=\"(max-width: 1024px) 100vw, 1024px\" \/><\/figure>\n\n\n\n<p><strong>Temas principais:<\/strong><\/p>\n\n\n\n<ul class=\"wp-block-list\">\n<li>5G e conetividade empresarial<\/li>\n\n\n\n<li>IoT e solu\u00e7\u00f5es verticais<\/li>\n\n\n\n<li>Nuvem e ciberseguran\u00e7a<\/li>\n\n\n\n<li>Estudos de casos de transforma\u00e7\u00e3o digital<\/li>\n<\/ul>\n\n\n\n<h2 class=\"wp-block-heading\" id=\"h-network-x\">Rede X<\/h2>\n\n\n\n<p><strong>Data:<\/strong>&nbsp;13 de outubro - 15 de outubro de 2026<br><strong>Localiza\u00e7\u00e3o:<\/strong>&nbsp;Viena, \u00c1ustria<\/p>\n\n\n\n<p><strong><a href=\"https:\/\/networkxevent.com\" target=\"_blank\" rel=\"noreferrer noopener nofollow\">Rede X<\/a><\/strong>&nbsp;\u00e9 uma confer\u00eancia europeia de telecomunica\u00e7\u00f5es que abrange a estrat\u00e9gia, a moderniza\u00e7\u00e3o e a converg\u00eancia de redes fixas e m\u00f3veis. \u00c9 relevante para os decisores que est\u00e3o a definir os roteiros de acesso, transporte e nuvem das telecomunica\u00e7\u00f5es.<\/p>\n\n\n\n<figure class=\"wp-block-image size-full\"><img loading=\"lazy\" decoding=\"async\" width=\"1024\" height=\"300\" src=\"http:\/\/tridenstechnology.com\/wp-content\/uploads\/telco-conferences-network-x-2026.webp\" alt=\"banner do evento network x 2026\" class=\"wp-image-69929\" srcset=\"https:\/\/d2xqcz296oofyv.cloudfront.net\/wp-content\/uploads\/telco-conferences-network-x-2026.webp 1024w, https:\/\/d2xqcz296oofyv.cloudfront.net\/wp-content\/uploads\/telco-conferences-network-x-2026-300x88.webp 300w, https:\/\/d2xqcz296oofyv.cloudfront.net\/wp-content\/uploads\/telco-conferences-network-x-2026-768x225.webp 768w, https:\/\/d2xqcz296oofyv.cloudfront.net\/wp-content\/uploads\/telco-conferences-network-x-2026-18x5.webp 18w\" sizes=\"(max-width: 1024px) 100vw, 1024px\" \/><\/figure>\n\n\n\n<p><strong>Temas principais:<\/strong><\/p>\n\n\n\n<ul class=\"wp-block-list\">\n<li>Estrat\u00e9gias de implanta\u00e7\u00e3o da fibra<\/li>\n\n\n\n<li>Evolu\u00e7\u00e3o e roteiros 5G<\/li>\n\n\n\n<li>Nuvem e periferia de telecomunica\u00e7\u00f5es<\/li>\n\n\n\n<li>IA para opera\u00e7\u00f5es de rede<\/li>\n<\/ul>\n\n\n\n<h2 class=\"wp-block-heading\" id=\"h-mvno-nation-live\">MVNO Nation Live <\/h2>\n\n\n\n<p><strong>Data:<\/strong>&nbsp;03 Nov - 05 Nov 2026<br><strong>Localiza\u00e7\u00e3o:<\/strong>&nbsp;Alicante, Espanha<\/p>\n\n\n\n<p><strong><a href=\"https:\/\/www.mvnonationlive.com\" target=\"_blank\" rel=\"noreferrer noopener nofollow\">MVNO Nation Live<\/a><\/strong>&nbsp;\u00e9 um encontro global de MVNO constru\u00eddo em torno do interc\u00e2mbio pr\u00e1tico entre pares e do alinhamento do ecossistema. Re\u00fane l\u00edderes de MVNO, MNOs anfitri\u00e3s e facilitadores de fun\u00e7\u00f5es comerciais e de produtos.<\/p>\n\n\n\n<figure class=\"wp-block-image size-full\"><img loading=\"lazy\" decoding=\"async\" width=\"1024\" height=\"300\" src=\"http:\/\/tridenstechnology.com\/wp-content\/uploads\/telco-conferences-mvno-nation-2026.webp\" alt=\"cartaz do evento mvno nation 2026\" class=\"wp-image-69924\" srcset=\"https:\/\/d2xqcz296oofyv.cloudfront.net\/wp-content\/uploads\/telco-conferences-mvno-nation-2026.webp 1024w, https:\/\/d2xqcz296oofyv.cloudfront.net\/wp-content\/uploads\/telco-conferences-mvno-nation-2026-300x88.webp 300w, https:\/\/d2xqcz296oofyv.cloudfront.net\/wp-content\/uploads\/telco-conferences-mvno-nation-2026-768x225.webp 768w, https:\/\/d2xqcz296oofyv.cloudfront.net\/wp-content\/uploads\/telco-conferences-mvno-nation-2026-18x5.webp 18w\" sizes=\"(max-width: 1024px) 100vw, 1024px\" \/><\/figure>\n\n\n\n<p><strong>Temas principais:<\/strong><\/p>\n\n\n\n<ul class=\"wp-block-list\">\n<li>Acordos grossistas e pre\u00e7os<\/li>\n\n\n\n<li>Crescimento e integra\u00e7\u00e3o do eSIM<\/li>\n\n\n\n<li>Reten\u00e7\u00e3o e rentabilidade<\/li>\n\n\n\n<li>Oportunidades B2B e IoT<\/li>\n<\/ul>\n\n\n\n<h2 class=\"wp-block-heading\" id=\"h-futurenet-north-america\">FutureNet Am\u00e9rica do Norte<\/h2>\n\n\n\n<p><strong>Data:<\/strong>&nbsp;04 Nov - 05 Nov 2026<br><strong>Localiza\u00e7\u00e3o:<\/strong>&nbsp;Nova Iorque, EUA<\/p>\n\n\n\n<p><strong><a href=\"https:\/\/futurenetworld.net\/events\/futurenet-north-america-2026\/\" target=\"_blank\" rel=\"noreferrer noopener nofollow\">FutureNet Am\u00e9rica do Norte<\/a><\/strong>&nbsp;centra-se na automatiza\u00e7\u00e3o da rede e na IA no contexto dos operadores dos EUA e do Canad\u00e1. Destina-se a l\u00edderes de engenharia e opera\u00e7\u00f5es que traduzem a ambi\u00e7\u00e3o de automa\u00e7\u00e3o em execu\u00e7\u00e3o repet\u00edvel.<\/p>\n\n\n\n<figure class=\"wp-block-image size-full\"><img loading=\"lazy\" decoding=\"async\" width=\"1024\" height=\"300\" src=\"http:\/\/tridenstechnology.com\/wp-content\/uploads\/telco-conferences-futurenet-north-america-2026.webp\" alt=\"banner do evento futurenet north america 2026\" class=\"wp-image-69918\" srcset=\"https:\/\/d2xqcz296oofyv.cloudfront.net\/wp-content\/uploads\/telco-conferences-futurenet-north-america-2026.webp 1024w, https:\/\/d2xqcz296oofyv.cloudfront.net\/wp-content\/uploads\/telco-conferences-futurenet-north-america-2026-300x88.webp 300w, https:\/\/d2xqcz296oofyv.cloudfront.net\/wp-content\/uploads\/telco-conferences-futurenet-north-america-2026-768x225.webp 768w, https:\/\/d2xqcz296oofyv.cloudfront.net\/wp-content\/uploads\/telco-conferences-futurenet-north-america-2026-18x5.webp 18w\" sizes=\"(max-width: 1024px) 100vw, 1024px\" \/><\/figure>\n\n\n\n<p><strong>Temas principais:<\/strong><\/p>\n\n\n\n<ul class=\"wp-block-list\">\n<li>Padr\u00f5es de implementa\u00e7\u00e3o da AIOps<\/li>\n\n\n\n<li>Garantia em circuito fechado<\/li>\n\n\n\n<li>Rede nativa da nuvem<\/li>\n\n\n\n<li>Transforma\u00e7\u00e3o operacional<\/li>\n<\/ul>\n\n\n\n<h2 class=\"wp-block-heading\" id=\"h-conecta-peru\">Conecta Peru<\/h2>\n\n\n\n<p><strong>Data:<\/strong>&nbsp;10 de novembro - 11 de novembro de 2026<br><strong>Localiza\u00e7\u00e3o:<\/strong>&nbsp;Lima, Peru<\/p>\n\n\n\n<p><strong><a href=\"https:\/\/www.conecta-latam.com\/peru\" target=\"_blank\" rel=\"noreferrer noopener nofollow\">Connecta Peru<\/a><\/strong>&nbsp;\u00e9 um f\u00f3rum de telecomunica\u00e7\u00f5es para o mercado peruano que re\u00fane operadores, reguladores e parceiros tecnol\u00f3gicos. Centra-se nas prioridades de implanta\u00e7\u00e3o e nas restri\u00e7\u00f5es pr\u00e1ticas da geografia e da infraestrutura.<\/p>\n\n\n\n<figure class=\"wp-block-image size-full\"><img loading=\"lazy\" decoding=\"async\" width=\"1024\" height=\"300\" src=\"http:\/\/tridenstechnology.com\/wp-content\/uploads\/telco-conferences-connecta-peru-2026.webp\" alt=\"banner do evento connecta peru 2026\" class=\"wp-image-69937\" srcset=\"https:\/\/d2xqcz296oofyv.cloudfront.net\/wp-content\/uploads\/telco-conferences-connecta-peru-2026.webp 1024w, https:\/\/d2xqcz296oofyv.cloudfront.net\/wp-content\/uploads\/telco-conferences-connecta-peru-2026-300x88.webp 300w, https:\/\/d2xqcz296oofyv.cloudfront.net\/wp-content\/uploads\/telco-conferences-connecta-peru-2026-768x225.webp 768w, https:\/\/d2xqcz296oofyv.cloudfront.net\/wp-content\/uploads\/telco-conferences-connecta-peru-2026-18x5.webp 18w\" sizes=\"(max-width: 1024px) 100vw, 1024px\" \/><\/figure>\n\n\n\n<p><strong>Temas principais:<\/strong><\/p>\n\n\n\n<ul class=\"wp-block-list\">\n<li>Planos de expans\u00e3o da fibra e da espinha dorsal<\/li>\n\n\n\n<li>Calend\u00e1rio e pr\u00e9-requisitos da 5G<\/li>\n\n\n\n<li>Modelos de cobertura rural<\/li>\n\n\n\n<li>Prioridades de seguran\u00e7a da rede<\/li>\n<\/ul>\n\n\n\n<h2 class=\"wp-block-heading\" id=\"h-africa-tech-festival\">Festival de Tecnologia de \u00c1frica<\/h2>\n\n\n\n<p><strong>Data:<\/strong>&nbsp;16 de novembro - 19 de novembro de 2026<br><strong>Localiza\u00e7\u00e3o:<\/strong>&nbsp;Cidade do Cabo, \u00c1frica do Sul<\/p>\n\n\n\n<p><strong><a href=\"https:\/\/africatechfestival.com\" target=\"_blank\" rel=\"noreferrer noopener nofollow\">Festival de Tecnologia de \u00c1frica<\/a><\/strong> \u00e9 um grande evento regional em que as telecomunica\u00e7\u00f5es se cruzam com a tecnologia e a pol\u00edtica empresarial mais alargadas. \u00c9 uma plataforma para os operadores e os intervenientes no ecossistema digital alinharem o crescimento do mercado e as parcerias.<\/p>\n\n\n\n<figure class=\"wp-block-image size-full\"><img loading=\"lazy\" decoding=\"async\" width=\"1024\" height=\"300\" src=\"http:\/\/tridenstechnology.com\/wp-content\/uploads\/telco-conferences-africa-tech-festival-2026.webp\" alt=\"banner do evento africa tech festival 2026\" class=\"wp-image-69909\" srcset=\"https:\/\/d2xqcz296oofyv.cloudfront.net\/wp-content\/uploads\/telco-conferences-africa-tech-festival-2026.webp 1024w, https:\/\/d2xqcz296oofyv.cloudfront.net\/wp-content\/uploads\/telco-conferences-africa-tech-festival-2026-300x88.webp 300w, https:\/\/d2xqcz296oofyv.cloudfront.net\/wp-content\/uploads\/telco-conferences-africa-tech-festival-2026-768x225.webp 768w, https:\/\/d2xqcz296oofyv.cloudfront.net\/wp-content\/uploads\/telco-conferences-africa-tech-festival-2026-18x5.webp 18w\" sizes=\"(max-width: 1024px) 100vw, 1024px\" \/><\/figure>\n\n\n\n<p><strong>Temas principais:<\/strong><\/p>\n\n\n\n<ul class=\"wp-block-list\">\n<li>Prioridades de investimento na conetividade<\/li>\n\n\n\n<li>Debates sobre a pol\u00edtica e o espetro<\/li>\n\n\n\n<li>Ecossistemas de plataformas e fintechs<\/li>\n\n\n\n<li>Ciberseguran\u00e7a e resili\u00eancia<\/li>\n<\/ul>\n\n\n\n<h2 class=\"wp-block-heading\" id=\"h-telecoms-world-asia-nbsp\">Mundo das telecomunica\u00e7\u00f5es \u00c1sia&nbsp;<\/h2>\n\n\n\n<p><strong>Data:<\/strong>&nbsp;27 de novembro de 2026<br><strong>Localiza\u00e7\u00e3o:<\/strong>&nbsp;Banguecoque, Tail\u00e2ndia<\/p>\n\n\n\n<p><strong><a href=\"https:\/\/www.terrapinn.com\/conference\/telecoms-world-asia\/index.stm\" target=\"_blank\" rel=\"noreferrer noopener nofollow\">Telecom World \u00c1sia<\/a><\/strong>&nbsp;\u00e9 uma confer\u00eancia regional de telecomunica\u00e7\u00f5es para l\u00edderes de operadores e parceiros do ecossistema da APAC. Foi concebida para traduzir a estrat\u00e9gia digital e de rede em prioridades de execu\u00e7\u00e3o em diversos mercados asi\u00e1ticos e estar\u00e1 no local para trocar perspectivas sobre os modelos operacionais dos operadores, a sequ\u00eancia de moderniza\u00e7\u00e3o e as realidades da monetiza\u00e7\u00e3o na APAC.<\/p>\n\n\n\n<figure class=\"wp-block-image size-full\"><img loading=\"lazy\" decoding=\"async\" width=\"1024\" height=\"300\" src=\"http:\/\/tridenstechnology.com\/wp-content\/uploads\/telco-conferences-twa-telecoms-world-asia-2026.webp\" alt=\"cartaz do evento twa telecoms world asia 2026\" class=\"wp-image-69933\" srcset=\"https:\/\/d2xqcz296oofyv.cloudfront.net\/wp-content\/uploads\/telco-conferences-twa-telecoms-world-asia-2026.webp 1024w, https:\/\/d2xqcz296oofyv.cloudfront.net\/wp-content\/uploads\/telco-conferences-twa-telecoms-world-asia-2026-300x88.webp 300w, https:\/\/d2xqcz296oofyv.cloudfront.net\/wp-content\/uploads\/telco-conferences-twa-telecoms-world-asia-2026-768x225.webp 768w, https:\/\/d2xqcz296oofyv.cloudfront.net\/wp-content\/uploads\/telco-conferences-twa-telecoms-world-asia-2026-18x5.webp 18w\" sizes=\"(max-width: 1024px) 100vw, 1024px\" \/><\/figure>\n\n\n\n<p><strong>Temas principais:<\/strong><\/p>\n\n\n\n<ul class=\"wp-block-list\">\n<li>Prioridades de moderniza\u00e7\u00e3o da rede<\/li>\n\n\n\n<li>Servi\u00e7os digitais e monetiza\u00e7\u00e3o<\/li>\n\n\n\n<li>Parcerias e estrat\u00e9gia de ecossistema<\/li>\n\n\n\n<li>Experi\u00eancia do cliente e dados<\/li>\n<\/ul>\n\n\n\n<h2 class=\"wp-block-heading\" id=\"h-itw-asia\">ITW \u00c1sia<\/h2>\n\n\n\n<p><strong>Data:<\/strong>&nbsp;02 Dez - 03 Dez 2026<br><strong>Localiza\u00e7\u00e3o:<\/strong>&nbsp;Singapura<\/p>\n\n\n\n<p><strong><a href=\"https:\/\/internationaltelecomsweekasia.com\" target=\"_blank\" rel=\"noreferrer noopener nofollow\">ITW \u00c1sia<\/a><\/strong>&nbsp;\u00e9 um f\u00f3rum sobre conetividade grossista e infra-estruturas digitais ancorado nos mercados da APAC. Destina-se aos l\u00edderes respons\u00e1veis pela capacidade internacional, estrat\u00e9gia de interliga\u00e7\u00e3o e parcerias de infra-estruturas.<\/p>\n\n\n\n<figure class=\"wp-block-image size-full\"><img loading=\"lazy\" decoding=\"async\" width=\"1024\" height=\"300\" src=\"http:\/\/tridenstechnology.com\/wp-content\/uploads\/telco-conferences-itw-international-telecoms-week-asia-2026.webp\" alt=\"banner do evento itw international telecoms week asia 2026\" class=\"wp-image-69923\" srcset=\"https:\/\/d2xqcz296oofyv.cloudfront.net\/wp-content\/uploads\/telco-conferences-itw-international-telecoms-week-asia-2026.webp 1024w, https:\/\/d2xqcz296oofyv.cloudfront.net\/wp-content\/uploads\/telco-conferences-itw-international-telecoms-week-asia-2026-300x88.webp 300w, https:\/\/d2xqcz296oofyv.cloudfront.net\/wp-content\/uploads\/telco-conferences-itw-international-telecoms-week-asia-2026-768x225.webp 768w, https:\/\/d2xqcz296oofyv.cloudfront.net\/wp-content\/uploads\/telco-conferences-itw-international-telecoms-week-asia-2026-18x5.webp 18w\" sizes=\"(max-width: 1024px) 100vw, 1024px\" \/><\/figure>\n\n\n\n<p><strong>Temas principais:<\/strong><\/p>\n\n\n\n<ul class=\"wp-block-list\">\n<li>Capacidade grossista e encaminhamento<\/li>\n\n\n\n<li>Interliga\u00e7\u00e3o e peering<\/li>\n\n\n\n<li>Centros de dados e adjac\u00eancia da nuvem<\/li>\n\n\n\n<li>Planeamento da resili\u00eancia e da redund\u00e2ncia<\/li>\n<\/ul>\n\n\n\n<p class=\"has-text-color has-link-color wp-elements-a1c3337365dafbd5345dd52deff07b33\" style=\"color:#171c46;font-size:36px\"><strong>Conclus\u00e3o<\/strong><\/p>\n\n\n\n<p>A participa\u00e7\u00e3o nestes 25 eventos de telecomunica\u00e7\u00f5es \u00e9 fundamental para os l\u00edderes de telecomunica\u00e7\u00f5es que procuram uma visibilidade antecipada das mudan\u00e7as no mercado, da orienta\u00e7\u00e3o regulamentar e dos padr\u00f5es de execu\u00e7\u00e3o.<\/p>\n\n\n\n<p>Estes f\u00f3runs continuam a ser o cen\u00e1rio mais eficaz para a cria\u00e7\u00e3o de parcerias entre operadores e ecossistemas, em que decis\u00f5es complexas beneficiam de um di\u00e1logo direto e t\u00e9cnico.<\/p>\n\n\n\n<p>Aguardamos com expetativa o reencontro com os colegas da ind\u00fastria e a troca de perspectivas sobre a pr\u00f3xima fase do sector.<\/p>","protected":false},"excerpt":{"rendered":"<p>Descubra as principais confer\u00eancias de telecomunica\u00e7\u00f5es a que deve assistir e receba actualiza\u00e7\u00f5es sobre as tend\u00eancias das telecomunica\u00e7\u00f5es, inova\u00e7\u00f5es e oportunidades de estabelecimento de redes.<\/p>","protected":false},"author":9,"featured_media":69935,"comment_status":"open","ping_status":"open","sticky":false,"template":"","format":"standard","meta":{"footnotes":""},"categories":[16],"tags":[],"class_list":["post-45934","post","type-post","status-publish","format-standard","has-post-thumbnail","hentry","category-news","category-16","description-off"],"yoast_head":"<!-- This site is optimized with the Yoast SEO Premium plugin v27.4 (Yoast SEO v27.4) - https:\/\/yoast.com\/product\/yoast-seo-premium-wordpress\/ -->\n<title>Top Telco Events, Exhibitions, and Conferences in 2026 - Tridens<\/title>\n<meta name=\"description\" content=\"Discover top telco conferences in 2026 to attend and get updates on telecommunications trends, innovations, and networking opportunities.\" \/>\n<meta name=\"robots\" content=\"index, follow, max-snippet:-1, max-image-preview:large, max-video-preview:-1\" \/>\n<link rel=\"canonical\" href=\"https:\/\/tridenstechnology.com\/pt\/conferencias-de-telecomunicacoes\/\" \/>\n<meta property=\"og:locale\" content=\"pt_PT\" \/>\n<meta property=\"og:type\" content=\"article\" \/>\n<meta property=\"og:title\" content=\"Top Telco Events, Exhibitions, and Conferences in 2026\" \/>\n<meta property=\"og:description\" content=\"Discover top telco conferences in 2026 to attend and get updates on telecommunications trends, innovations, and networking opportunities.\" \/>\n<meta property=\"og:url\" content=\"https:\/\/tridenstechnology.com\/pt\/conferencias-de-telecomunicacoes\/\" \/>\n<meta property=\"og:site_name\" content=\"Tridens\" \/>\n<meta property=\"article:publisher\" content=\"https:\/\/www.facebook.com\/tridenstechnology\" \/>\n<meta property=\"article:published_time\" content=\"2026-01-12T13:27:06+00:00\" \/>\n<meta property=\"article:modified_time\" content=\"2026-03-24T14:12:52+00:00\" \/>\n<meta property=\"og:image\" content=\"https:\/\/tridenstechnology.com\/wp-content\/uploads\/telco-conferences-2.webp\" \/>\n\t<meta property=\"og:image:width\" content=\"1024\" \/>\n\t<meta property=\"og:image:height\" content=\"498\" \/>\n\t<meta property=\"og:image:type\" content=\"image\/webp\" \/>\n<meta name=\"author\" content=\"\u017diga Lesjak\" \/>\n<meta name=\"twitter:card\" content=\"summary_large_image\" \/>\n<meta name=\"twitter:creator\" content=\"@TridensTech\" \/>\n<meta name=\"twitter:site\" content=\"@TridensTech\" \/>\n<meta name=\"twitter:label1\" content=\"Escrito por\" \/>\n\t<meta name=\"twitter:data1\" content=\"\u017diga Lesjak\" \/>\n\t<meta name=\"twitter:label2\" content=\"Tempo estimado de leitura\" \/>\n\t<meta name=\"twitter:data2\" content=\"15 minutos\" \/>\n<!-- \/ Yoast SEO Premium plugin. -->","yoast_head_json":{"title":"Principais eventos, exposi\u00e7\u00f5es e confer\u00eancias de telecomunica\u00e7\u00f5es em 2026 - Tridens","description":"Descubra as principais confer\u00eancias de telecomunica\u00e7\u00f5es em 2026 para participar e obter actualiza\u00e7\u00f5es sobre as tend\u00eancias, inova\u00e7\u00f5es e oportunidades de networking das telecomunica\u00e7\u00f5es.","robots":{"index":"index","follow":"follow","max-snippet":"max-snippet:-1","max-image-preview":"max-image-preview:large","max-video-preview":"max-video-preview:-1"},"canonical":"https:\/\/tridenstechnology.com\/pt\/conferencias-de-telecomunicacoes\/","og_locale":"pt_PT","og_type":"article","og_title":"Top Telco Events, Exhibitions, and Conferences in 2026","og_description":"Discover top telco conferences in 2026 to attend and get updates on telecommunications trends, innovations, and networking opportunities.","og_url":"https:\/\/tridenstechnology.com\/pt\/conferencias-de-telecomunicacoes\/","og_site_name":"Tridens","article_publisher":"https:\/\/www.facebook.com\/tridenstechnology","article_published_time":"2026-01-12T13:27:06+00:00","article_modified_time":"2026-03-24T14:12:52+00:00","og_image":[{"width":1024,"height":498,"url":"https:\/\/tridenstechnology.com\/wp-content\/uploads\/telco-conferences-2.webp","type":"image\/webp"}],"author":"\u017diga Lesjak","twitter_card":"summary_large_image","twitter_creator":"@TridensTech","twitter_site":"@TridensTech","twitter_misc":{"Escrito por":"\u017diga Lesjak","Tempo estimado de leitura":"15 minutos"},"schema":{"@context":"https:\/\/schema.org","@graph":[{"@type":"Article","@id":"https:\/\/tridenstechnology.com\/telco-conferences\/#article","isPartOf":{"@id":"https:\/\/tridenstechnology.com\/telco-conferences\/"},"author":{"name":"\u017diga Lesjak","@id":"https:\/\/tridenstechnology.com\/#\/schema\/person\/c114502d398eba1e5b7ab72a9f201884"},"headline":"Top Telco Events, Exhibitions, and Conferences in 2026","datePublished":"2026-01-12T13:27:06+00:00","dateModified":"2026-03-24T14:12:52+00:00","mainEntityOfPage":{"@id":"https:\/\/tridenstechnology.com\/telco-conferences\/"},"wordCount":1968,"commentCount":1,"publisher":{"@id":"https:\/\/tridenstechnology.com\/#organization"},"image":{"@id":"https:\/\/tridenstechnology.com\/telco-conferences\/#primaryimage"},"thumbnailUrl":"https:\/\/d2xqcz296oofyv.cloudfront.net\/wp-content\/uploads\/telco-conferences-2.webp","articleSection":["News"],"inLanguage":"pt-PT","potentialAction":[{"@type":"CommentAction","name":"Comment","target":["https:\/\/tridenstechnology.com\/telco-conferences\/#respond"]}],"accessibilityFeature":["tableOfContents"]},{"@type":"WebPage","@id":"https:\/\/tridenstechnology.com\/telco-conferences\/","url":"https:\/\/tridenstechnology.com\/telco-conferences\/","name":"Principais eventos, exposi\u00e7\u00f5es e confer\u00eancias de telecomunica\u00e7\u00f5es em 2026 - Tridens","isPartOf":{"@id":"https:\/\/tridenstechnology.com\/#website"},"primaryImageOfPage":{"@id":"https:\/\/tridenstechnology.com\/telco-conferences\/#primaryimage"},"image":{"@id":"https:\/\/tridenstechnology.com\/telco-conferences\/#primaryimage"},"thumbnailUrl":"https:\/\/d2xqcz296oofyv.cloudfront.net\/wp-content\/uploads\/telco-conferences-2.webp","datePublished":"2026-01-12T13:27:06+00:00","dateModified":"2026-03-24T14:12:52+00:00","description":"Descubra as principais confer\u00eancias de telecomunica\u00e7\u00f5es em 2026 para participar e obter actualiza\u00e7\u00f5es sobre as tend\u00eancias, inova\u00e7\u00f5es e oportunidades de networking das telecomunica\u00e7\u00f5es.","breadcrumb":{"@id":"https:\/\/tridenstechnology.com\/telco-conferences\/#breadcrumb"},"inLanguage":"pt-PT","potentialAction":[{"@type":"ReadAction","target":["https:\/\/tridenstechnology.com\/telco-conferences\/"]}]},{"@type":"ImageObject","inLanguage":"pt-PT","@id":"https:\/\/tridenstechnology.com\/telco-conferences\/#primaryimage","url":"https:\/\/d2xqcz296oofyv.cloudfront.net\/wp-content\/uploads\/telco-conferences-2.webp","contentUrl":"https:\/\/d2xqcz296oofyv.cloudfront.net\/wp-content\/uploads\/telco-conferences-2.webp","width":1024,"height":498,"caption":"telco conferences 2026 happening around the globe"},{"@type":"BreadcrumbList","@id":"https:\/\/tridenstechnology.com\/telco-conferences\/#breadcrumb","itemListElement":[{"@type":"ListItem","position":1,"name":"Home","item":"https:\/\/tridenstechnology.com\/"},{"@type":"ListItem","position":2,"name":"Top Telco Events, Exhibitions, and Conferences in 2026"}]},{"@type":"WebSite","@id":"https:\/\/tridenstechnology.com\/#website","url":"https:\/\/tridenstechnology.com\/","name":"Tridens","description":"Monetiza\u00e7\u00e3o, fatura\u00e7\u00e3o e carregamento de ve\u00edculos el\u00e9ctricos","publisher":{"@id":"https:\/\/tridenstechnology.com\/#organization"},"potentialAction":[{"@type":"SearchAction","target":{"@type":"EntryPoint","urlTemplate":"https:\/\/tridenstechnology.com\/?s={search_term_string}"},"query-input":{"@type":"PropertyValueSpecification","valueRequired":true,"valueName":"search_term_string"}}],"inLanguage":"pt-PT"},{"@type":"Organization","@id":"https:\/\/tridenstechnology.com\/#organization","name":"Tridens","url":"https:\/\/tridenstechnology.com\/","logo":{"@type":"ImageObject","inLanguage":"pt-PT","@id":"https:\/\/tridenstechnology.com\/#\/schema\/logo\/image\/","url":"https:\/\/d2xqcz296oofyv.cloudfront.net\/wp-content\/uploads\/2019\/02\/tridens_logo_invert.png","contentUrl":"https:\/\/d2xqcz296oofyv.cloudfront.net\/wp-content\/uploads\/2019\/02\/tridens_logo_invert.png","width":600,"height":191,"caption":"Tridens"},"image":{"@id":"https:\/\/tridenstechnology.com\/#\/schema\/logo\/image\/"},"sameAs":["https:\/\/www.facebook.com\/tridenstechnology","https:\/\/x.com\/TridensTech","https:\/\/www.instagram.com\/tridenstechnology\/","https:\/\/www.linkedin.com\/company\/tridens","https:\/\/www.youtube.com\/user\/TridensIT"]},{"@type":"Person","@id":"https:\/\/tridenstechnology.com\/#\/schema\/person\/c114502d398eba1e5b7ab72a9f201884","name":"iga Lesjak","image":{"@type":"ImageObject","inLanguage":"pt-PT","@id":"https:\/\/secure.gravatar.com\/avatar\/a46da957691f5add544cf2e0c5ea7556bf85fc853539e71e3a2b5200d5951fad?s=96&d=mm&r=g","url":"https:\/\/secure.gravatar.com\/avatar\/a46da957691f5add544cf2e0c5ea7556bf85fc853539e71e3a2b5200d5951fad?s=96&d=mm&r=g","contentUrl":"https:\/\/secure.gravatar.com\/avatar\/a46da957691f5add544cf2e0c5ea7556bf85fc853539e71e3a2b5200d5951fad?s=96&d=mm&r=g","caption":"\u017diga Lesjak"},"description":"\u017diga Lesjak \u00e9 o profissional de marketing digital da Tridens, com mais de 7 anos de experi\u00eancia em marketing. Tem um mestrado e uma paix\u00e3o por tecnologia, inova\u00e7\u00e3o e adrenalina.","sameAs":["https:\/\/www.linkedin.com\/in\/zlesjak\/"],"url":"https:\/\/tridenstechnology.com\/pt\/author\/ziga-lesjaktridenstechnology-com\/"}]}},"_links":{"self":[{"href":"https:\/\/tridenstechnology.com\/pt\/wp-json\/wp\/v2\/posts\/45934","targetHints":{"allow":["GET"]}}],"collection":[{"href":"https:\/\/tridenstechnology.com\/pt\/wp-json\/wp\/v2\/posts"}],"about":[{"href":"https:\/\/tridenstechnology.com\/pt\/wp-json\/wp\/v2\/types\/post"}],"author":[{"embeddable":true,"href":"https:\/\/tridenstechnology.com\/pt\/wp-json\/wp\/v2\/users\/9"}],"replies":[{"embeddable":true,"href":"https:\/\/tridenstechnology.com\/pt\/wp-json\/wp\/v2\/comments?post=45934"}],"version-history":[{"count":3,"href":"https:\/\/tridenstechnology.com\/pt\/wp-json\/wp\/v2\/posts\/45934\/revisions"}],"predecessor-version":[{"id":69942,"href":"https:\/\/tridenstechnology.com\/pt\/wp-json\/wp\/v2\/posts\/45934\/revisions\/69942"}],"wp:featuredmedia":[{"embeddable":true,"href":"https:\/\/tridenstechnology.com\/pt\/wp-json\/wp\/v2\/media\/69935"}],"wp:attachment":[{"href":"https:\/\/tridenstechnology.com\/pt\/wp-json\/wp\/v2\/media?parent=45934"}],"wp:term":[{"taxonomy":"category","embeddable":true,"href":"https:\/\/tridenstechnology.com\/pt\/wp-json\/wp\/v2\/categories?post=45934"},{"taxonomy":"post_tag","embeddable":true,"href":"https:\/\/tridenstechnology.com\/pt\/wp-json\/wp\/v2\/tags?post=45934"}],"curies":[{"name":"wp","href":"https:\/\/api.w.org\/{rel}","templated":true}]}}