{"id":71689,"date":"2026-02-11T10:29:34","date_gmt":"2026-02-11T08:29:34","guid":{"rendered":"https:\/\/tridenstechnology.com\/?post_type=news&#038;p=71689"},"modified":"2026-02-18T10:55:45","modified_gmt":"2026-02-18T08:55:45","slug":"tridens-mwc-barcelona-6","status":"publish","type":"news","link":"https:\/\/tridenstechnology.com\/pt\/news\/tridens-mwc-barcelona-2026\/","title":{"rendered":"Conhe\u00e7a o Tridens no MWC Barcelona 2026"},"content":{"rendered":"<p>De 2 a 5 de mar\u00e7o de 2026, juntar-nos-emos \u00e0 comunidade global de telecomunica\u00e7\u00f5es no Mobile World Congress de Barcelona.<\/p>\n\n\n\n<p>Pode encontrar-nos na Fira Gran Via, Pavilh\u00e3o 6, Stand 6E40.<\/p>\n\n\n\n<h2 class=\"wp-block-heading\" id=\"h-about-mwc-barcelona\">Sobre o MWC Barcelona<\/h2>\n\n\n\n<p><a href=\"https:\/\/www.mwcbarcelona.com\/\" type=\"link\" id=\"https:\/\/www.mwcbarcelona.com\/\" target=\"_blank\" rel=\"noreferrer noopener nofollow\">MWC Barcelona<\/a> re\u00fane operadores m\u00f3veis, fornecedores de tecnologia e prestadores de servi\u00e7os digitais de todo o mundo.<\/p>\n\n\n\n<p>Os l\u00edderes participam para analisar novas plataformas, definir prioridades e tomar decis\u00f5es de investimento.<\/p>\n\n\n\n<p>O evento define frequentemente a dire\u00e7\u00e3o para as estrat\u00e9gias de BSS, OSS, ado\u00e7\u00e3o da nuvem, IA e monetiza\u00e7\u00e3o.<\/p>\n\n\n\n<p>Para as equipas de telecomunica\u00e7\u00f5es, oferece um espa\u00e7o espec\u00edfico para conversas reais sobre sistemas que t\u00eam de funcionar em grande escala.<\/p>\n\n\n\n<h2 class=\"wp-block-heading\" id=\"h-what-we-will-show-in-hall-6\">O que vamos mostrar no pavilh\u00e3o 6<\/h2>\n\n\n\n<p>No evento deste ano, apresentaremos <a href=\"https:\/\/www.tridenstechnology.com\/communications\" type=\"link\" id=\"https:\/\/www.tridenstechnology.com\/communications\">Tridens Monetization<\/a>, A nossa plataforma BSS nativa da nuvem para operadores de telecomunica\u00e7\u00f5es e <a href=\"https:\/\/www.tridenstechnology.com\/mvno\" type=\"link\" id=\"https:\/\/www.tridenstechnology.com\/mvno\">MVNOs<\/a>.<\/p>\n\n\n\n<figure class=\"wp-block-image size-large is-resized\"><img fetchpriority=\"high\" decoding=\"async\" width=\"1024\" height=\"498\" src=\"https:\/\/tridenstechnology.com\/wp-content\/uploads\/tridens-monetization-for-communications-mwc-form-image-1024x498.webp\" alt=\"\" class=\"wp-image-71111\" style=\"width:600px\" srcset=\"https:\/\/d2xqcz296oofyv.cloudfront.net\/wp-content\/uploads\/tridens-monetization-for-communications-mwc-form-image-1024x498.webp 1024w, https:\/\/d2xqcz296oofyv.cloudfront.net\/wp-content\/uploads\/tridens-monetization-for-communications-mwc-form-image-300x146.webp 300w, https:\/\/d2xqcz296oofyv.cloudfront.net\/wp-content\/uploads\/tridens-monetization-for-communications-mwc-form-image-768x373.webp 768w, https:\/\/d2xqcz296oofyv.cloudfront.net\/wp-content\/uploads\/tridens-monetization-for-communications-mwc-form-image-18x9.webp 18w, https:\/\/d2xqcz296oofyv.cloudfront.net\/wp-content\/uploads\/tridens-monetization-for-communications-mwc-form-image.webp 1140w\" sizes=\"(max-width: 1024px) 100vw, 1024px\" \/><\/figure>\n\n\n\n<p>A plataforma suporta assinaturas complexas, tarifas flex\u00edveis e cobran\u00e7a em tempo real num \u00fanico sistema.<\/p>\n\n\n\n<p>\u00c9 poss\u00edvel gerir pre\u00e7os pr\u00e9-pagos e p\u00f3s-pagos num modelo de dados partilhado.<\/p>\n\n\n\n<p>Pode controlar os cat\u00e1logos de produtos, a l\u00f3gica de fatura\u00e7\u00e3o, os pagamentos e as liquida\u00e7\u00f5es de parceiros atrav\u00e9s de APIs abertas.<\/p>\n\n\n\n<p>Esta estrutura d\u00e1 \u00e0s equipas um controlo claro das ofertas e dos fluxos de receitas.<\/p>\n\n\n\n<h2 class=\"wp-block-heading\" id=\"h-let-s-meet-in-barcelona\">Vamos encontrar-nos em Barcelona!<\/h2>\n\n\n\n<p>As nossas equipas de lideran\u00e7a, produtos e solu\u00e7\u00f5es estar\u00e3o dispon\u00edveis durante todo o evento.<\/p>\n\n\n\n<p>Agradecemos discuss\u00f5es sobre a moderniza\u00e7\u00e3o do BSS, migra\u00e7\u00e3o para a nuvem, design de subscri\u00e7\u00e3o e modelos de pre\u00e7os.<\/p>\n\n\n\n<p>Se planeia participar no MWC Barcelona 2026, visite-nos no Pavilh\u00e3o 6, Stand 6E40.<\/p>\n\n\n\n<p>Tamb\u00e9m pode <a href=\"https:\/\/www.tridenstechnology.com\/mwc\" type=\"link\" id=\"https:\/\/www.tridenstechnology.com\/mwc\">marcar uma reuni\u00e3o<\/a> connosco com anteced\u00eancia.<\/p>\n\n\n\n<p>Esperamos encontr\u00e1-lo em Barcelona.<\/p>\n\n\n\n<blockquote class=\"wp-block-quote is-layout-flow wp-block-quote-is-layout-flow\">\n<p><strong>MWC Barcelona 2026<\/strong><br>Fira Gran Via, Barcelona, Espanha<br>\ud83d\udcc62 - 5 de mar\u00e7o, 2026<\/p>\n<\/blockquote>\n\n\n\n<p><\/p>","protected":false},"excerpt":{"rendered":"<p>De 2 a 5 de mar\u00e7o de 2026, o Tridens juntar-se-\u00e1 \u00e0 comunidade global de telecomunica\u00e7\u00f5es no Mobile World Congress Barcelona.<\/p>","protected":false},"author":23,"featured_media":0,"template":"","news_type":[4034],"class_list":["post-71689","news","type-news","status-publish","hentry","news_type-events","news-type-events","description-off","news-newsletter-communications"],"yoast_head":"<!-- This site is optimized with the Yoast SEO Premium plugin v27.4 (Yoast SEO v27.4) - https:\/\/yoast.com\/product\/yoast-seo-premium-wordpress\/ -->\n<title>Meet Tridens at MWC Barcelona 2026 - Tridens<\/title>\n<meta name=\"description\" content=\"From 2 to 5 March 2026, Tridens will join the global telecom community at Mobile World Congress Barcelona.\" \/>\n<meta name=\"robots\" content=\"index, follow, max-snippet:-1, max-image-preview:large, max-video-preview:-1\" \/>\n<link rel=\"canonical\" href=\"https:\/\/tridenstechnology.com\/pt\/noticias\/tridens-mwc-barcelona-6\/\" \/>\n<meta property=\"og:locale\" content=\"pt_PT\" \/>\n<meta property=\"og:type\" content=\"article\" \/>\n<meta property=\"og:title\" content=\"Meet Tridens at MWC Barcelona 2026\" \/>\n<meta property=\"og:description\" content=\"From 2 to 5 March 2026, Tridens will join the global telecom community at Mobile World Congress Barcelona.\" \/>\n<meta property=\"og:url\" content=\"https:\/\/tridenstechnology.com\/pt\/noticias\/tridens-mwc-barcelona-6\/\" \/>\n<meta property=\"og:site_name\" content=\"Tridens\" \/>\n<meta property=\"article:publisher\" content=\"https:\/\/www.facebook.com\/tridenstechnology\" \/>\n<meta property=\"article:modified_time\" content=\"2026-02-18T08:55:45+00:00\" \/>\n<meta property=\"og:image\" content=\"https:\/\/d2xqcz296oofyv.cloudfront.net\/wp-content\/uploads\/tridens-monetization-for-communications-mwc-form-image.webp\" \/>\n\t<meta property=\"og:image:width\" content=\"1140\" \/>\n\t<meta property=\"og:image:height\" content=\"554\" \/>\n\t<meta property=\"og:image:type\" content=\"image\/webp\" \/>\n<meta name=\"twitter:card\" content=\"summary_large_image\" \/>\n<meta name=\"twitter:site\" content=\"@TridensTech\" \/>\n<meta name=\"twitter:label1\" content=\"Tempo estimado de leitura\" \/>\n\t<meta name=\"twitter:data1\" content=\"2 minutos\" \/>\n<!-- \/ Yoast SEO Premium plugin. -->","yoast_head_json":{"title":"Conhe\u00e7a o Tridens no MWC Barcelona 2026 - Tridens","description":"De 2 a 5 de mar\u00e7o de 2026, o Tridens juntar-se-\u00e1 \u00e0 comunidade global de telecomunica\u00e7\u00f5es no Mobile World Congress Barcelona.","robots":{"index":"index","follow":"follow","max-snippet":"max-snippet:-1","max-image-preview":"max-image-preview:large","max-video-preview":"max-video-preview:-1"},"canonical":"https:\/\/tridenstechnology.com\/pt\/noticias\/tridens-mwc-barcelona-6\/","og_locale":"pt_PT","og_type":"article","og_title":"Meet Tridens at MWC Barcelona 2026","og_description":"From 2 to 5 March 2026, Tridens will join the global telecom community at Mobile World Congress Barcelona.","og_url":"https:\/\/tridenstechnology.com\/pt\/noticias\/tridens-mwc-barcelona-6\/","og_site_name":"Tridens","article_publisher":"https:\/\/www.facebook.com\/tridenstechnology","article_modified_time":"2026-02-18T08:55:45+00:00","og_image":[{"width":1140,"height":554,"url":"https:\/\/d2xqcz296oofyv.cloudfront.net\/wp-content\/uploads\/tridens-monetization-for-communications-mwc-form-image.webp","type":"image\/webp"}],"twitter_card":"summary_large_image","twitter_site":"@TridensTech","twitter_misc":{"Tempo estimado de leitura":"2 minutos"},"schema":{"@context":"https:\/\/schema.org","@graph":[{"@type":"WebPage","@id":"https:\/\/tridenstechnology.com\/news\/tridens-mwc-barcelona-2026\/","url":"https:\/\/tridenstechnology.com\/news\/tridens-mwc-barcelona-2026\/","name":"Conhe\u00e7a o Tridens no MWC Barcelona 2026 - Tridens","isPartOf":{"@id":"https:\/\/tridenstechnology.com\/#website"},"primaryImageOfPage":{"@id":"https:\/\/tridenstechnology.com\/news\/tridens-mwc-barcelona-2026\/#primaryimage"},"image":{"@id":"https:\/\/tridenstechnology.com\/news\/tridens-mwc-barcelona-2026\/#primaryimage"},"thumbnailUrl":"https:\/\/tridenstechnology.com\/wp-content\/uploads\/tridens-monetization-for-communications-mwc-form-image-1024x498.webp","datePublished":"2026-02-11T08:29:34+00:00","dateModified":"2026-02-18T08:55:45+00:00","description":"De 2 a 5 de mar\u00e7o de 2026, o Tridens juntar-se-\u00e1 \u00e0 comunidade global de telecomunica\u00e7\u00f5es no Mobile World Congress Barcelona.","breadcrumb":{"@id":"https:\/\/tridenstechnology.com\/news\/tridens-mwc-barcelona-2026\/#breadcrumb"},"inLanguage":"pt-PT","potentialAction":[{"@type":"ReadAction","target":["https:\/\/tridenstechnology.com\/news\/tridens-mwc-barcelona-2026\/"]}]},{"@type":"ImageObject","inLanguage":"pt-PT","@id":"https:\/\/tridenstechnology.com\/news\/tridens-mwc-barcelona-2026\/#primaryimage","url":"https:\/\/tridenstechnology.com\/wp-content\/uploads\/tridens-monetization-for-communications-mwc-form-image-1024x498.webp","contentUrl":"https:\/\/tridenstechnology.com\/wp-content\/uploads\/tridens-monetization-for-communications-mwc-form-image-1024x498.webp"},{"@type":"BreadcrumbList","@id":"https:\/\/tridenstechnology.com\/news\/tridens-mwc-barcelona-2026\/#breadcrumb","itemListElement":[{"@type":"ListItem","position":1,"name":"Home","item":"https:\/\/tridenstechnology.com\/"},{"@type":"ListItem","position":2,"name":"News","item":"https:\/\/tridenstechnology.com\/news\/"},{"@type":"ListItem","position":3,"name":"Meet Tridens at MWC Barcelona 2026"}]},{"@type":"WebSite","@id":"https:\/\/tridenstechnology.com\/#website","url":"https:\/\/tridenstechnology.com\/","name":"Tridens","description":"Monetiza\u00e7\u00e3o, fatura\u00e7\u00e3o e carregamento de ve\u00edculos el\u00e9ctricos","publisher":{"@id":"https:\/\/tridenstechnology.com\/#organization"},"potentialAction":[{"@type":"SearchAction","target":{"@type":"EntryPoint","urlTemplate":"https:\/\/tridenstechnology.com\/?s={search_term_string}"},"query-input":{"@type":"PropertyValueSpecification","valueRequired":true,"valueName":"search_term_string"}}],"inLanguage":"pt-PT"},{"@type":"Organization","@id":"https:\/\/tridenstechnology.com\/#organization","name":"Tridens","url":"https:\/\/tridenstechnology.com\/","logo":{"@type":"ImageObject","inLanguage":"pt-PT","@id":"https:\/\/tridenstechnology.com\/#\/schema\/logo\/image\/","url":"https:\/\/d2xqcz296oofyv.cloudfront.net\/wp-content\/uploads\/2019\/02\/tridens_logo_invert.png","contentUrl":"https:\/\/d2xqcz296oofyv.cloudfront.net\/wp-content\/uploads\/2019\/02\/tridens_logo_invert.png","width":600,"height":191,"caption":"Tridens"},"image":{"@id":"https:\/\/tridenstechnology.com\/#\/schema\/logo\/image\/"},"sameAs":["https:\/\/www.facebook.com\/tridenstechnology","https:\/\/x.com\/TridensTech","https:\/\/www.instagram.com\/tridenstechnology\/","https:\/\/www.linkedin.com\/company\/tridens","https:\/\/www.youtube.com\/user\/TridensIT"]}]}},"_links":{"self":[{"href":"https:\/\/tridenstechnology.com\/pt\/wp-json\/wp\/v2\/news\/71689","targetHints":{"allow":["GET"]}}],"collection":[{"href":"https:\/\/tridenstechnology.com\/pt\/wp-json\/wp\/v2\/news"}],"about":[{"href":"https:\/\/tridenstechnology.com\/pt\/wp-json\/wp\/v2\/types\/news"}],"author":[{"embeddable":true,"href":"https:\/\/tridenstechnology.com\/pt\/wp-json\/wp\/v2\/users\/23"}],"version-history":[{"count":3,"href":"https:\/\/tridenstechnology.com\/pt\/wp-json\/wp\/v2\/news\/71689\/revisions"}],"predecessor-version":[{"id":71712,"href":"https:\/\/tridenstechnology.com\/pt\/wp-json\/wp\/v2\/news\/71689\/revisions\/71712"}],"wp:attachment":[{"href":"https:\/\/tridenstechnology.com\/pt\/wp-json\/wp\/v2\/media?parent=71689"}],"wp:term":[{"taxonomy":"news_type","embeddable":true,"href":"https:\/\/tridenstechnology.com\/pt\/wp-json\/wp\/v2\/news_type?post=71689"}],"curies":[{"name":"wp","href":"https:\/\/api.w.org\/{rel}","templated":true}]}}