{"id":45934,"date":"2026-01-12T15:27:06","date_gmt":"2026-01-12T13:27:06","guid":{"rendered":"https:\/\/tridenstechnology.com\/?p=45934"},"modified":"2026-03-24T16:12:52","modified_gmt":"2026-03-24T14:12:52","slug":"conferenze-telco","status":"publish","type":"post","link":"https:\/\/tridenstechnology.com\/it\/telco-conferences\/","title":{"rendered":"I principali eventi, mostre e conferenze Telco nel 2026"},"content":{"rendered":"<p><strong><em><strong><em>Cercate i migliori eventi di telecomunicazione del 2026? Scoprite la nostra lista di 25 eventi telco imperdibili e tutti i dettagli chiave da conoscere prima di partecipare.<\/em><\/strong><\/em><\/strong><\/p>\n\n\n\n<div class=\"wp-block-yoast-seo-table-of-contents yoast-table-of-contents\"><h2>Indice dei contenuti<\/h2><ul><li><a href=\"#h-mwc-barcelona\" data-level=\"2\">MWC Barcellona<\/a><\/li><li><a href=\"#h-gitex-global\" data-level=\"2\">GITEX Global<\/a><\/li><li><a href=\"#h-canto-connect\" data-level=\"2\">Canto Connect<\/a><\/li><li><a href=\"#h-connected-america\" data-level=\"2\">America connessa<\/a><\/li><li><a href=\"#h-futurenet-world\" data-level=\"2\">Mondo FutureNet<\/a><\/li><li><a href=\"#h-conecta-mexico\" data-level=\"2\">Conecta Messico<\/a><\/li><li><a href=\"#h-mvno-nation-usa\" data-level=\"2\">MVNO Nation USA<\/a><\/li><li><a href=\"#h-futurenet-middle-east-amp-africa\" data-level=\"2\">FutureNet Medio Oriente e Africa<\/a><\/li><li><a href=\"#h-network-x-americas\" data-level=\"2\">Rete X Americas<\/a><\/li><li><a href=\"#h-international-telecoms-week\" data-level=\"2\">Settimana internazionale delle telecomunicazioni<\/a><\/li><li><a href=\"#h-mvnos-world\" data-level=\"2\">Mondo MVNO<\/a><\/li><li><a href=\"#h-mvno-nation-africa\" data-level=\"2\">MVNO Nation Africa<\/a><\/li><li><a href=\"#h-mwc-kigali\" data-level=\"2\">MWC Kigali<\/a><\/li><li><a href=\"#h-dtw-ignite\" data-level=\"2\">DTW Ignite<\/a><\/li><li><a href=\"#h-mwc-shanghai\" data-level=\"2\">MWC Shanghai<\/a><\/li><li><a href=\"#h-telco-transformation-latam\" data-level=\"2\">Trasformazione telco LATAM<\/a><\/li><li><a href=\"#h-itw-africa\" data-level=\"2\">ITW Africa<\/a><\/li><li><a href=\"#h-futurenet-asia\" data-level=\"2\">FutureNet Asia<\/a><\/li><li><a href=\"#h-futurecom\" data-level=\"2\">Futurecom<\/a><\/li><li><a href=\"#h-network-x\" data-level=\"2\">Rete X<\/a><\/li><li><a href=\"#h-mvno-nation-live\" data-level=\"2\">MVNO Nation in diretta<\/a><\/li><li><a href=\"#h-futurenet-north-america\" data-level=\"2\">FutureNet Nord America<\/a><\/li><li><a href=\"#h-conecta-peru\" data-level=\"2\">Conecta Per\u00f9<\/a><\/li><li><a href=\"#h-africa-tech-festival\" data-level=\"2\">Africa Tech Festival<\/a><\/li><li><a href=\"#h-telecoms-world-asia-nbsp\" data-level=\"2\">Mondo delle telecomunicazioni Asia\u00a0<\/a><\/li><li><a href=\"#h-itw-asia\" data-level=\"2\">ITW Asia<\/a><\/li><\/ul><\/div>\n\n\n\n<p>Questi eventi di punta del settore delle telecomunicazioni sono il luogo in cui gli operatori si rivolgono a <a href=\"https:\/\/tridenstechnology.com\/telecom-industry-trends\/\">tendenze della telcomunicazione<\/a>, come le migrazioni di core cloud-native, l'AI nelle telecomunicazioni, la monetizzazione del 5G e molto altro ancora.&nbsp;<\/p>\n\n\n\n<p>Partecipare a questi eventi vi aiuta a rimanere informati, a imparare dai vostri colleghi e a prendere decisioni migliori.&nbsp;<\/p>\n\n\n\n<p>Partecipando, potrete:<\/p>\n\n\n\n<ul class=\"wp-block-list\">\n<li>Seguire gli sviluppi normativi e dello spettro<\/li>\n\n\n\n<li>Esecuzione di benchmark di rete, IT e monetizzazione<\/li>\n\n\n\n<li>Creare partnership con operatori, fornitori ed ecosistemi<\/li>\n<\/ul>\n\n\n\n<p>Noi di Tridens partecipiamo attivamente a questi forum per essere sempre vicini alla realt\u00e0 del mercato e per presentare i nostri prodotti. <a href=\"https:\/\/tridenstechnology.com\/communications\/\">Tridens Monetization<\/a>, La nostra piattaforma all-in-one per la fatturazione, l'addebito e la gestione dei ricavi, costruita per i complessi modelli di business delle telco.<\/p>\n\n\n<div id=\"polls-50\" class=\"wp-polls\">\n\t<form id=\"polls_form_50\" class=\"wp-polls-form\" action=\"\/index.php\" method=\"post\" data-trp-original-action=\"\/index.php\">\n\t\t<p style=\"display: none;\"><input type=\"hidden\" id=\"poll_50_nonce\" name=\"wp-polls-nonce\" value=\"a3f5a900fc\" \/><\/p>\n\t\t<p style=\"display: none;\"><input type=\"hidden\" name=\"poll_id\" value=\"50\" \/><\/p>\n\t\t<p style=\"text-align: center;\"><strong>Avete in programma di partecipare a qualche evento telco nel 2026?<\/strong><\/p><div id=\"polls-50-ans\" class=\"wp-polls-ans\"><ul class=\"wp-polls-ul\">\n\t\t<li><input type=\"radio\" id=\"poll-answer-171\" name=\"poll_50\" value=\"171\" \/> <label for=\"poll-answer-171\">S\u00ec<\/label><\/li>\n\t\t<li><input type=\"radio\" id=\"poll-answer-172\" name=\"poll_50\" value=\"172\" \/> <label for=\"poll-answer-172\">No<\/label><\/li>\n\t\t<li><input type=\"radio\" id=\"poll-answer-173\" name=\"poll_50\" value=\"173\" \/> <label for=\"poll-answer-173\">Sto ancora decidendo<\/label><\/li>\n\t\t<\/ul><p style=\"text-align: center;\"><input type=\"button\" name=\"vote\" value=\"   Votare   \" class=\"Buttons\" onclick=\"poll_vote(50);\" \/><\/p><p style=\"text-align: center;\"><a href=\"#ViewPollResults\" onclick=\"poll_result(50); return false;\" title=\"Visualizza i risultati di questo sondaggio\">Visualizza i risultati<\/a><\/p><\/div>\n\t<input type=\"hidden\" name=\"trp-form-language\" value=\"it\"\/><\/form>\n<\/div>\n<div id=\"polls-50-loading\" class=\"wp-polls-loading\"><img decoding=\"async\" src=\"https:\/\/tridenstechnology.com\/wp-content\/plugins\/wp-polls\/images\/loading.gif\" width=\"16\" height=\"16\" alt=\"Caricamento ...\" title=\"Caricamento ...\" class=\"wp-polls-image\" \/>&nbsp;Caricamento ...<\/div>\n\n\n\n\n<div style=\"height:40px\" aria-hidden=\"true\" class=\"wp-block-spacer\"><\/div>\n\n\n\n<p class=\"has-text-color has-link-color wp-elements-20105999d43493487788c61238e7aaba\" style=\"color:#171c46;font-size:36px\"><strong>Elenco eventi 2026<\/strong><\/p>\n\n\n\n<figure class=\"wp-block-table\"><table class=\"has-fixed-layout\"><thead><tr><th>Nome dell'evento<\/th><th>Data<\/th><th>Posizione <\/th><\/tr><\/thead><tbody><tr><td><a href=\"http:\/\/h-canto-connect\">Canto Connect<\/a><\/td><td>01 febbraio - 03 febbraio 2026<\/td><td>Port-of-Spain, Trinidad e Tobago<\/td><\/tr><tr><td><a href=\"http:\/\/h-mwc-barcelona\">MWC Barcellona<\/a><\/td><td>02 marzo - 05 marzo 2026<\/td><td>Barcellona, Spagna<\/td><\/tr><tr><td><a href=\"http:\/\/h-connected-america\">America connessa<\/a><\/td><td>14 aprile - 15 aprile 2026<\/td><td>Dallas, USA<\/td><\/tr><tr><td><a href=\"http:\/\/h-futurenet-world\">Mondo FutureNet<\/a><\/td><td>21 aprile - 22 aprile 2026<\/td><td>Londra, Regno Unito<\/td><\/tr><tr><td><a href=\"http:\/\/h-conecta-mexico\">Conecta Messico<\/a><\/td><td>28 aprile - 29 aprile 2026<\/td><td>Citt\u00e0 del Messico, Messico<\/td><\/tr><tr><td><a href=\"http:\/\/h-mvno-nation-usa\">MVNO Nation USA<\/a><\/td><td>28 aprile - 29 aprile 2026<\/td><td>Florida, USA<\/td><\/tr><tr><td><a href=\"http:\/\/h-futurenet-middle-east-amp-africa\">FutureNet Medio Oriente e Africa<\/a><\/td><td>12 maggio - 13 maggio 2026<\/td><td>Dubai, Emirati Arabi Uniti<\/td><\/tr><tr><td><a href=\"http:\/\/h-network-x-americas\">Rete X Americas<\/a><\/td><td>18 maggio - 20 maggio 2026<\/td><td>Dallas, USA<\/td><\/tr><tr><td><a href=\"http:\/\/h-international-telecoms-week\">Settimana internazionale delle telecomunicazioni <\/a><\/td><td>19 maggio - 21 maggio 2026<\/td><td>National Harbor, USA<\/td><\/tr><tr><td><a href=\"http:\/\/h-mvnos-world\">Mondo MVNO<\/a><\/td><td>01 giugno - 03 giugno 2026<\/td><td>Amsterdam, Paesi Bassi<\/td><\/tr><tr><td><a href=\"http:\/\/h-mvno-nation-africa\">MVNO Nation Africa<\/a><\/td><td>09 giugno - 10 giugno 2026<\/td><td>Citt\u00e0 del Capo, Sudafrica<\/td><\/tr><tr><td><a href=\"http:\/\/h-mwc-kigali\">MWC Kigali<\/a><\/td><td>16 giugno - 18 giugno 2026<\/td><td>Kigali, Ruanda<\/td><\/tr><tr><td><a href=\"http:\/\/h-dtw-ignite\">DTW Ignite<\/a><\/td><td>23 giugno - 25 giugno 2026<\/td><td>Copenaghen, Danimarca<\/td><\/tr><tr><td><a href=\"http:\/\/h-mwc-shanghai\">MWC Shanghai<\/a><\/td><td>24 giugno - 26 giugno 2026<\/td><td>Shanghai, Cina<\/td><\/tr><tr><td><a href=\"http:\/\/h-telco-transformation-latam\">Trasformazione telco LATAM<\/a><\/td><td>19 agosto - 20 agosto 2026<\/td><td>Rio de Janeiro, Brasile<\/td><\/tr><tr><td><a href=\"http:\/\/h-itw-africa\">ITW Africa<\/a><\/td><td>08 settembre - 10 settembre 2026<\/td><td>Nairobi, Kenya<\/td><\/tr><tr><td><a href=\"http:\/\/h-futurenet-asia\">FutureNet Asia<\/a><\/td><td>23 settembre - 24 settembre 2026<\/td><td>Baia di Marina, Singapore<\/td><\/tr><tr><td><a href=\"http:\/\/h-futurecom\">Futurecom<\/a><\/td><td>06 ottobre - 08 ottobre 2026<\/td><td>San Paolo, Brasile<\/td><\/tr><tr><td><a href=\"http:\/\/h-network-x\">Rete X<\/a><\/td><td>13 ottobre - 15 ottobre 2026<\/td><td>Vienna, Austria<\/td><\/tr><tr><td><a href=\"http:\/\/h-mvno-nation-live\">MVNO Nation in diretta<\/a><\/td><td>03 novembre - 05 novembre 2026<\/td><td>Alicante, Spagna<\/td><\/tr><tr><td><a href=\"http:\/\/h-futurenet-north-america\">FutureNet Nord America<\/a><\/td><td>04 novembre - 05 novembre 2026<\/td><td>New York, USA<\/td><\/tr><tr><td><a href=\"http:\/\/h-conecta-peru\">Conecta Per\u00f9<\/a><\/td><td>10 novembre - 11 novembre 2026<\/td><td>Lima, Per\u00f9<\/td><\/tr><tr><td><a href=\"http:\/\/h-africa-tech-festival\">Africa Tech Festival<\/a><\/td><td>16 novembre - 19 novembre 2026<\/td><td>Citt\u00e0 del Capo, Sudafrica<\/td><\/tr><tr><td><a href=\"http:\/\/h-telecoms-world-asia\">Mondo delle telecomunicazioni Asia<\/a><\/td><td>27 novembre 2026<\/td><td>Bangkok, Thailandia<\/td><\/tr><tr><td><a href=\"http:\/\/h-itw-asia\">ITW Asia<\/a><\/td><td>02 dicembre - 03 dicembre 2026<\/td><td>Singapore<\/td><\/tr><tr><td><a href=\"http:\/\/h-gitex-global\">GITEX Global<\/a><\/td><td>07 dicembre - 11 dicembre 2026<\/td><td>Dubai, Emirati Arabi Uniti<\/td><\/tr><\/tbody><\/table><\/figure>\n\n\n\n<div style=\"height:40px\" aria-hidden=\"true\" class=\"wp-block-spacer\"><\/div>\n\n\n\n<h2 class=\"wp-block-heading\" id=\"h-mwc-barcelona\">MWC Barcellona<\/h2>\n\n\n\n<p><strong>Data:<\/strong>&nbsp;02 marzo - 05 marzo 2026<br><strong>Posizione:<\/strong>&nbsp;Barcellona, Spagna<\/p>\n\n\n\n<p><br><strong><a href=\"https:\/\/www.mwcbarcelona.com\" target=\"_blank\" rel=\"noreferrer noopener nofollow\">MWC Barcellona<\/a><\/strong> \u00e8 il pi\u00f9 grande evento globale sulla connettivit\u00e0, che riunisce CSP, fornitori, produttori di dispositivi e responsabili politici. \u00c8 il luogo in cui tendono a convergere le roadmap dei prodotti, le decisioni sulle partnership e le narrazioni strategiche per l'anno in corso, e dove saremo presenti in loco per conversazioni mirate con i leader dei CSP sulle priorit\u00e0 del 2026 e sui compromessi di esecuzione.<\/p>\n\n\n\n<figure class=\"wp-block-image size-full\"><img fetchpriority=\"high\" decoding=\"async\" width=\"1024\" height=\"300\" src=\"http:\/\/tridenstechnology.com\/wp-content\/uploads\/telco-conferences-mwc-mobile-world-congress-barcelona-2026.webp\" alt=\"banner dell&#039;evento mwc mobile world congress barcelona 2026\" class=\"wp-image-69927\" srcset=\"https:\/\/d2xqcz296oofyv.cloudfront.net\/wp-content\/uploads\/telco-conferences-mwc-mobile-world-congress-barcelona-2026.webp 1024w, https:\/\/d2xqcz296oofyv.cloudfront.net\/wp-content\/uploads\/telco-conferences-mwc-mobile-world-congress-barcelona-2026-300x88.webp 300w, https:\/\/d2xqcz296oofyv.cloudfront.net\/wp-content\/uploads\/telco-conferences-mwc-mobile-world-congress-barcelona-2026-768x225.webp 768w, https:\/\/d2xqcz296oofyv.cloudfront.net\/wp-content\/uploads\/telco-conferences-mwc-mobile-world-congress-barcelona-2026-18x5.webp 18w\" sizes=\"(max-width: 1024px) 100vw, 1024px\" \/><\/figure>\n\n\n\n<p><strong>Argomenti principali:<\/strong><\/p>\n\n\n\n<ul class=\"wp-block-list\">\n<li>Sicurezza e rischio della catena di approvvigionamento<\/li>\n\n\n\n<li>5G SA e l'evoluzione del 5G<\/li>\n\n\n\n<li>Modernizzazione del cloud e del core delle telco<\/li>\n\n\n\n<li>L'intelligenza artificiale nelle reti e nelle operazioni<\/li>\n<\/ul>\n\n\n\n<h2 class=\"wp-block-heading\" id=\"h-gitex-global\">GITEX Global<\/h2>\n\n\n\n<p><strong>Data:<\/strong> 07 dicembre - 11 dicembre 2026<br><strong>Posizione:<\/strong> Dubai, Emirati Arabi Uniti<\/p>\n\n\n\n<p><strong><a href=\"https:\/\/www.gitex.com\" target=\"_blank\" rel=\"noreferrer noopener nofollow\">GITEX Global<\/a><\/strong> \u00e8 uno dei pi\u00f9 grandi eventi al mondo dedicati alla tecnologia e alla trasformazione digitale, con una forte partecipazione di operatori di telecomunicazioni, fornitori di cloud, governi e leader tecnologici aziendali in Medio Oriente e nei mercati internazionali.<\/p>\n\n\n\n<figure class=\"wp-block-image size-full\"><img decoding=\"async\" width=\"1024\" height=\"300\" src=\"http:\/\/tridenstechnology.com\/wp-content\/uploads\/telco-conferences-gitex-global-dubai-2026.webp\" alt=\"banner dell&#039;evento gitex global dubai 2026\" class=\"wp-image-69934\" srcset=\"https:\/\/d2xqcz296oofyv.cloudfront.net\/wp-content\/uploads\/telco-conferences-gitex-global-dubai-2026.webp 1024w, https:\/\/d2xqcz296oofyv.cloudfront.net\/wp-content\/uploads\/telco-conferences-gitex-global-dubai-2026-300x88.webp 300w, https:\/\/d2xqcz296oofyv.cloudfront.net\/wp-content\/uploads\/telco-conferences-gitex-global-dubai-2026-768x225.webp 768w, https:\/\/d2xqcz296oofyv.cloudfront.net\/wp-content\/uploads\/telco-conferences-gitex-global-dubai-2026-18x5.webp 18w\" sizes=\"(max-width: 1024px) 100vw, 1024px\" \/><\/figure>\n\n\n\n<p><strong>Argomenti principali:<\/strong><\/p>\n\n\n\n<ul class=\"wp-block-list\">\n<li>Partnership tra telco cloud e hyperscaler<\/li>\n\n\n\n<li>Piattaforme di IA e casi d'uso applicati<\/li>\n\n\n\n<li>5G, reti private e edge computing<\/li>\n\n\n\n<li>Governo digitale e trasformazione aziendale<\/li>\n<\/ul>\n\n\n\n<h2 class=\"wp-block-heading\" id=\"h-canto-connect\">Canto Connect<\/h2>\n\n\n\n<p><strong>Data:<\/strong>&nbsp;01 febbraio - 03 febbraio 2026<br><strong>Posizione:<\/strong>&nbsp;Port-of-Spain, Trinidad e Tobago<\/p>\n\n\n\n<p><strong><a href=\"https:\/\/www.canto.org\/agm\/\" target=\"_blank\" rel=\"noreferrer noopener nofollow\">Canto Connect<\/a><\/strong>&nbsp;\u00e8 un forum regionale sulle telecomunicazioni e sulle TIC per gli operatori, le autorit\u00e0 di regolamentazione e i partner dell'ecosistema dei Caraibi. In genere viene utilizzato per allinearsi sulle priorit\u00e0 di connettivit\u00e0 e sviluppo digitale nei mercati insulari.<\/p>\n\n\n\n<figure class=\"wp-block-image size-full\"><img loading=\"lazy\" decoding=\"async\" width=\"1024\" height=\"300\" src=\"http:\/\/tridenstechnology.com\/wp-content\/uploads\/telco-conferences-canto-connect-2026.webp\" alt=\"banner dell&#039;evento canto connect 2026\" class=\"wp-image-69936\" srcset=\"https:\/\/d2xqcz296oofyv.cloudfront.net\/wp-content\/uploads\/telco-conferences-canto-connect-2026.webp 1024w, https:\/\/d2xqcz296oofyv.cloudfront.net\/wp-content\/uploads\/telco-conferences-canto-connect-2026-300x88.webp 300w, https:\/\/d2xqcz296oofyv.cloudfront.net\/wp-content\/uploads\/telco-conferences-canto-connect-2026-768x225.webp 768w, https:\/\/d2xqcz296oofyv.cloudfront.net\/wp-content\/uploads\/telco-conferences-canto-connect-2026-18x5.webp 18w\" sizes=\"(max-width: 1024px) 100vw, 1024px\" \/><\/figure>\n\n\n\n<p><strong>Argomenti principali:<\/strong><\/p>\n\n\n\n<ul class=\"wp-block-list\">\n<li>Espansione regionale della banda larga<\/li>\n\n\n\n<li>Allineamento normativo e politico<\/li>\n\n\n\n<li>Resilienza e continuit\u00e0 della rete<\/li>\n\n\n\n<li>Programmi pubblico-privati<\/li>\n<\/ul>\n\n\n\n<h2 class=\"wp-block-heading\" id=\"h-connected-america\">America connessa<\/h2>\n\n\n\n<p><strong>Data:<\/strong>&nbsp;14 aprile - 15 aprile 2026<br><strong>Posizione:<\/strong>&nbsp;Dallas, USA<\/p>\n\n\n\n<p><strong><a href=\"https:\/\/www.terrapinn.com\/conference\/connected-america\/index.stm\" target=\"_blank\" rel=\"noreferrer noopener nofollow\">America connessa<\/a><\/strong>&nbsp;\u00e8 una conferenza incentrata sugli Stati Uniti per i leader della banda larga, che comprende operatori, stakeholder del settore pubblico e partner infrastrutturali. Si concentra sull'esecuzione pratica di programmi di espansione della copertura e di finanziamento.<\/p>\n\n\n\n<figure class=\"wp-block-image size-full\"><img loading=\"lazy\" decoding=\"async\" width=\"1024\" height=\"300\" src=\"http:\/\/tridenstechnology.com\/wp-content\/uploads\/telco-conferences-connected-america-2026.webp\" alt=\"banner dell&#039;evento connected america 2026\" class=\"wp-image-69912\" srcset=\"https:\/\/d2xqcz296oofyv.cloudfront.net\/wp-content\/uploads\/telco-conferences-connected-america-2026.webp 1024w, https:\/\/d2xqcz296oofyv.cloudfront.net\/wp-content\/uploads\/telco-conferences-connected-america-2026-300x88.webp 300w, https:\/\/d2xqcz296oofyv.cloudfront.net\/wp-content\/uploads\/telco-conferences-connected-america-2026-768x225.webp 768w, https:\/\/d2xqcz296oofyv.cloudfront.net\/wp-content\/uploads\/telco-conferences-connected-america-2026-18x5.webp 18w\" sizes=\"(max-width: 1024px) 100vw, 1024px\" \/><\/figure>\n\n\n\n<p><strong>Argomenti principali:<\/strong><\/p>\n\n\n\n<ul class=\"wp-block-list\">\n<li>Introduzione della fibra e delle FWA<\/li>\n\n\n\n<li>Programmi di connettivit\u00e0 rurale<\/li>\n\n\n\n<li>Modelli di autorizzazione e distribuzione<\/li>\n\n\n\n<li>Economia di rete<\/li>\n<\/ul>\n\n\n\n<h2 class=\"wp-block-heading\" id=\"h-futurenet-world\">Mondo FutureNet<\/h2>\n\n\n\n<p><strong>Data:<\/strong>&nbsp;21 aprile - 22 aprile 2026<br><strong>Posizione:<\/strong>&nbsp;Londra, Regno Unito<\/p>\n\n\n\n<p><strong><a href=\"https:\/\/futurenetworld.net\" target=\"_blank\" rel=\"noreferrer noopener nofollow\">Mondo FutureNet<\/a><\/strong>&nbsp;\u00e8 un evento di telecomunicazioni incentrato sull'automazione delle reti e sul percorso verso le reti autonome. \u00c8 pensato per le organizzazioni CTO, i responsabili dell'ingegneria di rete e delle operazioni.<\/p>\n\n\n\n<figure class=\"wp-block-image size-full\"><img loading=\"lazy\" decoding=\"async\" width=\"1024\" height=\"300\" src=\"http:\/\/tridenstechnology.com\/wp-content\/uploads\/telco-conferences-futurenet-world-2026.webp\" alt=\"banner dell&#039;evento futurenet world 2026\" class=\"wp-image-69919\" srcset=\"https:\/\/d2xqcz296oofyv.cloudfront.net\/wp-content\/uploads\/telco-conferences-futurenet-world-2026.webp 1024w, https:\/\/d2xqcz296oofyv.cloudfront.net\/wp-content\/uploads\/telco-conferences-futurenet-world-2026-300x88.webp 300w, https:\/\/d2xqcz296oofyv.cloudfront.net\/wp-content\/uploads\/telco-conferences-futurenet-world-2026-768x225.webp 768w, https:\/\/d2xqcz296oofyv.cloudfront.net\/wp-content\/uploads\/telco-conferences-futurenet-world-2026-18x5.webp 18w\" sizes=\"(max-width: 1024px) 100vw, 1024px\" \/><\/figure>\n\n\n\n<p><strong>Argomenti principali:<\/strong><\/p>\n\n\n\n<ul class=\"wp-block-list\">\n<li>Quadri di automazione di rete<\/li>\n\n\n\n<li>AIOps e assicurazione<\/li>\n\n\n\n<li>Operazioni ad anello chiuso<\/li>\n\n\n\n<li>Rete basata sugli intenti<\/li>\n<\/ul>\n\n\n\n<h2 class=\"wp-block-heading\" id=\"h-conecta-mexico\">Conecta Messico<\/h2>\n\n\n\n<p><strong>Data:<\/strong>&nbsp;28 aprile - 29 aprile 2026<br><strong>Posizione:<\/strong>&nbsp;Citt\u00e0 del Messico, Messico<\/p>\n\n\n\n<p><strong>Connecta Messico<\/strong>&nbsp;\u00e8 un forum di telecomunicazioni per la leadership degli operatori, le autorit\u00e0 di regolamentazione e i partner tecnologici del Messico. \u00c8 orientato alla struttura del mercato, alle priorit\u00e0 di lancio e alle decisioni di investimento a breve termine.<\/p>\n\n\n\n<figure class=\"wp-block-image size-full\"><img loading=\"lazy\" decoding=\"async\" width=\"1024\" height=\"300\" src=\"http:\/\/tridenstechnology.com\/wp-content\/uploads\/telco-conferences-telco-transformation-latam-connecta-latam-2026.webp\" alt=\"telco transformation latam connecta latam 2026 banner dell&#039;evento\" class=\"wp-image-69932\" srcset=\"https:\/\/d2xqcz296oofyv.cloudfront.net\/wp-content\/uploads\/telco-conferences-telco-transformation-latam-connecta-latam-2026.webp 1024w, https:\/\/d2xqcz296oofyv.cloudfront.net\/wp-content\/uploads\/telco-conferences-telco-transformation-latam-connecta-latam-2026-300x88.webp 300w, https:\/\/d2xqcz296oofyv.cloudfront.net\/wp-content\/uploads\/telco-conferences-telco-transformation-latam-connecta-latam-2026-768x225.webp 768w, https:\/\/d2xqcz296oofyv.cloudfront.net\/wp-content\/uploads\/telco-conferences-telco-transformation-latam-connecta-latam-2026-18x5.webp 18w\" sizes=\"(max-width: 1024px) 100vw, 1024px\" \/><\/figure>\n\n\n\n<p><strong>Argomenti principali:<\/strong><\/p>\n\n\n\n<ul class=\"wp-block-list\">\n<li>Prospettive di lancio del 5G<\/li>\n\n\n\n<li>Priorit\u00e0 di espansione della fibra<\/li>\n\n\n\n<li>Concorrenza e regolamentazione<\/li>\n\n\n\n<li>Strategia dei servizi digitali<\/li>\n<\/ul>\n\n\n\n<h2 class=\"wp-block-heading\" id=\"h-mvno-nation-usa\">MVNO Nation USA<\/h2>\n\n\n\n<p><strong>Data:<\/strong>&nbsp;28 aprile - 29 aprile 2026<br><strong>Posizione:<\/strong>&nbsp;Florida, USA<\/p>\n\n\n\n<p><strong><a href=\"https:\/\/www.mvnonation.com\/usa\" target=\"_blank\" rel=\"noreferrer noopener nofollow\">MVNO Nation USA<\/a><\/strong>&nbsp;\u00e8 un forum commerciale e operativo per MVNO, MNO ospitanti e operatori MVNE\/MVNA. Si concentra sul lancio, la scalabilit\u00e0 e l'economia dell'ecosistema MVNO statunitense.<\/p>\n\n\n\n<figure class=\"wp-block-image size-full\"><img loading=\"lazy\" decoding=\"async\" width=\"1024\" height=\"300\" src=\"http:\/\/tridenstechnology.com\/wp-content\/uploads\/telco-conferences-mvno-nation-usa-2026.webp\" alt=\"banner dell&#039;evento mvno nation usa 2026\" class=\"wp-image-69925\" srcset=\"https:\/\/d2xqcz296oofyv.cloudfront.net\/wp-content\/uploads\/telco-conferences-mvno-nation-usa-2026.webp 1024w, https:\/\/d2xqcz296oofyv.cloudfront.net\/wp-content\/uploads\/telco-conferences-mvno-nation-usa-2026-300x88.webp 300w, https:\/\/d2xqcz296oofyv.cloudfront.net\/wp-content\/uploads\/telco-conferences-mvno-nation-usa-2026-768x225.webp 768w, https:\/\/d2xqcz296oofyv.cloudfront.net\/wp-content\/uploads\/telco-conferences-mvno-nation-usa-2026-18x5.webp 18w\" sizes=\"(max-width: 1024px) 100vw, 1024px\" \/><\/figure>\n\n\n\n<p>Argomenti principali:<\/p>\n\n\n\n<ul class=\"wp-block-list\">\n<li>Modelli di vendita all'ingrosso e di hosting<\/li>\n\n\n\n<li>eSIM e distribuzione digitale<\/li>\n\n\n\n<li>Economia e fidelizzazione degli MVNO<\/li>\n\n\n\n<li>Strategia di segmento e di marchio<\/li>\n<\/ul>\n\n\n\n<h2 class=\"wp-block-heading\" id=\"h-futurenet-middle-east-amp-africa\">FutureNet Medio Oriente e Africa<\/h2>\n\n\n\n<p><strong>Data:<\/strong>&nbsp;12 maggio - 13 maggio 2026<br><strong>Posizione:<\/strong>&nbsp;Dubai, Emirati Arabi Uniti<\/p>\n\n\n\n<p><strong><a href=\"https:\/\/futurenetworld.net\/events\/futurenet-middle-east-north-africa-2026\/\" target=\"_blank\" rel=\"noreferrer noopener nofollow\">FutureNet Medio Oriente e Africa<\/a><\/strong>&nbsp;\u00e8 un'edizione regionale di FutureNet incentrata sull'adozione dell'automazione e dell'IA da parte degli operatori dei Paesi Bassi. Si sottolinea l'operativit\u00e0, la governance e i modelli di implementazione reali.<\/p>\n\n\n\n<figure class=\"wp-block-image size-full\"><img loading=\"lazy\" decoding=\"async\" width=\"1024\" height=\"300\" src=\"http:\/\/tridenstechnology.com\/wp-content\/uploads\/telco-conferences-futurenet-middle-east-and-africa-2026.webp\" alt=\"banner dell&#039;evento futurenet middle east and africa 2026\" class=\"wp-image-69917\" srcset=\"https:\/\/d2xqcz296oofyv.cloudfront.net\/wp-content\/uploads\/telco-conferences-futurenet-middle-east-and-africa-2026.webp 1024w, https:\/\/d2xqcz296oofyv.cloudfront.net\/wp-content\/uploads\/telco-conferences-futurenet-middle-east-and-africa-2026-300x88.webp 300w, https:\/\/d2xqcz296oofyv.cloudfront.net\/wp-content\/uploads\/telco-conferences-futurenet-middle-east-and-africa-2026-768x225.webp 768w, https:\/\/d2xqcz296oofyv.cloudfront.net\/wp-content\/uploads\/telco-conferences-futurenet-middle-east-and-africa-2026-18x5.webp 18w\" sizes=\"(max-width: 1024px) 100vw, 1024px\" \/><\/figure>\n\n\n\n<p><strong>Argomenti principali:<\/strong><\/p>\n\n\n\n<ul class=\"wp-block-list\">\n<li>Modelli operativi AIOps<\/li>\n\n\n\n<li>Automazione su scala<\/li>\n\n\n\n<li>Preparazione del core e dello slicing 5G<\/li>\n\n\n\n<li>Sicurezza e resilienza<\/li>\n<\/ul>\n\n\n\n<h2 class=\"wp-block-heading\" id=\"h-network-x-americas\">Rete X Americas<\/h2>\n\n\n\n<p><strong>Data:<\/strong>&nbsp;18 maggio - 20 maggio 2026<br><strong>Posizione:<\/strong>&nbsp;Dallas, USA<\/p>\n\n\n\n<p><strong><a href=\"https:\/\/tmt.knect365.com\/network-x-americas\/\" target=\"_blank\" rel=\"noreferrer noopener nofollow\">Rete X Americas<\/a><\/strong> riunisce i responsabili delle decisioni in materia di rete fissa, mobile e Wi-Fi in tutto il Nord America. \u00c8 pensato per i leader che gestiscono la convergenza tra le reti di accesso e il cloud delle telco.<\/p>\n\n\n\n<figure class=\"wp-block-image size-full\"><img loading=\"lazy\" decoding=\"async\" width=\"1024\" height=\"300\" src=\"http:\/\/tridenstechnology.com\/wp-content\/uploads\/telco-conferences-network-x-americas-2026.webp\" alt=\"banner dell&#039;evento network x americas 2026\" class=\"wp-image-69930\" srcset=\"https:\/\/d2xqcz296oofyv.cloudfront.net\/wp-content\/uploads\/telco-conferences-network-x-americas-2026.webp 1024w, https:\/\/d2xqcz296oofyv.cloudfront.net\/wp-content\/uploads\/telco-conferences-network-x-americas-2026-300x88.webp 300w, https:\/\/d2xqcz296oofyv.cloudfront.net\/wp-content\/uploads\/telco-conferences-network-x-americas-2026-768x225.webp 768w, https:\/\/d2xqcz296oofyv.cloudfront.net\/wp-content\/uploads\/telco-conferences-network-x-americas-2026-18x5.webp 18w\" sizes=\"(max-width: 1024px) 100vw, 1024px\" \/><\/figure>\n\n\n\n<p><strong>Argomenti principali:<\/strong><\/p>\n\n\n\n<ul class=\"wp-block-list\">\n<li>Convergenza di fibra, FWA e accesso<\/li>\n\n\n\n<li>Evoluzione del 5G e Open RAN<\/li>\n\n\n\n<li>Strategia Wi-Fi e offload<\/li>\n\n\n\n<li>Rete edge e cloud<\/li>\n<\/ul>\n\n\n\n<h2 class=\"wp-block-heading\" id=\"h-international-telecoms-week\">Settimana internazionale delle telecomunicazioni<\/h2>\n\n\n\n<p><strong>Data:<\/strong>&nbsp;19 maggio - 21 maggio 2026<br><strong>Posizione:<\/strong>&nbsp;National Harbor, USA<\/p>\n\n\n\n<p><strong><a href=\"https:\/\/www.internationaltelecomsweek.com\" target=\"_blank\" rel=\"noreferrer noopener nofollow\">Settimana internazionale delle telecomunicazioni (ITW)<\/a><\/strong>&nbsp;\u00e8 l'evento di riferimento per le telecomunicazioni all'ingrosso e le infrastrutture digitali. \u00c8 pensato per i leader responsabili della capacit\u00e0 internazionale, dell'interconnessione e delle partnership con gli ecosistemi.<\/p>\n\n\n\n<figure class=\"wp-block-image size-full\"><img loading=\"lazy\" decoding=\"async\" width=\"1024\" height=\"300\" src=\"http:\/\/tridenstechnology.com\/wp-content\/uploads\/telco-conferences-itw-international-telecoms-week-asia-2026.webp\" alt=\"banner dell&#039;evento itw settimana internazionale delle telecomunicazioni asia 2026\" class=\"wp-image-69923\" srcset=\"https:\/\/d2xqcz296oofyv.cloudfront.net\/wp-content\/uploads\/telco-conferences-itw-international-telecoms-week-asia-2026.webp 1024w, https:\/\/d2xqcz296oofyv.cloudfront.net\/wp-content\/uploads\/telco-conferences-itw-international-telecoms-week-asia-2026-300x88.webp 300w, https:\/\/d2xqcz296oofyv.cloudfront.net\/wp-content\/uploads\/telco-conferences-itw-international-telecoms-week-asia-2026-768x225.webp 768w, https:\/\/d2xqcz296oofyv.cloudfront.net\/wp-content\/uploads\/telco-conferences-itw-international-telecoms-week-asia-2026-18x5.webp 18w\" sizes=\"(max-width: 1024px) 100vw, 1024px\" \/><\/figure>\n\n\n\n<p><strong>Argomenti principali:<\/strong><\/p>\n\n\n\n<ul class=\"wp-block-list\">\n<li>Capacit\u00e0 all'ingrosso e transito IP<\/li>\n\n\n\n<li>Percorsi sottomarini e terrestri<\/li>\n\n\n\n<li>Centri dati e interconnessione<\/li>\n\n\n\n<li>Strategia dei partner e dei prezzi<\/li>\n<\/ul>\n\n\n\n<h2 class=\"wp-block-heading\" id=\"h-mvnos-world\">Mondo MVNO<\/h2>\n\n\n\n<p><strong>Data:<\/strong>&nbsp;01 giugno - 03 giugno 2026<br><strong>Posizione:<\/strong>&nbsp;Amsterdam, Paesi Bassi<\/p>\n\n\n\n<p><strong><a href=\"https:\/\/tmt.knect365.com\/mvnos-world\/\" target=\"_blank\" rel=\"noreferrer noopener nofollow\">Mondo MVNO (Congresso mondiale MVNO)<\/a><\/strong>&nbsp;\u00e8 una conferenza globale di lunga durata incentrata sui modelli operativi MVNO e sull'ecosistema abilitante. \u00c8 un forum pratico per i leader commerciali e i proprietari di piattaforme.<\/p>\n\n\n\n<figure class=\"wp-block-image size-full\"><img loading=\"lazy\" decoding=\"async\" width=\"1024\" height=\"300\" src=\"http:\/\/tridenstechnology.com\/wp-content\/uploads\/telco-conferences-mvnos-world-mvno-world-congress-2026.webp\" alt=\"Congresso mondiale mvnos 2026 banner dell&#039;evento\" class=\"wp-image-69926\" srcset=\"https:\/\/d2xqcz296oofyv.cloudfront.net\/wp-content\/uploads\/telco-conferences-mvnos-world-mvno-world-congress-2026.webp 1024w, https:\/\/d2xqcz296oofyv.cloudfront.net\/wp-content\/uploads\/telco-conferences-mvnos-world-mvno-world-congress-2026-300x88.webp 300w, https:\/\/d2xqcz296oofyv.cloudfront.net\/wp-content\/uploads\/telco-conferences-mvnos-world-mvno-world-congress-2026-768x225.webp 768w, https:\/\/d2xqcz296oofyv.cloudfront.net\/wp-content\/uploads\/telco-conferences-mvnos-world-mvno-world-congress-2026-18x5.webp 18w\" sizes=\"(max-width: 1024px) 100vw, 1024px\" \/><\/figure>\n\n\n\n<p><strong>Argomenti principali:<\/strong><\/p>\n\n\n\n<ul class=\"wp-block-list\">\n<li>Playbook per il lancio di MVNO<\/li>\n\n\n\n<li>Abilitazione della piattaforma e del BSS<\/li>\n\n\n\n<li>Impatti della migrazione eSIM<\/li>\n\n\n\n<li>Modelli MVNO B2B e IoT<\/li>\n<\/ul>\n\n\n\n<h2 class=\"wp-block-heading\" id=\"h-mvno-nation-africa\">MVNO Nation Africa<\/h2>\n\n\n\n<p><strong>Data:<\/strong>&nbsp;09 giugno - 10 giugno 2026<br><strong>Posizione:<\/strong>&nbsp;Citt\u00e0 del Capo, Sudafrica<\/p>\n\n\n\n<p><strong><a href=\"https:\/\/www.mvnonationafrica.com\" target=\"_blank\" rel=\"noreferrer noopener nofollow\">MVNO Nation Africa<\/a><\/strong>&nbsp;\u00e8 un incontro mirato per gli MVNO africani, gli MNO ospitanti e i facilitatori. Si affronta il tema dell'ingresso nel mercato, della regolamentazione e delle operazioni scalabili nei contesti africani.<\/p>\n\n\n\n<figure class=\"wp-block-image size-full\"><img loading=\"lazy\" decoding=\"async\" width=\"1024\" height=\"300\" src=\"http:\/\/tridenstechnology.com\/wp-content\/uploads\/telco-conferences-mvno-nation-2026.webp\" alt=\"banner dell&#039;evento mvno nation 2026\" class=\"wp-image-69924\" srcset=\"https:\/\/d2xqcz296oofyv.cloudfront.net\/wp-content\/uploads\/telco-conferences-mvno-nation-2026.webp 1024w, https:\/\/d2xqcz296oofyv.cloudfront.net\/wp-content\/uploads\/telco-conferences-mvno-nation-2026-300x88.webp 300w, https:\/\/d2xqcz296oofyv.cloudfront.net\/wp-content\/uploads\/telco-conferences-mvno-nation-2026-768x225.webp 768w, https:\/\/d2xqcz296oofyv.cloudfront.net\/wp-content\/uploads\/telco-conferences-mvno-nation-2026-18x5.webp 18w\" sizes=\"(max-width: 1024px) 100vw, 1024px\" \/><\/figure>\n\n\n\n<p><strong>Argomenti principali:<\/strong><\/p>\n\n\n\n<ul class=\"wp-block-list\">\n<li>Quadri normativi<\/li>\n\n\n\n<li>Partnership all'ingrosso<\/li>\n\n\n\n<li>Realt\u00e0 prepagate e di distribuzione<\/li>\n\n\n\n<li>Differenziazione MVNO<\/li>\n<\/ul>\n\n\n\n<h2 class=\"wp-block-heading\" id=\"h-mwc-kigali\">MWC Kigali<\/h2>\n\n\n\n<p><strong>Data:<\/strong>&nbsp;16 giugno - 18 giugno 2026<br><strong>Posizione:<\/strong>&nbsp;Kigali, Ruanda<\/p>\n\n\n\n<p><strong><a href=\"https:\/\/www.mwckigali.com\" target=\"_blank\" rel=\"noreferrer noopener nofollow\">MWC Kigali<\/a><\/strong>&nbsp;\u00e8 l'evento regionale della GSMA per l'Africa, che riunisce operatori, responsabili politici e partner tecnologici. Si concentra sulla crescita della connettivit\u00e0, sull'inclusione digitale e sullo sviluppo del mercato.<\/p>\n\n\n\n<figure class=\"wp-block-image size-full\"><img loading=\"lazy\" decoding=\"async\" width=\"1024\" height=\"300\" src=\"http:\/\/tridenstechnology.com\/wp-content\/uploads\/telco-conferences-mwc-mobile-world-congress-kigali-2026.webp\" alt=\"banner dell&#039;evento mwc mobile world congress kigali 2026\" class=\"wp-image-69940\" srcset=\"https:\/\/d2xqcz296oofyv.cloudfront.net\/wp-content\/uploads\/telco-conferences-mwc-mobile-world-congress-kigali-2026.webp 1024w, https:\/\/d2xqcz296oofyv.cloudfront.net\/wp-content\/uploads\/telco-conferences-mwc-mobile-world-congress-kigali-2026-300x88.webp 300w, https:\/\/d2xqcz296oofyv.cloudfront.net\/wp-content\/uploads\/telco-conferences-mwc-mobile-world-congress-kigali-2026-768x225.webp 768w, https:\/\/d2xqcz296oofyv.cloudfront.net\/wp-content\/uploads\/telco-conferences-mwc-mobile-world-congress-kigali-2026-18x5.webp 18w\" sizes=\"(max-width: 1024px) 100vw, 1024px\" \/><\/figure>\n\n\n\n<p><strong>Argomenti principali:<\/strong><\/p>\n\n\n\n<ul class=\"wp-block-list\">\n<li>Espansione della copertura ed economia<\/li>\n\n\n\n<li>Programmi di inclusione digitale<\/li>\n\n\n\n<li>Soldi mobili e giochi di piattaforma<\/li>\n\n\n\n<li>Partenariati infrastrutturali<\/li>\n<\/ul>\n\n\n\n<h2 class=\"wp-block-heading\" id=\"h-dtw-ignite\">DTW Ignite<\/h2>\n\n\n\n<p><strong>Data:<\/strong>&nbsp;23 giugno - 25 giugno 2026<br><strong>Posizione:<\/strong>&nbsp;Copenaghen, Danimarca<\/p>\n\n\n\n<p><strong><a href=\"https:\/\/www.tmforum.org\/events\/dtw\" target=\"_blank\" rel=\"noreferrer noopener nofollow\">DTW Ignite<\/a><\/strong>&nbsp;\u00e8 una conferenza sulla trasformazione delle telecomunicazioni basata sulla collaborazione del settore su framework, API e modelli operativi. \u00c8 importante per i leader che guidano la trasformazione OSS\/BSS, l'automazione e l'impresa.<\/p>\n\n\n\n<figure class=\"wp-block-image size-full\"><img loading=\"lazy\" decoding=\"async\" width=\"1024\" height=\"300\" src=\"http:\/\/tridenstechnology.com\/wp-content\/uploads\/telco-conferences-dtw-ignite-2026.webp\" alt=\"banner dell&#039;evento dtw ignite 2026\" class=\"wp-image-69914\" srcset=\"https:\/\/d2xqcz296oofyv.cloudfront.net\/wp-content\/uploads\/telco-conferences-dtw-ignite-2026.webp 1024w, https:\/\/d2xqcz296oofyv.cloudfront.net\/wp-content\/uploads\/telco-conferences-dtw-ignite-2026-300x88.webp 300w, https:\/\/d2xqcz296oofyv.cloudfront.net\/wp-content\/uploads\/telco-conferences-dtw-ignite-2026-768x225.webp 768w, https:\/\/d2xqcz296oofyv.cloudfront.net\/wp-content\/uploads\/telco-conferences-dtw-ignite-2026-18x5.webp 18w\" sizes=\"(max-width: 1024px) 100vw, 1024px\" \/><\/figure>\n\n\n\n<p><strong>Argomenti principali:<\/strong><\/p>\n\n\n\n<ul class=\"wp-block-list\">\n<li>Architetture IT componibili<\/li>\n\n\n\n<li>API aperte e interoperabilit\u00e0<\/li>\n\n\n\n<li>Pratiche di reti autonome<\/li>\n\n\n\n<li>Governance dei dati e dell'IA<\/li>\n<\/ul>\n\n\n\n<h2 class=\"wp-block-heading\" id=\"h-mwc-shanghai\">MWC Shanghai<\/h2>\n\n\n\n<p><strong>Data:<\/strong>&nbsp;24 giugno - 26 giugno 2026<br><strong>Posizione:<\/strong>&nbsp;Shanghai, Cina<\/p>\n\n\n\n<p><strong><a href=\"https:\/\/www.mwcshanghai.com\" target=\"_blank\" rel=\"noreferrer noopener nofollow\">MWC Shanghai<\/a><\/strong> \u00e8 un importante evento sulla connettivit\u00e0 dell'Asia-Pacifico con una forte rappresentanza di operatori cinesi e regionali. \u00c8 un luogo pratico per comprendere i modelli di distribuzione e le dinamiche dell'ecosistema dell'APAC.<\/p>\n\n\n\n<figure class=\"wp-block-image size-full\"><img loading=\"lazy\" decoding=\"async\" width=\"1024\" height=\"300\" src=\"http:\/\/tridenstechnology.com\/wp-content\/uploads\/telco-conferences-mwc-mobile-world-congress-shanghai-2026.webp\" alt=\"banner dell&#039;evento mwc mobile world congress shanghai 2026\" class=\"wp-image-69928\" srcset=\"https:\/\/d2xqcz296oofyv.cloudfront.net\/wp-content\/uploads\/telco-conferences-mwc-mobile-world-congress-shanghai-2026.webp 1024w, https:\/\/d2xqcz296oofyv.cloudfront.net\/wp-content\/uploads\/telco-conferences-mwc-mobile-world-congress-shanghai-2026-300x88.webp 300w, https:\/\/d2xqcz296oofyv.cloudfront.net\/wp-content\/uploads\/telco-conferences-mwc-mobile-world-congress-shanghai-2026-768x225.webp 768w, https:\/\/d2xqcz296oofyv.cloudfront.net\/wp-content\/uploads\/telco-conferences-mwc-mobile-world-congress-shanghai-2026-18x5.webp 18w\" sizes=\"(max-width: 1024px) 100vw, 1024px\" \/><\/figure>\n\n\n\n<p><strong>Argomenti principali:<\/strong><\/p>\n\n\n\n<ul class=\"wp-block-list\">\n<li>Priorit\u00e0 5G-Advanced<\/li>\n\n\n\n<li>Adozione dell'IA nelle reti<\/li>\n\n\n\n<li>IoT e connettivit\u00e0 industriale<\/li>\n\n\n\n<li>Dispositivi e direzione dell'ecosistema<\/li>\n<\/ul>\n\n\n\n<h2 class=\"wp-block-heading\" id=\"h-telco-transformation-latam\">Trasformazione telco LATAM<\/h2>\n\n\n\n<p><strong>Data:<\/strong>&nbsp;19 agosto - 20 agosto 2026<br><strong>Posizione:<\/strong>&nbsp;Rio de Janeiro, Brasile<\/p>\n\n\n\n<p><strong><a href=\"https:\/\/www.conecta-latam.com\/telcotransformation\" target=\"_blank\" rel=\"noreferrer noopener nofollow\">Trasformazione telco LATAM<\/a><\/strong>&nbsp;\u00e8 una conferenza regionale incentrata sulla trasformazione degli operatori in America Latina. Si rivolge ai leader responsabili della modernizzazione delle reti, dei modelli operativi e dei portafogli di servizi.<\/p>\n\n\n\n<figure class=\"wp-block-image size-full\"><img loading=\"lazy\" decoding=\"async\" width=\"1024\" height=\"300\" src=\"http:\/\/tridenstechnology.com\/wp-content\/uploads\/telco-conferences-telco-transformation-latam-connecta-latam-2026.webp\" alt=\"telco transformation latam connecta latam 2026 banner dell&#039;evento\" class=\"wp-image-69932\" srcset=\"https:\/\/d2xqcz296oofyv.cloudfront.net\/wp-content\/uploads\/telco-conferences-telco-transformation-latam-connecta-latam-2026.webp 1024w, https:\/\/d2xqcz296oofyv.cloudfront.net\/wp-content\/uploads\/telco-conferences-telco-transformation-latam-connecta-latam-2026-300x88.webp 300w, https:\/\/d2xqcz296oofyv.cloudfront.net\/wp-content\/uploads\/telco-conferences-telco-transformation-latam-connecta-latam-2026-768x225.webp 768w, https:\/\/d2xqcz296oofyv.cloudfront.net\/wp-content\/uploads\/telco-conferences-telco-transformation-latam-connecta-latam-2026-18x5.webp 18w\" sizes=\"(max-width: 1024px) 100vw, 1024px\" \/><\/figure>\n\n\n\n<p><strong>Argomenti principali:<\/strong><\/p>\n\n\n\n<ul class=\"wp-block-list\">\n<li>Esecuzione e monetizzazione del 5G<\/li>\n\n\n\n<li>Scalabilit\u00e0 della fibra e della dorsale<\/li>\n\n\n\n<li>Automazione ed efficienza<\/li>\n\n\n\n<li>Rischio di sicurezza e di frode<\/li>\n<\/ul>\n\n\n\n<h2 class=\"wp-block-heading\" id=\"h-itw-africa\">ITW Africa<\/h2>\n\n\n\n<p><strong>Data:<\/strong>&nbsp;08 settembre - 10 settembre 2026<br><strong>Posizione:<\/strong>&nbsp;Nairobi, Kenya<\/p>\n\n\n\n<p><strong><a href=\"https:\/\/www.internationaltelecomsweekafrica.com\" target=\"_blank\" rel=\"noreferrer noopener nofollow\">ITW Africa<\/a><\/strong>&nbsp;riunisce la comunit\u00e0 della connettivit\u00e0 all'ingrosso con un'attenzione specifica allo sviluppo dell'infrastruttura africana. \u00c8 pensato per gli operatori internazionali e regionali che gestiscono la capacit\u00e0 e l'interconnessione.<\/p>\n\n\n\n<figure class=\"wp-block-image size-full\"><img loading=\"lazy\" decoding=\"async\" width=\"1024\" height=\"300\" src=\"http:\/\/tridenstechnology.com\/wp-content\/uploads\/telco-conferences-itw-international-telecoms-week-africa-2026.webp\" alt=\"banner dell&#039;evento itw settimana internazionale delle telecomunicazioni africa 2026\" class=\"wp-image-69922\" srcset=\"https:\/\/d2xqcz296oofyv.cloudfront.net\/wp-content\/uploads\/telco-conferences-itw-international-telecoms-week-africa-2026.webp 1024w, https:\/\/d2xqcz296oofyv.cloudfront.net\/wp-content\/uploads\/telco-conferences-itw-international-telecoms-week-africa-2026-300x88.webp 300w, https:\/\/d2xqcz296oofyv.cloudfront.net\/wp-content\/uploads\/telco-conferences-itw-international-telecoms-week-africa-2026-768x225.webp 768w, https:\/\/d2xqcz296oofyv.cloudfront.net\/wp-content\/uploads\/telco-conferences-itw-international-telecoms-week-africa-2026-18x5.webp 18w\" sizes=\"(max-width: 1024px) 100vw, 1024px\" \/><\/figure>\n\n\n\n<p><strong>Argomenti principali:<\/strong><\/p>\n\n\n\n<ul class=\"wp-block-list\">\n<li>Fibra sottomarina e transfrontaliera<\/li>\n\n\n\n<li>Interconnessione e crescita IX<\/li>\n\n\n\n<li>Ecosistema dei centri dati<\/li>\n\n\n\n<li>Cloud e localizzazione dei contenuti<\/li>\n<\/ul>\n\n\n\n<h2 class=\"wp-block-heading\" id=\"h-futurenet-asia\">FutureNet Asia<\/h2>\n\n\n\n<p><strong>Data:<\/strong>&nbsp;23 settembre - 24 settembre 2026<br><strong>Posizione:<\/strong>&nbsp;Baia di Marina, Singapore<\/p>\n\n\n\n<p><strong><a href=\"https:\/\/futurenetworld.net\/events\/futurenet-asia-2026\/\" target=\"_blank\" rel=\"noreferrer noopener nofollow\">FutureNet Asia<\/a><\/strong>&nbsp;\u00e8 l'edizione APAC della serie FutureNet, incentrata sull'automazione e l'intelligenza artificiale per le reti telco. \u00c8 orientata ai leader incaricati di scalare le operazioni e migliorare le prestazioni attraverso il software.<\/p>\n\n\n\n<figure class=\"wp-block-image size-full\"><img loading=\"lazy\" decoding=\"async\" width=\"1024\" height=\"300\" src=\"http:\/\/tridenstechnology.com\/wp-content\/uploads\/telco-conferences-futurenet-asia-2026.webp\" alt=\"banner dell&#039;evento futurenet asia 2026\" class=\"wp-image-69916\" srcset=\"https:\/\/d2xqcz296oofyv.cloudfront.net\/wp-content\/uploads\/telco-conferences-futurenet-asia-2026.webp 1024w, https:\/\/d2xqcz296oofyv.cloudfront.net\/wp-content\/uploads\/telco-conferences-futurenet-asia-2026-300x88.webp 300w, https:\/\/d2xqcz296oofyv.cloudfront.net\/wp-content\/uploads\/telco-conferences-futurenet-asia-2026-768x225.webp 768w, https:\/\/d2xqcz296oofyv.cloudfront.net\/wp-content\/uploads\/telco-conferences-futurenet-asia-2026-18x5.webp 18w\" sizes=\"(max-width: 1024px) 100vw, 1024px\" \/><\/figure>\n\n\n\n<p><strong>Argomenti principali:<\/strong><\/p>\n\n\n\n<ul class=\"wp-block-list\">\n<li>AIOps e assicurazione<\/li>\n\n\n\n<li>Tooling e governance dell'automazione<\/li>\n\n\n\n<li>Evoluzione del core 5G<\/li>\n\n\n\n<li>Integrazione di edge e cloud<\/li>\n<\/ul>\n\n\n\n<h2 class=\"wp-block-heading\" id=\"h-futurecom\">Futurecom<\/h2>\n\n\n\n<p><strong>Data:<\/strong>&nbsp;06 ottobre - 08 ottobre 2026<br><strong>Posizione:<\/strong>&nbsp;San Paolo, Brasile<\/p>\n\n\n\n<p><strong><a href=\"https:\/\/www.futurecom.com.br\/en\/home.html\" target=\"_blank\" rel=\"noreferrer noopener nofollow\">Futurecom<\/a><\/strong> \u00e8 un importante evento latinoamericano che abbraccia i settori delle telecomunicazioni, dell'IT e della trasformazione digitale. \u00c8 utilizzato dagli operatori e dagli acquirenti aziendali per valutare l'implementazione pratica della tecnologia e le partnership.<\/p>\n\n\n\n<figure class=\"wp-block-image size-full\"><img loading=\"lazy\" decoding=\"async\" width=\"1024\" height=\"300\" src=\"http:\/\/tridenstechnology.com\/wp-content\/uploads\/telco-conferences-futurecom-2026.webp\" alt=\"banner dell&#039;evento futurecom 2026\" class=\"wp-image-69915\" srcset=\"https:\/\/d2xqcz296oofyv.cloudfront.net\/wp-content\/uploads\/telco-conferences-futurecom-2026.webp 1024w, https:\/\/d2xqcz296oofyv.cloudfront.net\/wp-content\/uploads\/telco-conferences-futurecom-2026-300x88.webp 300w, https:\/\/d2xqcz296oofyv.cloudfront.net\/wp-content\/uploads\/telco-conferences-futurecom-2026-768x225.webp 768w, https:\/\/d2xqcz296oofyv.cloudfront.net\/wp-content\/uploads\/telco-conferences-futurecom-2026-18x5.webp 18w\" sizes=\"(max-width: 1024px) 100vw, 1024px\" \/><\/figure>\n\n\n\n<p><strong>Argomenti principali:<\/strong><\/p>\n\n\n\n<ul class=\"wp-block-list\">\n<li>5G e connettivit\u00e0 aziendale<\/li>\n\n\n\n<li>Soluzioni IoT e verticali<\/li>\n\n\n\n<li>Cloud e cybersicurezza<\/li>\n\n\n\n<li>Casi di studio sulla trasformazione digitale<\/li>\n<\/ul>\n\n\n\n<h2 class=\"wp-block-heading\" id=\"h-network-x\">Rete X<\/h2>\n\n\n\n<p><strong>Data:<\/strong>&nbsp;13 ottobre - 15 ottobre 2026<br><strong>Posizione:<\/strong>&nbsp;Vienna, Austria<\/p>\n\n\n\n<p><strong><a href=\"https:\/\/networkxevent.com\" target=\"_blank\" rel=\"noreferrer noopener nofollow\">Rete X<\/a><\/strong>&nbsp;\u00e8 una conferenza europea sulle telecomunicazioni che si occupa di strategia di rete fissa e mobile, modernizzazione e convergenza. \u00c8 importante per i responsabili delle decisioni che definiscono le roadmap di accesso, trasporto e cloud delle telco.<\/p>\n\n\n\n<figure class=\"wp-block-image size-full\"><img loading=\"lazy\" decoding=\"async\" width=\"1024\" height=\"300\" src=\"http:\/\/tridenstechnology.com\/wp-content\/uploads\/telco-conferences-network-x-2026.webp\" alt=\"rete x 2026 banner evento\" class=\"wp-image-69929\" srcset=\"https:\/\/d2xqcz296oofyv.cloudfront.net\/wp-content\/uploads\/telco-conferences-network-x-2026.webp 1024w, https:\/\/d2xqcz296oofyv.cloudfront.net\/wp-content\/uploads\/telco-conferences-network-x-2026-300x88.webp 300w, https:\/\/d2xqcz296oofyv.cloudfront.net\/wp-content\/uploads\/telco-conferences-network-x-2026-768x225.webp 768w, https:\/\/d2xqcz296oofyv.cloudfront.net\/wp-content\/uploads\/telco-conferences-network-x-2026-18x5.webp 18w\" sizes=\"(max-width: 1024px) 100vw, 1024px\" \/><\/figure>\n\n\n\n<p><strong>Argomenti principali:<\/strong><\/p>\n\n\n\n<ul class=\"wp-block-list\">\n<li>Strategie di diffusione della fibra<\/li>\n\n\n\n<li>Evoluzione e roadmap del 5G<\/li>\n\n\n\n<li>Telco cloud ed edge<\/li>\n\n\n\n<li>IA per le operazioni di rete<\/li>\n<\/ul>\n\n\n\n<h2 class=\"wp-block-heading\" id=\"h-mvno-nation-live\">MVNO Nation in diretta <\/h2>\n\n\n\n<p><strong>Data:<\/strong>&nbsp;03 novembre - 05 novembre 2026<br><strong>Posizione:<\/strong>&nbsp;Alicante, Spagna<\/p>\n\n\n\n<p><strong><a href=\"https:\/\/www.mvnonationlive.com\" target=\"_blank\" rel=\"noreferrer noopener nofollow\">MVNO Nation in diretta<\/a><\/strong>&nbsp;\u00e8 un incontro globale di MVNO basato sullo scambio pratico tra pari e sull'allineamento dell'ecosistema. Riunisce i leader degli MVNO, gli MNO ospitanti e i facilitatori di funzioni commerciali e di prodotto.<\/p>\n\n\n\n<figure class=\"wp-block-image size-full\"><img loading=\"lazy\" decoding=\"async\" width=\"1024\" height=\"300\" src=\"http:\/\/tridenstechnology.com\/wp-content\/uploads\/telco-conferences-mvno-nation-2026.webp\" alt=\"banner dell&#039;evento mvno nation 2026\" class=\"wp-image-69924\" srcset=\"https:\/\/d2xqcz296oofyv.cloudfront.net\/wp-content\/uploads\/telco-conferences-mvno-nation-2026.webp 1024w, https:\/\/d2xqcz296oofyv.cloudfront.net\/wp-content\/uploads\/telco-conferences-mvno-nation-2026-300x88.webp 300w, https:\/\/d2xqcz296oofyv.cloudfront.net\/wp-content\/uploads\/telco-conferences-mvno-nation-2026-768x225.webp 768w, https:\/\/d2xqcz296oofyv.cloudfront.net\/wp-content\/uploads\/telco-conferences-mvno-nation-2026-18x5.webp 18w\" sizes=\"(max-width: 1024px) 100vw, 1024px\" \/><\/figure>\n\n\n\n<p><strong>Argomenti principali:<\/strong><\/p>\n\n\n\n<ul class=\"wp-block-list\">\n<li>Accordi e prezzi all'ingrosso<\/li>\n\n\n\n<li>Crescita e onboarding delle eSIM<\/li>\n\n\n\n<li>Ritenzione e redditivit\u00e0<\/li>\n\n\n\n<li>Opportunit\u00e0 B2B e IoT<\/li>\n<\/ul>\n\n\n\n<h2 class=\"wp-block-heading\" id=\"h-futurenet-north-america\">FutureNet Nord America<\/h2>\n\n\n\n<p><strong>Data:<\/strong>&nbsp;04 novembre - 05 novembre 2026<br><strong>Posizione:<\/strong>&nbsp;New York, USA<\/p>\n\n\n\n<p><strong><a href=\"https:\/\/futurenetworld.net\/events\/futurenet-north-america-2026\/\" target=\"_blank\" rel=\"noreferrer noopener nofollow\">FutureNet Nord America<\/a><\/strong>&nbsp;si concentra sull'automazione di rete e sull'intelligenza artificiale nel contesto degli operatori statunitensi e canadesi. Si rivolge ai leader dell'ingegneria e delle operazioni che traducono le ambizioni di automazione in un'esecuzione ripetibile.<\/p>\n\n\n\n<figure class=\"wp-block-image size-full\"><img loading=\"lazy\" decoding=\"async\" width=\"1024\" height=\"300\" src=\"http:\/\/tridenstechnology.com\/wp-content\/uploads\/telco-conferences-futurenet-north-america-2026.webp\" alt=\"banner dell&#039;evento futurenet nord america 2026\" class=\"wp-image-69918\" srcset=\"https:\/\/d2xqcz296oofyv.cloudfront.net\/wp-content\/uploads\/telco-conferences-futurenet-north-america-2026.webp 1024w, https:\/\/d2xqcz296oofyv.cloudfront.net\/wp-content\/uploads\/telco-conferences-futurenet-north-america-2026-300x88.webp 300w, https:\/\/d2xqcz296oofyv.cloudfront.net\/wp-content\/uploads\/telco-conferences-futurenet-north-america-2026-768x225.webp 768w, https:\/\/d2xqcz296oofyv.cloudfront.net\/wp-content\/uploads\/telco-conferences-futurenet-north-america-2026-18x5.webp 18w\" sizes=\"(max-width: 1024px) 100vw, 1024px\" \/><\/figure>\n\n\n\n<p><strong>Argomenti principali:<\/strong><\/p>\n\n\n\n<ul class=\"wp-block-list\">\n<li>Modelli di implementazione AIOps<\/li>\n\n\n\n<li>Garanzia del ciclo chiuso<\/li>\n\n\n\n<li>Rete cloud-nativa<\/li>\n\n\n\n<li>Trasformazione operativa<\/li>\n<\/ul>\n\n\n\n<h2 class=\"wp-block-heading\" id=\"h-conecta-peru\">Conecta Per\u00f9<\/h2>\n\n\n\n<p><strong>Data:<\/strong>&nbsp;10 novembre - 11 novembre 2026<br><strong>Posizione:<\/strong>&nbsp;Lima, Per\u00f9<\/p>\n\n\n\n<p><strong><a href=\"https:\/\/www.conecta-latam.com\/peru\" target=\"_blank\" rel=\"noreferrer noopener nofollow\">Connecta Per\u00f9<\/a><\/strong>&nbsp;\u00e8 un forum di telecomunicazioni per il mercato peruviano che riunisce operatori, autorit\u00e0 di regolamentazione e partner tecnologici. Si concentra sulle priorit\u00e0 di lancio e sui vincoli pratici legati alla geografia e alle infrastrutture.<\/p>\n\n\n\n<figure class=\"wp-block-image size-full\"><img loading=\"lazy\" decoding=\"async\" width=\"1024\" height=\"300\" src=\"http:\/\/tridenstechnology.com\/wp-content\/uploads\/telco-conferences-connecta-peru-2026.webp\" alt=\"banner dell&#039;evento connecta peru 2026\" class=\"wp-image-69937\" srcset=\"https:\/\/d2xqcz296oofyv.cloudfront.net\/wp-content\/uploads\/telco-conferences-connecta-peru-2026.webp 1024w, https:\/\/d2xqcz296oofyv.cloudfront.net\/wp-content\/uploads\/telco-conferences-connecta-peru-2026-300x88.webp 300w, https:\/\/d2xqcz296oofyv.cloudfront.net\/wp-content\/uploads\/telco-conferences-connecta-peru-2026-768x225.webp 768w, https:\/\/d2xqcz296oofyv.cloudfront.net\/wp-content\/uploads\/telco-conferences-connecta-peru-2026-18x5.webp 18w\" sizes=\"(max-width: 1024px) 100vw, 1024px\" \/><\/figure>\n\n\n\n<p><strong>Argomenti principali:<\/strong><\/p>\n\n\n\n<ul class=\"wp-block-list\">\n<li>Espansione della fibra e piani di backbone<\/li>\n\n\n\n<li>Tempistiche e prerequisiti del 5G<\/li>\n\n\n\n<li>Modelli di copertura rurale<\/li>\n\n\n\n<li>Priorit\u00e0 della sicurezza di rete<\/li>\n<\/ul>\n\n\n\n<h2 class=\"wp-block-heading\" id=\"h-africa-tech-festival\">Africa Tech Festival<\/h2>\n\n\n\n<p><strong>Data:<\/strong>&nbsp;16 novembre - 19 novembre 2026<br><strong>Posizione:<\/strong>&nbsp;Citt\u00e0 del Capo, Sudafrica<\/p>\n\n\n\n<p><strong><a href=\"https:\/\/africatechfestival.com\" target=\"_blank\" rel=\"noreferrer noopener nofollow\">Africa Tech Festival<\/a><\/strong> \u00e8 un grande evento regionale in cui le telecomunicazioni si intersecano con la tecnologia e le politiche aziendali pi\u00f9 ampie. \u00c8 una piattaforma per gli operatori e gli attori dell'ecosistema digitale per allinearsi sulla crescita del mercato e sulle partnership.<\/p>\n\n\n\n<figure class=\"wp-block-image size-full\"><img loading=\"lazy\" decoding=\"async\" width=\"1024\" height=\"300\" src=\"http:\/\/tridenstechnology.com\/wp-content\/uploads\/telco-conferences-africa-tech-festival-2026.webp\" alt=\"banner dell&#039;evento africa tech festival 2026\" class=\"wp-image-69909\" srcset=\"https:\/\/d2xqcz296oofyv.cloudfront.net\/wp-content\/uploads\/telco-conferences-africa-tech-festival-2026.webp 1024w, https:\/\/d2xqcz296oofyv.cloudfront.net\/wp-content\/uploads\/telco-conferences-africa-tech-festival-2026-300x88.webp 300w, https:\/\/d2xqcz296oofyv.cloudfront.net\/wp-content\/uploads\/telco-conferences-africa-tech-festival-2026-768x225.webp 768w, https:\/\/d2xqcz296oofyv.cloudfront.net\/wp-content\/uploads\/telco-conferences-africa-tech-festival-2026-18x5.webp 18w\" sizes=\"(max-width: 1024px) 100vw, 1024px\" \/><\/figure>\n\n\n\n<p><strong>Argomenti principali:<\/strong><\/p>\n\n\n\n<ul class=\"wp-block-list\">\n<li>Priorit\u00e0 di investimento nella connettivit\u00e0<\/li>\n\n\n\n<li>Discussioni sulla politica e sullo spettro<\/li>\n\n\n\n<li>Ecosistemi fintech e piattaforme<\/li>\n\n\n\n<li>Sicurezza informatica e resilienza<\/li>\n<\/ul>\n\n\n\n<h2 class=\"wp-block-heading\" id=\"h-telecoms-world-asia-nbsp\">Mondo delle telecomunicazioni Asia&nbsp;<\/h2>\n\n\n\n<p><strong>Data:<\/strong>&nbsp;27 novembre 2026<br><strong>Posizione:<\/strong>&nbsp;Bangkok, Thailandia<\/p>\n\n\n\n<p><strong><a href=\"https:\/\/www.terrapinn.com\/conference\/telecoms-world-asia\/index.stm\" target=\"_blank\" rel=\"noreferrer noopener nofollow\">Mondo Telecom Asia<\/a><\/strong>&nbsp;\u00e8 una conferenza regionale sulle telecomunicazioni per i leader degli operatori dell'APAC e i partner dell'ecosistema. \u00c8 stata progettata per tradurre la strategia di rete e digitale in priorit\u00e0 di esecuzione nei diversi mercati asiatici e sar\u00e0 presente in loco per scambiare prospettive sui modelli operativi degli operatori, sulle sequenze di modernizzazione e sulle realt\u00e0 della monetizzazione nell'APAC.<\/p>\n\n\n\n<figure class=\"wp-block-image size-full\"><img loading=\"lazy\" decoding=\"async\" width=\"1024\" height=\"300\" src=\"http:\/\/tridenstechnology.com\/wp-content\/uploads\/telco-conferences-twa-telecoms-world-asia-2026.webp\" alt=\"banner dell&#039;evento twa telecoms world asia 2026\" class=\"wp-image-69933\" srcset=\"https:\/\/d2xqcz296oofyv.cloudfront.net\/wp-content\/uploads\/telco-conferences-twa-telecoms-world-asia-2026.webp 1024w, https:\/\/d2xqcz296oofyv.cloudfront.net\/wp-content\/uploads\/telco-conferences-twa-telecoms-world-asia-2026-300x88.webp 300w, https:\/\/d2xqcz296oofyv.cloudfront.net\/wp-content\/uploads\/telco-conferences-twa-telecoms-world-asia-2026-768x225.webp 768w, https:\/\/d2xqcz296oofyv.cloudfront.net\/wp-content\/uploads\/telco-conferences-twa-telecoms-world-asia-2026-18x5.webp 18w\" sizes=\"(max-width: 1024px) 100vw, 1024px\" \/><\/figure>\n\n\n\n<p><strong>Argomenti principali:<\/strong><\/p>\n\n\n\n<ul class=\"wp-block-list\">\n<li>Priorit\u00e0 di modernizzazione della rete<\/li>\n\n\n\n<li>Servizi digitali e monetizzazione<\/li>\n\n\n\n<li>Partnership e strategia dell'ecosistema<\/li>\n\n\n\n<li>Esperienza del cliente e dati<\/li>\n<\/ul>\n\n\n\n<h2 class=\"wp-block-heading\" id=\"h-itw-asia\">ITW Asia<\/h2>\n\n\n\n<p><strong>Data:<\/strong>&nbsp;02 dicembre - 03 dicembre 2026<br><strong>Posizione:<\/strong>&nbsp;Singapore<\/p>\n\n\n\n<p><strong><a href=\"https:\/\/internationaltelecomsweekasia.com\" target=\"_blank\" rel=\"noreferrer noopener nofollow\">ITW Asia<\/a><\/strong>&nbsp;\u00e8 un forum sulla connettivit\u00e0 all'ingrosso e sulle infrastrutture digitali con sede nei mercati dell'APAC. Si rivolge ai leader responsabili della capacit\u00e0 internazionale, della strategia di interconnessione e delle partnership infrastrutturali.<\/p>\n\n\n\n<figure class=\"wp-block-image size-full\"><img loading=\"lazy\" decoding=\"async\" width=\"1024\" height=\"300\" src=\"http:\/\/tridenstechnology.com\/wp-content\/uploads\/telco-conferences-itw-international-telecoms-week-asia-2026.webp\" alt=\"banner dell&#039;evento itw settimana internazionale delle telecomunicazioni asia 2026\" class=\"wp-image-69923\" srcset=\"https:\/\/d2xqcz296oofyv.cloudfront.net\/wp-content\/uploads\/telco-conferences-itw-international-telecoms-week-asia-2026.webp 1024w, https:\/\/d2xqcz296oofyv.cloudfront.net\/wp-content\/uploads\/telco-conferences-itw-international-telecoms-week-asia-2026-300x88.webp 300w, https:\/\/d2xqcz296oofyv.cloudfront.net\/wp-content\/uploads\/telco-conferences-itw-international-telecoms-week-asia-2026-768x225.webp 768w, https:\/\/d2xqcz296oofyv.cloudfront.net\/wp-content\/uploads\/telco-conferences-itw-international-telecoms-week-asia-2026-18x5.webp 18w\" sizes=\"(max-width: 1024px) 100vw, 1024px\" \/><\/figure>\n\n\n\n<p><strong>Argomenti principali:<\/strong><\/p>\n\n\n\n<ul class=\"wp-block-list\">\n<li>Capacit\u00e0 e instradamento all'ingrosso<\/li>\n\n\n\n<li>Interconnessione e peering<\/li>\n\n\n\n<li>Centri dati e adiacenze del cloud<\/li>\n\n\n\n<li>Pianificazione della resilienza e della ridondanza<\/li>\n<\/ul>\n\n\n\n<p class=\"has-text-color has-link-color wp-elements-a1c3337365dafbd5345dd52deff07b33\" style=\"color:#171c46;font-size:36px\"><strong>Conclusione<\/strong><\/p>\n\n\n\n<p>La partecipazione a questi 25 eventi di telecomunicazione \u00e8 fondamentale per i leader delle telecomunicazioni che cercano una visibilit\u00e0 tempestiva sui cambiamenti del mercato, sulla direzione delle normative e sui modelli di esecuzione.<\/p>\n\n\n\n<p>Questi forum rimangono il contesto pi\u00f9 efficace per la creazione di partenariati tra operatori ed ecosistemi, dove le decisioni complesse beneficiano di un dialogo diretto e tecnico.<\/p>\n\n\n\n<p>Non vediamo l'ora di riallacciare i contatti con i colleghi del settore e di scambiare prospettive sulla prossima fase del settore.<\/p>","protected":false},"excerpt":{"rendered":"<p>Scopra le principali conferenze telco a cui partecipare e si aggiorni sulle tendenze delle telecomunicazioni, sulle innovazioni e sulle opportunit\u00e0 di networking.<\/p>","protected":false},"author":9,"featured_media":69935,"comment_status":"open","ping_status":"open","sticky":false,"template":"","format":"standard","meta":{"footnotes":""},"categories":[16],"tags":[],"class_list":["post-45934","post","type-post","status-publish","format-standard","has-post-thumbnail","hentry","category-news","category-16","description-off"],"yoast_head":"<!-- This site is optimized with the Yoast SEO Premium plugin v27.4 (Yoast SEO v27.4) - https:\/\/yoast.com\/product\/yoast-seo-premium-wordpress\/ -->\n<title>Top Telco Events, Exhibitions, and Conferences in 2026 - Tridens<\/title>\n<meta name=\"description\" content=\"Discover top telco conferences in 2026 to attend and get updates on telecommunications trends, innovations, and networking opportunities.\" \/>\n<meta name=\"robots\" content=\"index, follow, max-snippet:-1, max-image-preview:large, max-video-preview:-1\" \/>\n<link rel=\"canonical\" href=\"https:\/\/tridenstechnology.com\/it\/conferenze-telco\/\" \/>\n<meta property=\"og:locale\" content=\"it_IT\" \/>\n<meta property=\"og:type\" content=\"article\" \/>\n<meta property=\"og:title\" content=\"Top Telco Events, Exhibitions, and Conferences in 2026\" \/>\n<meta property=\"og:description\" content=\"Discover top telco conferences in 2026 to attend and get updates on telecommunications trends, innovations, and networking opportunities.\" \/>\n<meta property=\"og:url\" content=\"https:\/\/tridenstechnology.com\/it\/conferenze-telco\/\" \/>\n<meta property=\"og:site_name\" content=\"Tridens\" \/>\n<meta property=\"article:publisher\" content=\"https:\/\/www.facebook.com\/tridenstechnology\" \/>\n<meta property=\"article:published_time\" content=\"2026-01-12T13:27:06+00:00\" \/>\n<meta property=\"article:modified_time\" content=\"2026-03-24T14:12:52+00:00\" \/>\n<meta property=\"og:image\" content=\"https:\/\/tridenstechnology.com\/wp-content\/uploads\/telco-conferences-2.webp\" \/>\n\t<meta property=\"og:image:width\" content=\"1024\" \/>\n\t<meta property=\"og:image:height\" content=\"498\" \/>\n\t<meta property=\"og:image:type\" content=\"image\/webp\" \/>\n<meta name=\"author\" content=\"\u017diga Lesjak\" \/>\n<meta name=\"twitter:card\" content=\"summary_large_image\" \/>\n<meta name=\"twitter:creator\" content=\"@TridensTech\" \/>\n<meta name=\"twitter:site\" content=\"@TridensTech\" \/>\n<meta name=\"twitter:label1\" content=\"Scritto da\" \/>\n\t<meta name=\"twitter:data1\" content=\"\u017diga Lesjak\" \/>\n\t<meta name=\"twitter:label2\" content=\"Tempo di lettura stimato\" \/>\n\t<meta name=\"twitter:data2\" content=\"15 minuti\" \/>\n<!-- \/ Yoast SEO Premium plugin. -->","yoast_head_json":{"title":"I principali eventi, mostre e conferenze Telco nel 2026 - Tridens","description":"Scoprite le principali conferenze sulle telecomunicazioni del 2026 a cui partecipare e aggiornatevi sulle tendenze delle telecomunicazioni, sulle innovazioni e sulle opportunit\u00e0 di networking.","robots":{"index":"index","follow":"follow","max-snippet":"max-snippet:-1","max-image-preview":"max-image-preview:large","max-video-preview":"max-video-preview:-1"},"canonical":"https:\/\/tridenstechnology.com\/it\/conferenze-telco\/","og_locale":"it_IT","og_type":"article","og_title":"Top Telco Events, Exhibitions, and Conferences in 2026","og_description":"Discover top telco conferences in 2026 to attend and get updates on telecommunications trends, innovations, and networking opportunities.","og_url":"https:\/\/tridenstechnology.com\/it\/conferenze-telco\/","og_site_name":"Tridens","article_publisher":"https:\/\/www.facebook.com\/tridenstechnology","article_published_time":"2026-01-12T13:27:06+00:00","article_modified_time":"2026-03-24T14:12:52+00:00","og_image":[{"width":1024,"height":498,"url":"https:\/\/tridenstechnology.com\/wp-content\/uploads\/telco-conferences-2.webp","type":"image\/webp"}],"author":"\u017diga Lesjak","twitter_card":"summary_large_image","twitter_creator":"@TridensTech","twitter_site":"@TridensTech","twitter_misc":{"Scritto da":"\u017diga Lesjak","Tempo di lettura stimato":"15 minuti"},"schema":{"@context":"https:\/\/schema.org","@graph":[{"@type":"Article","@id":"https:\/\/tridenstechnology.com\/telco-conferences\/#article","isPartOf":{"@id":"https:\/\/tridenstechnology.com\/telco-conferences\/"},"author":{"name":"\u017diga Lesjak","@id":"https:\/\/tridenstechnology.com\/#\/schema\/person\/c114502d398eba1e5b7ab72a9f201884"},"headline":"Top Telco Events, Exhibitions, and Conferences in 2026","datePublished":"2026-01-12T13:27:06+00:00","dateModified":"2026-03-24T14:12:52+00:00","mainEntityOfPage":{"@id":"https:\/\/tridenstechnology.com\/telco-conferences\/"},"wordCount":1968,"commentCount":1,"publisher":{"@id":"https:\/\/tridenstechnology.com\/#organization"},"image":{"@id":"https:\/\/tridenstechnology.com\/telco-conferences\/#primaryimage"},"thumbnailUrl":"https:\/\/d2xqcz296oofyv.cloudfront.net\/wp-content\/uploads\/telco-conferences-2.webp","articleSection":["News"],"inLanguage":"it-IT","potentialAction":[{"@type":"CommentAction","name":"Comment","target":["https:\/\/tridenstechnology.com\/telco-conferences\/#respond"]}],"accessibilityFeature":["tableOfContents"]},{"@type":"WebPage","@id":"https:\/\/tridenstechnology.com\/telco-conferences\/","url":"https:\/\/tridenstechnology.com\/telco-conferences\/","name":"I principali eventi, mostre e conferenze Telco nel 2026 - Tridens","isPartOf":{"@id":"https:\/\/tridenstechnology.com\/#website"},"primaryImageOfPage":{"@id":"https:\/\/tridenstechnology.com\/telco-conferences\/#primaryimage"},"image":{"@id":"https:\/\/tridenstechnology.com\/telco-conferences\/#primaryimage"},"thumbnailUrl":"https:\/\/d2xqcz296oofyv.cloudfront.net\/wp-content\/uploads\/telco-conferences-2.webp","datePublished":"2026-01-12T13:27:06+00:00","dateModified":"2026-03-24T14:12:52+00:00","description":"Scoprite le principali conferenze sulle telecomunicazioni del 2026 a cui partecipare e aggiornatevi sulle tendenze delle telecomunicazioni, sulle innovazioni e sulle opportunit\u00e0 di networking.","breadcrumb":{"@id":"https:\/\/tridenstechnology.com\/telco-conferences\/#breadcrumb"},"inLanguage":"it-IT","potentialAction":[{"@type":"ReadAction","target":["https:\/\/tridenstechnology.com\/telco-conferences\/"]}]},{"@type":"ImageObject","inLanguage":"it-IT","@id":"https:\/\/tridenstechnology.com\/telco-conferences\/#primaryimage","url":"https:\/\/d2xqcz296oofyv.cloudfront.net\/wp-content\/uploads\/telco-conferences-2.webp","contentUrl":"https:\/\/d2xqcz296oofyv.cloudfront.net\/wp-content\/uploads\/telco-conferences-2.webp","width":1024,"height":498,"caption":"telco conferences 2026 happening around the globe"},{"@type":"BreadcrumbList","@id":"https:\/\/tridenstechnology.com\/telco-conferences\/#breadcrumb","itemListElement":[{"@type":"ListItem","position":1,"name":"Home","item":"https:\/\/tridenstechnology.com\/"},{"@type":"ListItem","position":2,"name":"Top Telco Events, Exhibitions, and Conferences in 2026"}]},{"@type":"WebSite","@id":"https:\/\/tridenstechnology.com\/#website","url":"https:\/\/tridenstechnology.com\/","name":"Tridens","description":"Monetizzazione, fatturazione e ricarica EV","publisher":{"@id":"https:\/\/tridenstechnology.com\/#organization"},"potentialAction":[{"@type":"SearchAction","target":{"@type":"EntryPoint","urlTemplate":"https:\/\/tridenstechnology.com\/?s={search_term_string}"},"query-input":{"@type":"PropertyValueSpecification","valueRequired":true,"valueName":"search_term_string"}}],"inLanguage":"it-IT"},{"@type":"Organization","@id":"https:\/\/tridenstechnology.com\/#organization","name":"Tridens","url":"https:\/\/tridenstechnology.com\/","logo":{"@type":"ImageObject","inLanguage":"it-IT","@id":"https:\/\/tridenstechnology.com\/#\/schema\/logo\/image\/","url":"https:\/\/d2xqcz296oofyv.cloudfront.net\/wp-content\/uploads\/2019\/02\/tridens_logo_invert.png","contentUrl":"https:\/\/d2xqcz296oofyv.cloudfront.net\/wp-content\/uploads\/2019\/02\/tridens_logo_invert.png","width":600,"height":191,"caption":"Tridens"},"image":{"@id":"https:\/\/tridenstechnology.com\/#\/schema\/logo\/image\/"},"sameAs":["https:\/\/www.facebook.com\/tridenstechnology","https:\/\/x.com\/TridensTech","https:\/\/www.instagram.com\/tridenstechnology\/","https:\/\/www.linkedin.com\/company\/tridens","https:\/\/www.youtube.com\/user\/TridensIT"]},{"@type":"Person","@id":"https:\/\/tridenstechnology.com\/#\/schema\/person\/c114502d398eba1e5b7ab72a9f201884","name":"\u017diga Lesjak","image":{"@type":"ImageObject","inLanguage":"it-IT","@id":"https:\/\/secure.gravatar.com\/avatar\/a46da957691f5add544cf2e0c5ea7556bf85fc853539e71e3a2b5200d5951fad?s=96&d=mm&r=g","url":"https:\/\/secure.gravatar.com\/avatar\/a46da957691f5add544cf2e0c5ea7556bf85fc853539e71e3a2b5200d5951fad?s=96&d=mm&r=g","contentUrl":"https:\/\/secure.gravatar.com\/avatar\/a46da957691f5add544cf2e0c5ea7556bf85fc853539e71e3a2b5200d5951fad?s=96&d=mm&r=g","caption":"\u017diga Lesjak"},"description":"\u017diga Lesjak \u00e8 il digital marketer di Tridens, con oltre 7 anni di esperienza nel marketing. Ha un master e una passione per la tecnologia, l'innovazione e l'adrenalina.","sameAs":["https:\/\/www.linkedin.com\/in\/zlesjak\/"],"url":"https:\/\/tridenstechnology.com\/it\/author\/ziga-lesjaktridenstechnology-com\/"}]}},"_links":{"self":[{"href":"https:\/\/tridenstechnology.com\/it\/wp-json\/wp\/v2\/posts\/45934","targetHints":{"allow":["GET"]}}],"collection":[{"href":"https:\/\/tridenstechnology.com\/it\/wp-json\/wp\/v2\/posts"}],"about":[{"href":"https:\/\/tridenstechnology.com\/it\/wp-json\/wp\/v2\/types\/post"}],"author":[{"embeddable":true,"href":"https:\/\/tridenstechnology.com\/it\/wp-json\/wp\/v2\/users\/9"}],"replies":[{"embeddable":true,"href":"https:\/\/tridenstechnology.com\/it\/wp-json\/wp\/v2\/comments?post=45934"}],"version-history":[{"count":3,"href":"https:\/\/tridenstechnology.com\/it\/wp-json\/wp\/v2\/posts\/45934\/revisions"}],"predecessor-version":[{"id":69942,"href":"https:\/\/tridenstechnology.com\/it\/wp-json\/wp\/v2\/posts\/45934\/revisions\/69942"}],"wp:featuredmedia":[{"embeddable":true,"href":"https:\/\/tridenstechnology.com\/it\/wp-json\/wp\/v2\/media\/69935"}],"wp:attachment":[{"href":"https:\/\/tridenstechnology.com\/it\/wp-json\/wp\/v2\/media?parent=45934"}],"wp:term":[{"taxonomy":"category","embeddable":true,"href":"https:\/\/tridenstechnology.com\/it\/wp-json\/wp\/v2\/categories?post=45934"},{"taxonomy":"post_tag","embeddable":true,"href":"https:\/\/tridenstechnology.com\/it\/wp-json\/wp\/v2\/tags?post=45934"}],"curies":[{"name":"wp","href":"https:\/\/api.w.org\/{rel}","templated":true}]}}