{"id":70105,"date":"2026-01-16T15:59:43","date_gmt":"2026-01-16T13:59:43","guid":{"rendered":"https:\/\/tridenstechnology.com\/?p=70105"},"modified":"2026-04-14T14:36:56","modified_gmt":"2026-04-14T12:36:56","slug":"evenements-sur-lenergie-conferences","status":"publish","type":"post","link":"https:\/\/tridenstechnology.com\/fr\/energy-events-conferences\/","title":{"rendered":"Principaux \u00e9v\u00e9nements et conf\u00e9rences sur l'\u00e9nergie et les services publics en 2026"},"content":{"rendered":"<p><strong><em>Vous recherchez des salons et des conf\u00e9rences sur l'\u00e9nergie ? Consultez notre liste des 10 salons de l'\u00e9nergie les plus incontournables pour savoir comment y participer.<\/em><\/strong><\/p>\n\n\n\n<div class=\"wp-block-yoast-seo-table-of-contents yoast-table-of-contents\"><h2>Table des mati\u00e8res<\/h2><ul><li><a href=\"#h-world-future-energy-summit\" data-level=\"2\">Sommet mondial sur les \u00e9nergies du futur<\/a><\/li><li><a href=\"#h-e-world-energy-amp-water\" data-level=\"2\">E-monde de l'\u00e9nergie et de l'eau<\/a><\/li><li><a href=\"#h-key\" data-level=\"2\">CL\u00c9<\/a><\/li><li><a href=\"#h-world-smart-energy-week\" data-level=\"2\">Semaine mondiale de l'\u00e9nergie intelligente<\/a><\/li><li><a href=\"#h-snec-pv-power-expo\" data-level=\"2\">SNEC PV Power Expo<\/a><\/li><li><a href=\"#h-the-smarter-e-europe-intersolar-europe\" data-level=\"2\">L'Europe intelligente (Intersolar Europe)<\/a><\/li><li><a href=\"#h-wetex-amp-dubai-solar-show\" data-level=\"2\">WETEX et salon solaire de Duba\u00ef<\/a><\/li><li><a href=\"#h-adipec\" data-level=\"2\">ADIPEC<\/a><\/li><li><a href=\"#h-enlit-europe\" data-level=\"2\">\u00c9largir l'Europe<\/a><\/li><li><a href=\"#h-re\" data-level=\"2\">RE+<\/a><\/li><\/ul><\/div>\n\n\n\n<p>En 2026, les secteurs de l'\u00e9nergie et des services publics sont contraints de passer au vert et de moderniser leurs technologies. Si les outils en ligne sont utiles, les rencontres en personne restent le meilleur moyen d'\u00e9tablir les partenariats n\u00e9cessaires pour atteindre les objectifs climatiques de 2030.<\/p>\n\n\n\n<p>Ces \u00e9v\u00e9nements aident les dirigeants \u00e0 r\u00e9soudre les probl\u00e8mes li\u00e9s au r\u00e9seau \u00e9lectrique et \u00e0 g\u00e9rer le passage \u00e0 l'\u00e9nergie propre. Nous avons dress\u00e9 la liste des 10 principaux \u00e9v\u00e9nements li\u00e9s \u00e0 l'\u00e9nergie et aux services publics pour 2026 afin de vous aider \u00e0 garder une longueur d'avance.<\/p>\n\n\n\n<p>Tridens sera pr\u00e9sent \u00e0 ces \u00e9v\u00e9nements pour montrer comment&nbsp;<a href=\"https:\/\/tridenstechnology.com\/energy-utility\/\">Tridens Monetization<\/a> plateforme de facturation multiservice enti\u00e8rement configurable qui automatise le processus du compteur \u00e0 l'encaissement pour les fournisseurs d'\u00e9nergie et de services publics.<\/p>\n\n\n\n<p class=\"has-text-color has-link-color wp-elements-10e0a3db7b5c62a5aa61bb9809999e96\" style=\"color:#171c46;font-size:36px\"><strong>Liste des \u00e9v\u00e9nements sur l'\u00e9nergie en 2026<\/strong><\/p>\n\n\n\n<figure class=\"wp-block-table\"><table class=\"has-fixed-layout\"><thead><tr><th>Nom de l'\u00e9v\u00e9nement<\/th><th>Date<\/th><th>Localisation<\/th><\/tr><\/thead><tbody><tr><td><a href=\"http:\/\/h-world-future-energy-summit\">Sommet mondial sur les \u00e9nergies du futur<\/a><\/td><td>13-15 janvier 2026<\/td><td>Abu Dhabi, EAU<\/td><\/tr><tr><td><a href=\"http:\/\/h-e-world-energy-amp-water\">E-monde de l'\u00e9nergie et de l'eau<\/a><\/td><td>10-12 f\u00e9vrier 2026<\/td><td>Essen, Allemagne<\/td><\/tr><tr><td><a href=\"http:\/\/h-key\">CL\u00c9<\/a><\/td><td>Du 4 au 6 mars 2026<\/td><td>Rimini, Italie<\/td><\/tr><tr><td><a href=\"http:\/\/h-world-smart-energy-week\">Semaine mondiale de l'\u00e9nergie intelligente<\/a><\/td><td>17-19 mars 2026<\/td><td>Tokyo, Japon<\/td><\/tr><tr><td><a href=\"http:\/\/h-snec-pv-power-expo\">SNEC PV Power Expo<\/a><\/td><td>Du 3 au 5 juin 2026<\/td><td>Shanghai, Chine<\/td><\/tr><tr><td><a href=\"http:\/\/h-the-smarter-e-europe-intersolar-europe\">L'Europe intelligente (Intersolar Europe)<\/a><\/td><td>23-25 juin 2026<\/td><td>Munich, Allemagne<\/td><\/tr><tr><td><a href=\"http:\/\/h-wetex-amp-dubai-solar-show\">WETEX et salon solaire de Duba\u00ef<\/a><\/td><td>20-22 octobre 2026<\/td><td>Duba\u00ef, EAU<\/td><\/tr><tr><td><a href=\"http:\/\/h-adipec\">ADIPEC<\/a><\/td><td>Du 2 au 5 novembre 2026<\/td><td>Abu Dhabi, EAU<\/td><\/tr><tr><td><a href=\"http:\/\/h-enlit-europe\">\u00c9largir l'Europe<\/a><\/td><td>10-12 novembre 2026<\/td><td>Vienne, Autriche<\/td><\/tr><tr><td><a href=\"http:\/\/h-re\">RE+<\/a><\/td><td>Du 16 au 19 novembre 2026<\/td><td>Las Vegas, \u00c9tats-Unis<\/td><\/tr><\/tbody><\/table><\/figure>\n\n\n\n<div style=\"height:40px\" aria-hidden=\"true\" class=\"wp-block-spacer\"><\/div>\n\n\n\n<h2 class=\"wp-block-heading\" id=\"h-world-future-energy-summit\">Sommet mondial sur les \u00e9nergies du futur<\/h2>\n\n\n\n<p><strong>Date :<\/strong> 13-15 janvier 2026<br><strong>Lieu de travail :<\/strong> Abu Dhabi, EAU<\/p>\n\n\n\n<p><strong><a href=\"https:\/\/www.worldfutureenergysummit.com\/\" target=\"_blank\" rel=\"noreferrer noopener nofollow\">Sommet mondial de l'\u00e9nergie du futur (WFES)<\/a><\/strong>&nbsp;est l'\u00e9v\u00e9nement annuel phare du Moyen-Orient en mati\u00e8re d'\u00e9nergies renouvelables et de d\u00e9veloppement durable, organis\u00e9 par Masdar dans le cadre de la Semaine du d\u00e9veloppement durable d'Abou Dhabi. Le sommet de 2026 sera sa plus grande \u00e9dition \u00e0 ce jour, r\u00e9unissant des leaders mondiaux de l'\u00e9nergie propre, des d\u00e9cideurs politiques et des investisseurs pour pr\u00e9senter les innovations dans le domaine de l'\u00e9nergie durable. Le WFES, qui est d\u00e9j\u00e0 l'une des plateformes d'\u00e9nergie propre les plus influentes de la r\u00e9gion, sert de plaque tournante mondiale pour faire avancer les projets renouvelables et les solutions climatiques. Les participants peuvent s'attendre \u00e0 des discussions de haut niveau sur l'expansion des technologies propres et la traduction des engagements nets z\u00e9ro en projets r\u00e9alisables.<\/p>\n\n\n\n<figure class=\"wp-block-image size-full\"><img fetchpriority=\"high\" decoding=\"async\" width=\"1024\" height=\"300\" src=\"https:\/\/tridenstechnology.com\/wp-content\/uploads\/energy-events-conferences-world-future-energy-summit-2026.webp\" alt=\"banni\u00e8re du sommet mondial de l&#039;\u00e9nergie du futur 2026\" class=\"wp-image-70114\" srcset=\"https:\/\/d2xqcz296oofyv.cloudfront.net\/wp-content\/uploads\/energy-events-conferences-world-future-energy-summit-2026.webp 1024w, https:\/\/d2xqcz296oofyv.cloudfront.net\/wp-content\/uploads\/energy-events-conferences-world-future-energy-summit-2026-300x88.webp 300w, https:\/\/d2xqcz296oofyv.cloudfront.net\/wp-content\/uploads\/energy-events-conferences-world-future-energy-summit-2026-768x225.webp 768w, https:\/\/d2xqcz296oofyv.cloudfront.net\/wp-content\/uploads\/energy-events-conferences-world-future-energy-summit-2026-18x5.webp 18w\" sizes=\"(max-width: 1024px) 100vw, 1024px\" \/><\/figure>\n\n\n\n<p><strong>Th\u00e8mes principaux :<\/strong><\/p>\n\n\n\n<ul class=\"wp-block-list\">\n<li>Perc\u00e9es dans le domaine des \u00e9nergies renouvelables<\/li>\n\n\n\n<li>Politique et finances climatiques<\/li>\n\n\n\n<li>Innovation \u00e9nerg\u00e9tique<\/li>\n\n\n\n<li>Villes durables et eau<\/li>\n<\/ul>\n\n\n\n<h2 class=\"wp-block-heading\" id=\"h-e-world-energy-amp-water\">E-monde de l'\u00e9nergie et de l'eau<\/h2>\n\n\n\n<p><strong>Date :<\/strong> 10-12 f\u00e9vrier 2026<br><strong>Lieu de travail : <\/strong>Essen, Allemagne<\/p>\n\n\n\n<p><strong><a href=\"https:\/\/e-world-essen.com\/en\/\">E-monde de l'\u00e9nergie et de l'eau<\/a><\/strong>&nbsp;est connu sous le nom de&nbsp;<em>\u201cLe lieu de rencontre de l'industrie europ\u00e9enne de l'\u00e9nergie\u201d<\/em>. Organis\u00e9 chaque ann\u00e9e \u00e0 Essen, ce salon et cette conf\u00e9rence europ\u00e9ens de premier plan rassemblent des fournisseurs d'\u00e9nergie, des op\u00e9rateurs de r\u00e9seaux, des services publics et des entreprises de technologies propres de tout le continent. E-world 2026 proposera un solide programme de conf\u00e9rences avec des experts internationaux, ax\u00e9 sur les aspects op\u00e9rationnels et commerciaux des secteurs de l'\u00e9nergie et de l'eau. Pour les professionnels des services publics europ\u00e9ens, il s'agit d'un \u00e9v\u00e9nement cl\u00e9 pour explorer les derni\u00e8res nouveaut\u00e9s en mati\u00e8re de gestion de l'\u00e9nergie, de politique et d'innovation, le tout dans un environnement propice au r\u00e9seautage qui favorise l'\u00e9change de connaissances et les partenariats.<\/p>\n\n\n\n<figure class=\"wp-block-image size-full\"><img decoding=\"async\" width=\"1024\" height=\"300\" src=\"https:\/\/tridenstechnology.com\/wp-content\/uploads\/ev-conferences-emobility-events-e-world-energy-and-water-2026-1x.webp\" alt=\"banni\u00e8re de l&#039;\u00e9v\u00e9nement e-world energy and water 2026\" class=\"wp-image-69783\" srcset=\"https:\/\/d2xqcz296oofyv.cloudfront.net\/wp-content\/uploads\/ev-conferences-emobility-events-e-world-energy-and-water-2026-1x.webp 1024w, https:\/\/d2xqcz296oofyv.cloudfront.net\/wp-content\/uploads\/ev-conferences-emobility-events-e-world-energy-and-water-2026-1x-300x88.webp 300w, https:\/\/d2xqcz296oofyv.cloudfront.net\/wp-content\/uploads\/ev-conferences-emobility-events-e-world-energy-and-water-2026-1x-768x225.webp 768w, https:\/\/d2xqcz296oofyv.cloudfront.net\/wp-content\/uploads\/ev-conferences-emobility-events-e-world-energy-and-water-2026-1x-18x5.webp 18w\" sizes=\"(max-width: 1024px) 100vw, 1024px\" \/><\/figure>\n\n\n\n<p><strong>Th\u00e8mes principaux :<\/strong><\/p>\n\n\n\n<ul class=\"wp-block-list\">\n<li>March\u00e9s et politiques \u00e9nerg\u00e9tiques<\/li>\n\n\n\n<li>R\u00e9seaux intelligents et num\u00e9risation&nbsp;<\/li>\n\n\n\n<li>Int\u00e9gration des \u00e9nergies renouvelables<\/li>\n\n\n\n<li>Infrastructures pour l'eau et l'\u00e9nergie<\/li>\n<\/ul>\n\n\n\n<h2 class=\"wp-block-heading\" id=\"h-key\">CL\u00c9<\/h2>\n\n\n\n<p><strong>Date :<\/strong> Du 4 au 6 mars 2026<br><strong>Lieu de travail :<\/strong> Rimini, Italie<\/p>\n\n\n\n<p><strong><a href=\"https:\/\/www.key-expo.com\/en\" target=\"_blank\" rel=\"noreferrer noopener nofollow\">KEY - L'exposition sur la transition \u00e9nerg\u00e9tique<\/a><\/strong>&nbsp;(anciennement Key Energy) est le principal salon italien consacr\u00e9 aux \u00e9nergies renouvelables et \u00e0 la transition \u00e9cologique. Accueilli au Rimini Expo Centre, K.EY rassemble les professionnels de l'industrie, les fournisseurs de technologies et les d\u00e9cideurs politiques de toute l'Europe du Sud et de la M\u00e9diterran\u00e9e. L'exposition 2026 pr\u00e9sentera des solutions int\u00e9gr\u00e9es pour d\u00e9carboniser les syst\u00e8mes \u00e9lectriques - couvrant le solaire, l'\u00e9olien, le stockage de l'\u00e9nergie et les technologies d'efficacit\u00e9. Dans le cadre d'une plateforme d'exposition plus large sur le d\u00e9veloppement durable, KEY offre un aper\u00e7u complet des innovations qui conduisent \u00e0 la transition vers l'\u00e9nergie propre, ce qui en fait un rassemblement de printemps important pour les strat\u00e8ges de l'\u00e9nergie et les fournisseurs de solutions.<\/p>\n\n\n\n<figure class=\"wp-block-image size-full\"><img decoding=\"async\" width=\"1024\" height=\"300\" src=\"https:\/\/tridenstechnology.com\/wp-content\/uploads\/ev-conferences-emobility-events-key-the-energy-transition-expo-2026-1x.webp\" alt=\"banni\u00e8re de l&#039;\u00e9v\u00e9nement key the energy transition expo 2026\" class=\"wp-image-69787\" srcset=\"https:\/\/d2xqcz296oofyv.cloudfront.net\/wp-content\/uploads\/ev-conferences-emobility-events-key-the-energy-transition-expo-2026-1x.webp 1024w, https:\/\/d2xqcz296oofyv.cloudfront.net\/wp-content\/uploads\/ev-conferences-emobility-events-key-the-energy-transition-expo-2026-1x-300x88.webp 300w, https:\/\/d2xqcz296oofyv.cloudfront.net\/wp-content\/uploads\/ev-conferences-emobility-events-key-the-energy-transition-expo-2026-1x-768x225.webp 768w, https:\/\/d2xqcz296oofyv.cloudfront.net\/wp-content\/uploads\/ev-conferences-emobility-events-key-the-energy-transition-expo-2026-1x-18x5.webp 18w\" sizes=\"(max-width: 1024px) 100vw, 1024px\" \/><\/figure>\n\n\n\n<p><strong>Th\u00e8mes principaux :<\/strong><\/p>\n\n\n\n<ul class=\"wp-block-list\">\n<li>Technologie solaire et photovolta\u00efque&nbsp;<\/li>\n\n\n\n<li>D\u00e9veloppement de l'\u00e9nergie \u00e9olienne<\/li>\n\n\n\n<li>Hydrog\u00e8ne et stockage<\/li>\n\n\n\n<li>Efficacit\u00e9 \u00e9nerg\u00e9tique et e-mobilit\u00e9<\/li>\n<\/ul>\n\n\n\n<h2 class=\"wp-block-heading\" id=\"h-world-smart-energy-week\">Semaine mondiale de l'\u00e9nergie intelligente<\/h2>\n\n\n\n<p><strong>Date : <\/strong>17-19 mars 2026<br><strong>Lieu de travail : <\/strong>Tokyo, Japon<\/p>\n\n\n\n<p><strong><a href=\"https:\/\/www.wsew.jp\/hub\/en-gb.html\" target=\"_blank\" rel=\"noreferrer noopener nofollow\">Semaine mondiale de l'\u00e9nergie intelligente<\/a><\/strong>&nbsp;est l'une des plus grandes s\u00e9ries d'expositions sur l'\u00e9nergie intelligente au monde, qui se tient plusieurs fois par an au Japon (l'\u00e9dition principale ayant lieu chaque ann\u00e9e en mars \u00e0 Tokyo). Cet \u00e9v\u00e9nement rassemble en un seul lieu une gamme compl\u00e8te de technologies li\u00e9es aux \u00e9nergies renouvelables, allant de l'hydrog\u00e8ne et des piles \u00e0 combustible \u00e0 l'\u00e9nergie solaire photovolta\u00efque, aux batteries, \u00e0 l'\u00e9nergie \u00e9olienne, \u00e0 la biomasse et aux r\u00e9seaux intelligents. Lors de l'\u00e9dition 2026 \u00e0 Tokyo, des dizaines de milliers de visiteurs rencontreront des exposants et participeront \u00e0 des s\u00e9minaires couvrant l'ensemble de l'\u00e9cosyst\u00e8me des \u00e9nergies propres. La semaine mondiale de l'\u00e9nergie intelligente est la principale plateforme commerciale d'Asie pour les \u00e9nergies renouvelables, o\u00f9 les entreprises et les experts internationaux se rencontrent pour acc\u00e9l\u00e9rer les projets et les partenariats sur les march\u00e9s de l'\u00e9nergie propre en plein essor dans la r\u00e9gion.<\/p>\n\n\n\n<figure class=\"wp-block-image size-full\"><img loading=\"lazy\" decoding=\"async\" width=\"1024\" height=\"300\" src=\"https:\/\/tridenstechnology.com\/wp-content\/uploads\/energy-events-conferences-world-smart-energy-week-2026.webp\" alt=\"banni\u00e8re de la semaine mondiale de l&#039;\u00e9nergie intelligente 2026\" class=\"wp-image-70115\" srcset=\"https:\/\/d2xqcz296oofyv.cloudfront.net\/wp-content\/uploads\/energy-events-conferences-world-smart-energy-week-2026.webp 1024w, https:\/\/d2xqcz296oofyv.cloudfront.net\/wp-content\/uploads\/energy-events-conferences-world-smart-energy-week-2026-300x88.webp 300w, https:\/\/d2xqcz296oofyv.cloudfront.net\/wp-content\/uploads\/energy-events-conferences-world-smart-energy-week-2026-768x225.webp 768w, https:\/\/d2xqcz296oofyv.cloudfront.net\/wp-content\/uploads\/energy-events-conferences-world-smart-energy-week-2026-18x5.webp 18w\" sizes=\"(max-width: 1024px) 100vw, 1024px\" \/><\/figure>\n\n\n\n<p><strong>Th\u00e8mes principaux :<\/strong><\/p>\n\n\n\n<ul class=\"wp-block-list\">\n<li>Spectre des \u00e9nergies renouvelables<\/li>\n\n\n\n<li>Hydrog\u00e8ne et piles \u00e0 combustible&nbsp;<\/li>\n\n\n\n<li>Stockage sur batterie&nbsp;<\/li>\n\n\n\n<li>R\u00e9seaux intelligents et IdO<\/li>\n<\/ul>\n\n\n\n<h2 class=\"wp-block-heading\" id=\"h-snec-pv-power-expo\">SNEC PV Power Expo<\/h2>\n\n\n\n<p><strong>Date : <\/strong>Du 3 au 5 juin 2026<br><strong>Lieu de travail :<\/strong> Shanghai, Chine<\/p>\n\n\n\n<p><strong><a href=\"https:\/\/www.snec-pv.com\/\" target=\"_blank\" rel=\"noreferrer noopener nofollow\">SNEC PV Power Expo<\/a><\/strong>&nbsp;\u00e0 Shanghai est une conf\u00e9rence et une exposition d'influence mondiale ax\u00e9e sur les technologies solaires photovolta\u00efques et de stockage de l'\u00e9nergie. En tant que plus grande exposition photovolta\u00efque au monde, la SNEC est devenue une v\u00e9ritable plateforme internationale avec plus de 3 000 entreprises de plus de 95 pays qui y ont particip\u00e9 ces derni\u00e8res ann\u00e9es. L'\u00e9dition 2026 (la 19e SNEC) continuera \u00e0 mettre en valeur les technologies photovolta\u00efques et de stockage de l'\u00e9nergie.&nbsp;<em>l'ensemble de la cha\u00eene de l'industrie photovolta\u00efque solaire<\/em>&nbsp;- des mat\u00e9riaux \u00e0 base de silicium et des \u00e9quipements de fabrication aux cellules, aux modules et \u00e0 l'int\u00e9gration des syst\u00e8mes. Pour les professionnels de l'industrie solaire, les d\u00e9veloppeurs et les investisseurs, la SNEC offre une occasion unique de d\u00e9couvrir les innovations les plus r\u00e9centes en mati\u00e8re de photovolta\u00efque et de batteries, et d'entrer en contact avec le march\u00e9 des \u00e9nergies renouvelables en plein essor en Asie.<\/p>\n\n\n\n<figure class=\"wp-block-image size-full\"><img loading=\"lazy\" decoding=\"async\" width=\"1024\" height=\"300\" src=\"https:\/\/tridenstechnology.com\/wp-content\/uploads\/energy-events-conferences-snec-pv-power-expo-2026.webp\" alt=\"snec pv power expo 2026 event banner\" class=\"wp-image-70122\" srcset=\"https:\/\/d2xqcz296oofyv.cloudfront.net\/wp-content\/uploads\/energy-events-conferences-snec-pv-power-expo-2026.webp 1024w, https:\/\/d2xqcz296oofyv.cloudfront.net\/wp-content\/uploads\/energy-events-conferences-snec-pv-power-expo-2026-300x88.webp 300w, https:\/\/d2xqcz296oofyv.cloudfront.net\/wp-content\/uploads\/energy-events-conferences-snec-pv-power-expo-2026-768x225.webp 768w, https:\/\/d2xqcz296oofyv.cloudfront.net\/wp-content\/uploads\/energy-events-conferences-snec-pv-power-expo-2026-18x5.webp 18w\" sizes=\"(max-width: 1024px) 100vw, 1024px\" \/><\/figure>\n\n\n\n<p><strong>Th\u00e8mes principaux :<\/strong><\/p>\n\n\n\n<ul class=\"wp-block-list\">\n<li>Innovations dans la fabrication de produits solaires&nbsp;<\/li>\n\n\n\n<li>Int\u00e9gration du stockage de l'\u00e9nergie<\/li>\n\n\n\n<li>Tendances du march\u00e9 mondial<\/li>\n\n\n\n<li>\u00c9nergie intelligente et micro-r\u00e9seaux<\/li>\n<\/ul>\n\n\n\n<h2 class=\"wp-block-heading\" id=\"h-the-smarter-e-europe-intersolar-europe\">L'Europe intelligente (Intersolar Europe)<\/h2>\n\n\n\n<p><strong>Date : <\/strong>23-25 juin 2026<br><strong>Lieu de travail :<\/strong> Munich, Allemagne<\/p>\n\n\n\n<p><strong><a href=\"https:\/\/www.thesmartere.de\/home\" target=\"_blank\" rel=\"noreferrer noopener nofollow\">L'Europe plus intelligente<\/a><\/strong>&nbsp;est la plus grande alliance d'expositions sur l'\u00e9nergie en Europe, englobant quatre \u00e9v\u00e9nements parall\u00e8les : Intersolar Europe (\u00e9nergie solaire), ees Europe (stockage en batterie), Power2Drive Europe (e-mobilit\u00e9) et EM-Power Europe (gestion intelligente de l'\u00e9nergie). Organis\u00e9 \u00e0 Messe M\u00fcnchen, ce m\u00e9ga-\u00e9v\u00e9nement est un \u00e9v\u00e9nement estival annuel majeur pour l'industrie de l'\u00e9nergie propre. En 2026, The smarter E Europe transformera Munich en un centre d'innovation pour les \u00e9nergies renouvelables et les services publics, avec des centaines d'exposants et une conf\u00e9rence \u00e0 plusieurs volets. Les professionnels de l'\u00e9nergie s'y rendent pour d\u00e9couvrir les derni\u00e8res technologies solaires et de stockage, les solutions de recharge des v\u00e9hicules \u00e9lectriques et les innovations en mati\u00e8re de r\u00e9seaux intelligents, le tout en un seul lieu. La port\u00e9e globale de cet \u00e9v\u00e9nement et son atmosph\u00e8re anim\u00e9e en font un rendez-vous incontournable pour tous ceux qui \u0153uvrent en faveur de la transition \u00e9nerg\u00e9tique en Europe.<\/p>\n\n\n\n<figure class=\"wp-block-image size-full\"><img loading=\"lazy\" decoding=\"async\" width=\"1024\" height=\"300\" src=\"https:\/\/tridenstechnology.com\/wp-content\/uploads\/energy-events-conferences-intersolar-the-smarter-europe-2026.webp\" alt=\"intersolar the smarter e europe 2026 event banner\" class=\"wp-image-70119\" srcset=\"https:\/\/d2xqcz296oofyv.cloudfront.net\/wp-content\/uploads\/energy-events-conferences-intersolar-the-smarter-europe-2026.webp 1024w, https:\/\/d2xqcz296oofyv.cloudfront.net\/wp-content\/uploads\/energy-events-conferences-intersolar-the-smarter-europe-2026-300x88.webp 300w, https:\/\/d2xqcz296oofyv.cloudfront.net\/wp-content\/uploads\/energy-events-conferences-intersolar-the-smarter-europe-2026-768x225.webp 768w, https:\/\/d2xqcz296oofyv.cloudfront.net\/wp-content\/uploads\/energy-events-conferences-intersolar-the-smarter-europe-2026-18x5.webp 18w\" sizes=\"(max-width: 1024px) 100vw, 1024px\" \/><\/figure>\n\n\n\n<p><strong>Th\u00e8mes principaux :<\/strong><\/p>\n\n\n\n<ul class=\"wp-block-list\">\n<li>\u00c9nergie solaire<\/li>\n\n\n\n<li>Stockage de l'\u00e9nergie<\/li>\n\n\n\n<li>E-mobilit\u00e9&nbsp;<\/li>\n\n\n\n<li>Gestion intelligente de l'\u00e9nergie<\/li>\n<\/ul>\n\n\n\n<h2 class=\"wp-block-heading\" id=\"h-wetex-amp-dubai-solar-show\">WETEX et salon solaire de Duba\u00ef<\/h2>\n\n\n\n<p><strong>Date :<\/strong> 20-22 octobre 2026<br><strong>Lieu de travail :<\/strong> Duba\u00ef, EAU<\/p>\n\n\n\n<p><strong><a href=\"https:\/\/www.wetex.ae\/\" target=\"_blank\" rel=\"noreferrer noopener nofollow\">WETEX (Salon de l'eau, de l'\u00e9nergie, de la technologie et de l'environnement)<\/a> <\/strong>&amp;<strong> <a href=\"https:\/\/www.terrapinn.com\/exhibition\/solar-storage-live-dubai\/index.stm\" target=\"_blank\" rel=\"noreferrer noopener nofollow\">Salon solaire de Duba\u00ef<\/a><\/strong>&nbsp;est le premier salon du Moyen-Orient consacr\u00e9 \u00e0 l'innovation dans le domaine de l'eau et de l'\u00e9nergie, organis\u00e9 par l'Autorit\u00e9 de l'\u00e9lectricit\u00e9 et de l'eau de Duba\u00ef (DEWA). L'un des plus grands salons sp\u00e9cialis\u00e9s dans l'\u00e9nergie, l'eau et la durabilit\u00e9, WETEX offre aux entreprises une plateforme pour pr\u00e9senter les derniers d\u00e9veloppements en mati\u00e8re d'\u00e9nergie propre, de conservation de l'eau et de technologies environnementales. L'\u00e9v\u00e9nement de 2026 au Dubai World Trade Centre attirera des agences gouvernementales, des services publics et des experts de l'industrie du monde entier, conform\u00e9ment \u00e0 la vision de Duba\u00ef pour un avenir durable. Les participants peuvent explorer un large \u00e9ventail de solutions - de l'\u00e9nergie solaire \u00e0 la mobilit\u00e9 verte en passant par l'IA, la technologie des villes intelligentes et la gestion efficace de l'eau - faisant de WETEX une \u00e9tape cl\u00e9 pour ceux qui recherchent une innovation durable holistique.<\/p>\n\n\n\n<figure class=\"wp-block-image size-full\"><img loading=\"lazy\" decoding=\"async\" width=\"1024\" height=\"300\" src=\"https:\/\/tridenstechnology.com\/wp-content\/uploads\/energy-events-conferences-wetex-dubai-solar-show-2026.webp\" alt=\"banni\u00e8re de l&#039;\u00e9v\u00e9nement wetex dubai solar show 2026\" class=\"wp-image-70123\" srcset=\"https:\/\/d2xqcz296oofyv.cloudfront.net\/wp-content\/uploads\/energy-events-conferences-wetex-dubai-solar-show-2026.webp 1024w, https:\/\/d2xqcz296oofyv.cloudfront.net\/wp-content\/uploads\/energy-events-conferences-wetex-dubai-solar-show-2026-300x88.webp 300w, https:\/\/d2xqcz296oofyv.cloudfront.net\/wp-content\/uploads\/energy-events-conferences-wetex-dubai-solar-show-2026-768x225.webp 768w, https:\/\/d2xqcz296oofyv.cloudfront.net\/wp-content\/uploads\/energy-events-conferences-wetex-dubai-solar-show-2026-18x5.webp 18w\" sizes=\"(max-width: 1024px) 100vw, 1024px\" \/><\/figure>\n\n\n\n<p><strong>Th\u00e8mes principaux :<\/strong><\/p>\n\n\n\n<ul class=\"wp-block-list\">\n<li>\u00c9nergie propre et solaire&nbsp;<\/li>\n\n\n\n<li>Durabilit\u00e9 de l'eau&nbsp;<\/li>\n\n\n\n<li>Villes intelligentes et IA&nbsp;<\/li>\n\n\n\n<li>Gestion de l'environnement&nbsp;<\/li>\n<\/ul>\n\n\n\n<h2 class=\"wp-block-heading\" id=\"h-adipec\">ADIPEC<\/h2>\n\n\n\n<p><strong>Date :<\/strong> Du 2 au 5 novembre 2026<br><strong>Lieu de travail :<\/strong> Abu Dhabi, EAU<\/p>\n\n\n\n<p><strong><a href=\"https:\/\/www.adipec.com\/\" target=\"_blank\" rel=\"noreferrer noopener nofollow\">ADIPEC (Abu Dhabi International Petroleum Exhibition &amp; Conference)<\/a><\/strong>&nbsp;est devenu l'un des plus grands \u00e9v\u00e9nements mondiaux dans le domaine de l'\u00e9nergie. Traditionnellement centr\u00e9e sur le p\u00e9trole et le gaz, l'ADIPEC couvre d\u00e9sormais l'ensemble du spectre \u00e9nerg\u00e9tique, refl\u00e9tant la transition de l'industrie vers des sources d'\u00e9nergie plus propres et plus diversifi\u00e9es. La conf\u00e9rence de 2026 \u00e0 Abou Dhabi rassemblera une audience internationale massive de ministres de l'\u00e9nergie, de cadres du secteur p\u00e9trolier et gazier, de sp\u00e9cialistes des \u00e9nergies renouvelables et de fournisseurs de technologies. Les participants prendront part \u00e0 des discussions strat\u00e9giques de haut niveau et \u00e0 des sessions techniques visant \u00e0 acc\u00e9l\u00e9rer la transition \u00e9nerg\u00e9tique. Pour les entreprises du secteur de l'\u00e9nergie et les services publics, l'ADIPEC offre une occasion unique de comprendre la convergence entre les secteurs traditionnels des combustibles fossiles et les technologies propres \u00e9mergentes, et de forger des partenariats tout au long de cette cha\u00eene de valeur en expansion.<\/p>\n\n\n\n<figure class=\"wp-block-image size-full\"><img loading=\"lazy\" decoding=\"async\" width=\"1024\" height=\"300\" src=\"https:\/\/tridenstechnology.com\/wp-content\/uploads\/energy-events-conferences-adipec-abu-dhabi-international-petroleum-exhibition-and-conference-2026.webp\" alt=\"adipec abu dhabi international petroleum exhibition and conference 2026 event banner\" class=\"wp-image-70116\" srcset=\"https:\/\/d2xqcz296oofyv.cloudfront.net\/wp-content\/uploads\/energy-events-conferences-adipec-abu-dhabi-international-petroleum-exhibition-and-conference-2026.webp 1024w, https:\/\/d2xqcz296oofyv.cloudfront.net\/wp-content\/uploads\/energy-events-conferences-adipec-abu-dhabi-international-petroleum-exhibition-and-conference-2026-300x88.webp 300w, https:\/\/d2xqcz296oofyv.cloudfront.net\/wp-content\/uploads\/energy-events-conferences-adipec-abu-dhabi-international-petroleum-exhibition-and-conference-2026-768x225.webp 768w, https:\/\/d2xqcz296oofyv.cloudfront.net\/wp-content\/uploads\/energy-events-conferences-adipec-abu-dhabi-international-petroleum-exhibition-and-conference-2026-18x5.webp 18w\" sizes=\"(max-width: 1024px) 100vw, 1024px\" \/><\/figure>\n\n\n\n<p><strong>Th\u00e8mes principaux :<\/strong><\/p>\n\n\n\n<ul class=\"wp-block-list\">\n<li>Transition \u00e9nerg\u00e9tique et d\u00e9carbonisation&nbsp;<\/li>\n\n\n\n<li>Innovation en amont et en aval&nbsp;<\/li>\n\n\n\n<li>Num\u00e9risation et IA<\/li>\n\n\n\n<li>Composition future de l'approvisionnement en \u00e9nergie<\/li>\n<\/ul>\n\n\n\n<h2 class=\"wp-block-heading\" id=\"h-enlit-europe\">\u00c9largir l'Europe<\/h2>\n\n\n\n<p><strong>Date :<\/strong> 10-12 novembre 2026<br><strong>Lieu de travail : <\/strong>Vienne, Autriche<\/p>\n\n\n\n<p><a href=\"https:\/\/www.enlit-europe.com\/\"><strong>\u00c9largir l'Europe<\/strong><\/a>&nbsp;est une conf\u00e9rence et une exposition paneurop\u00e9enne de premier plan couvrant l'ensemble du secteur de l'\u00e9nergie et des services publics. Positionn\u00e9 comme un&nbsp;<em>\u201cGuide inclusif de la transition \u00e9nerg\u00e9tique\u201d<\/em>, Enlit Europe relie l'ensemble de la cha\u00eene de valeur de l'\u00e9nergie, de la production \u00e0 l'utilisation finale. L'\u00e9dition 2026 \u00e0 Vienne r\u00e9unira plus de 15 000 professionnels des services publics, producteurs d'\u00e9lectricit\u00e9, exploitants de r\u00e9seaux, d\u00e9cideurs politiques et innovateurs, tous d\u00e9sireux de \u201cconnecter les industries, inspirer l'action et aider l'Europe \u00e0 \u00e9voluer vers un syst\u00e8me \u00e9nerg\u00e9tique fiable, d\u00e9carbon\u00e9 et num\u00e9ris\u00e9\u201d. Cet \u00e9v\u00e9nement comprend des sommets strat\u00e9giques, des centres techniques et un vaste espace d'exposition, ce qui en fait un point de convergence pour la collaboration sur les d\u00e9fis \u00e9nerg\u00e9tiques urgents de l'Europe. Le m\u00e9lange de vision de haut niveau et d'\u00e9tudes de cas pratiques de l'Enlit offre aux participants une perspective \u00e0 360 degr\u00e9s sur la fa\u00e7on de naviguer et de mener la transition \u00e9nerg\u00e9tique.<\/p>\n\n\n\n<figure class=\"wp-block-image size-full\"><img loading=\"lazy\" decoding=\"async\" width=\"1024\" height=\"300\" src=\"https:\/\/tridenstechnology.com\/wp-content\/uploads\/energy-events-conferences-enlit-europe-2026.webp\" alt=\"banni\u00e8re de l&#039;\u00e9v\u00e9nement enlit europe 2026\" class=\"wp-image-70117\" srcset=\"https:\/\/d2xqcz296oofyv.cloudfront.net\/wp-content\/uploads\/energy-events-conferences-enlit-europe-2026.webp 1024w, https:\/\/d2xqcz296oofyv.cloudfront.net\/wp-content\/uploads\/energy-events-conferences-enlit-europe-2026-300x88.webp 300w, https:\/\/d2xqcz296oofyv.cloudfront.net\/wp-content\/uploads\/energy-events-conferences-enlit-europe-2026-768x225.webp 768w, https:\/\/d2xqcz296oofyv.cloudfront.net\/wp-content\/uploads\/energy-events-conferences-enlit-europe-2026-18x5.webp 18w\" sizes=\"(max-width: 1024px) 100vw, 1024px\" \/><\/figure>\n\n\n\n<p><strong>Th\u00e8mes principaux :<\/strong><\/p>\n\n\n\n<ul class=\"wp-block-list\">\n<li>Strat\u00e9gies de d\u00e9carbonisation&nbsp;<\/li>\n\n\n\n<li>Innovation en mati\u00e8re de r\u00e9seau&nbsp;<\/li>\n\n\n\n<li>Num\u00e9risation et \u00e9nergie intelligente <\/li>\n\n\n\n<li>Couplage sectoriel et nouveaux syst\u00e8mes \u00e9nerg\u00e9tiques<\/li>\n<\/ul>\n\n\n\n<h2 class=\"wp-block-heading\" id=\"h-re\">RE+<\/h2>\n\n\n\n<p>Date : 16-19 novembre 2026<br>Lieu : Las Vegas, \u00c9tats-Unis<\/p>\n\n\n\n<p><a href=\"https:\/\/www.re-plus.com\/\" target=\"_blank\" rel=\"noreferrer noopener nofollow\"><strong>RE+<\/strong>&nbsp;<strong>(Renewable Energy Plus)<\/strong><\/a> RE+ est le plus grand \u00e9v\u00e9nement annuel de l'industrie de l'\u00e9nergie propre en Am\u00e9rique du Nord, connu auparavant sous le nom de Solar Power International. Se d\u00e9roulant \u00e0 Las Vegas en 2026, RE+ r\u00e9unit un large \u00e9ventail de professionnels des \u00e9nergies renouvelables et constitue le premier march\u00e9 am\u00e9ricain pour l'\u00e9nergie solaire et le stockage de l'\u00e9nergie. L'\u00e9v\u00e9nement propose une vaste exposition et des sessions de conf\u00e9rence couvrant les technologies solaires photovolta\u00efques, les solutions de batteries et de stockage d'\u00e9nergie, l'int\u00e9gration au r\u00e9seau, et plus encore. Les dirigeants des services publics, les d\u00e9veloppeurs de projets, les financiers et les fournisseurs de technologies se r\u00e9unissent tous \u00e0 RE+ pour \u00e9changer leurs points de vue sur l'expansion de l'\u00e9nergie propre aux \u00c9tats-Unis et dans le monde. Gr\u00e2ce \u00e0 sa port\u00e9e \u00e9tendue et au soutien de l'industrie (soutenu par les principales associations solaires et \u00e9lectriques), RE+ 2026 sera un lieu essentiel pour saisir les derni\u00e8res tendances et opportunit\u00e9s dans le secteur de l'\u00e9nergie propre.<\/p>\n\n\n\n<figure class=\"wp-block-image size-full\"><img loading=\"lazy\" decoding=\"async\" width=\"1024\" height=\"300\" src=\"https:\/\/tridenstechnology.com\/wp-content\/uploads\/energy-events-conferences-re-renewable-energy-plus-2026.webp\" alt=\"banni\u00e8re de l&#039;\u00e9v\u00e9nement re+ renewable energy plus 2026\" class=\"wp-image-70121\" srcset=\"https:\/\/d2xqcz296oofyv.cloudfront.net\/wp-content\/uploads\/energy-events-conferences-re-renewable-energy-plus-2026.webp 1024w, https:\/\/d2xqcz296oofyv.cloudfront.net\/wp-content\/uploads\/energy-events-conferences-re-renewable-energy-plus-2026-300x88.webp 300w, https:\/\/d2xqcz296oofyv.cloudfront.net\/wp-content\/uploads\/energy-events-conferences-re-renewable-energy-plus-2026-768x225.webp 768w, https:\/\/d2xqcz296oofyv.cloudfront.net\/wp-content\/uploads\/energy-events-conferences-re-renewable-energy-plus-2026-18x5.webp 18w\" sizes=\"(max-width: 1024px) 100vw, 1024px\" \/><\/figure>\n\n\n\n<p><strong>Th\u00e8mes principaux :<\/strong><\/p>\n\n\n\n<ul class=\"wp-block-list\">\n<li>D\u00e9ploiement de l'\u00e9nergie solaire<\/li>\n\n\n\n<li>Stockage de l'\u00e9nergie et micro-r\u00e9seaux&nbsp;<\/li>\n\n\n\n<li>Int\u00e9gration au r\u00e9seau et DER<\/li>\n\n\n\n<li>Politique et march\u00e9s des \u00e9nergies propres<\/li>\n<\/ul>\n\n\n\n<p class=\"has-text-color has-link-color wp-elements-80f84341014c358963aaf6b0e327563c\" style=\"color:#171c46;font-size:36px\"><strong>Conclusion<\/strong><\/p>\n\n\n\n<p>Participer \u00e0 ces \u00e9v\u00e9nements en 2026 est le meilleur moyen pour les responsables de l'\u00e9nergie et des services publics de rester comp\u00e9titifs. Ces forums offrent une occasion unique de d\u00e9couvrir de nouvelles technologies, d'apprendre de leurs pairs et d'\u00e9tablir les partenariats n\u00e9cessaires \u00e0 une transition \u00e9nerg\u00e9tique r\u00e9ussie.<\/p>\n\n\n\n<p>En participant \u00e0 ces \u00e9v\u00e9nements de premier plan, vous garderez une longueur d'avance sur les \u00e9volutions du secteur et transformerez des d\u00e9fis tels que la d\u00e9carbonisation en opportunit\u00e9s de croissance. <\/p>\n\n\n\n<p>Nous esp\u00e9rons vous y voir ! <\/p>","protected":false},"excerpt":{"rendered":"<p>D\u00e9couvrez les 10 principaux \u00e9v\u00e9nements sur l'\u00e9nergie et les services publics auxquels il faudra assister en 2026, couvrant les \u00e9nergies renouvelables, les r\u00e9seaux, le stockage, la r\u00e9gulation et la transition \u00e9nerg\u00e9tique.<\/p>","protected":false},"author":9,"featured_media":70124,"comment_status":"open","ping_status":"open","sticky":false,"template":"","format":"standard","meta":{"footnotes":""},"categories":[16],"tags":[],"class_list":["post-70105","post","type-post","status-publish","format-standard","has-post-thumbnail","hentry","category-news","category-16","description-off"],"yoast_head":"<!-- This site is optimized with the Yoast SEO Premium plugin v27.4 (Yoast SEO v27.4) - https:\/\/yoast.com\/product\/yoast-seo-premium-wordpress\/ -->\n<title>Top Energy and Utility Events and Conferences for 2026 - Tridens<\/title>\n<meta name=\"description\" content=\"Discover the top 10 energy and utility events to attend in 2026, covering renewables, grids, storage, regulation, and the energy transition.\" \/>\n<meta name=\"robots\" content=\"index, follow, max-snippet:-1, max-image-preview:large, max-video-preview:-1\" \/>\n<link rel=\"canonical\" href=\"https:\/\/tridenstechnology.com\/fr\/evenements-sur-lenergie-conferences\/\" \/>\n<meta property=\"og:locale\" content=\"fr_FR\" \/>\n<meta property=\"og:type\" content=\"article\" \/>\n<meta property=\"og:title\" content=\"Top Energy and Utility Events and Conferences for 2026\" \/>\n<meta property=\"og:description\" content=\"Discover the top 10 energy and utility events to attend in 2026, covering renewables, grids, storage, regulation, and the energy transition.\" \/>\n<meta property=\"og:url\" content=\"https:\/\/tridenstechnology.com\/fr\/evenements-sur-lenergie-conferences\/\" \/>\n<meta property=\"og:site_name\" content=\"Tridens\" \/>\n<meta property=\"article:publisher\" content=\"https:\/\/www.facebook.com\/tridenstechnology\" \/>\n<meta property=\"article:published_time\" content=\"2026-01-16T13:59:43+00:00\" \/>\n<meta property=\"article:modified_time\" content=\"2026-04-14T12:36:56+00:00\" \/>\n<meta property=\"og:image\" content=\"https:\/\/tridenstechnology.com\/wp-content\/uploads\/energy-events-conferences.webp\" \/>\n\t<meta property=\"og:image:width\" content=\"1024\" \/>\n\t<meta property=\"og:image:height\" content=\"497\" \/>\n\t<meta property=\"og:image:type\" content=\"image\/webp\" \/>\n<meta name=\"author\" content=\"\u017diga Lesjak\" \/>\n<meta name=\"twitter:card\" content=\"summary_large_image\" \/>\n<meta name=\"twitter:creator\" content=\"@TridensTech\" \/>\n<meta name=\"twitter:site\" content=\"@TridensTech\" \/>\n<meta name=\"twitter:label1\" content=\"\u00c9crit par\" \/>\n\t<meta name=\"twitter:data1\" content=\"\u017diga Lesjak\" \/>\n\t<meta name=\"twitter:label2\" content=\"Dur\u00e9e de lecture estim\u00e9e\" \/>\n\t<meta name=\"twitter:data2\" content=\"10 minutes\" \/>\n<!-- \/ Yoast SEO Premium plugin. -->","yoast_head_json":{"title":"Principaux \u00e9v\u00e9nements et conf\u00e9rences sur l'\u00e9nergie et les services publics en 2026 - Tridens","description":"D\u00e9couvrez les 10 principaux \u00e9v\u00e9nements sur l'\u00e9nergie et les services publics auxquels il faudra assister en 2026, couvrant les \u00e9nergies renouvelables, les r\u00e9seaux, le stockage, la r\u00e9gulation et la transition \u00e9nerg\u00e9tique.","robots":{"index":"index","follow":"follow","max-snippet":"max-snippet:-1","max-image-preview":"max-image-preview:large","max-video-preview":"max-video-preview:-1"},"canonical":"https:\/\/tridenstechnology.com\/fr\/evenements-sur-lenergie-conferences\/","og_locale":"fr_FR","og_type":"article","og_title":"Top Energy and Utility Events and Conferences for 2026","og_description":"Discover the top 10 energy and utility events to attend in 2026, covering renewables, grids, storage, regulation, and the energy transition.","og_url":"https:\/\/tridenstechnology.com\/fr\/evenements-sur-lenergie-conferences\/","og_site_name":"Tridens","article_publisher":"https:\/\/www.facebook.com\/tridenstechnology","article_published_time":"2026-01-16T13:59:43+00:00","article_modified_time":"2026-04-14T12:36:56+00:00","og_image":[{"width":1024,"height":497,"url":"https:\/\/tridenstechnology.com\/wp-content\/uploads\/energy-events-conferences.webp","type":"image\/webp"}],"author":"\u017diga Lesjak","twitter_card":"summary_large_image","twitter_creator":"@TridensTech","twitter_site":"@TridensTech","twitter_misc":{"\u00c9crit par":"\u017diga Lesjak","Dur\u00e9e de lecture estim\u00e9e":"10 minutes"},"schema":{"@context":"https:\/\/schema.org","@graph":[{"@type":"Article","@id":"https:\/\/tridenstechnology.com\/energy-events-conferences\/#article","isPartOf":{"@id":"https:\/\/tridenstechnology.com\/energy-events-conferences\/"},"author":{"name":"\u017diga Lesjak","@id":"https:\/\/tridenstechnology.com\/#\/schema\/person\/c114502d398eba1e5b7ab72a9f201884"},"headline":"Top Energy and Utility Events and Conferences for 2026","datePublished":"2026-01-16T13:59:43+00:00","dateModified":"2026-04-14T12:36:56+00:00","mainEntityOfPage":{"@id":"https:\/\/tridenstechnology.com\/energy-events-conferences\/"},"wordCount":1680,"commentCount":0,"publisher":{"@id":"https:\/\/tridenstechnology.com\/#organization"},"image":{"@id":"https:\/\/tridenstechnology.com\/energy-events-conferences\/#primaryimage"},"thumbnailUrl":"https:\/\/d2xqcz296oofyv.cloudfront.net\/wp-content\/uploads\/energy-events-conferences.webp","articleSection":["News"],"inLanguage":"fr-FR","potentialAction":[{"@type":"CommentAction","name":"Comment","target":["https:\/\/tridenstechnology.com\/energy-events-conferences\/#respond"]}],"accessibilityFeature":["tableOfContents"]},{"@type":"WebPage","@id":"https:\/\/tridenstechnology.com\/energy-events-conferences\/","url":"https:\/\/tridenstechnology.com\/energy-events-conferences\/","name":"Principaux \u00e9v\u00e9nements et conf\u00e9rences sur l'\u00e9nergie et les services publics en 2026 - Tridens","isPartOf":{"@id":"https:\/\/tridenstechnology.com\/#website"},"primaryImageOfPage":{"@id":"https:\/\/tridenstechnology.com\/energy-events-conferences\/#primaryimage"},"image":{"@id":"https:\/\/tridenstechnology.com\/energy-events-conferences\/#primaryimage"},"thumbnailUrl":"https:\/\/d2xqcz296oofyv.cloudfront.net\/wp-content\/uploads\/energy-events-conferences.webp","datePublished":"2026-01-16T13:59:43+00:00","dateModified":"2026-04-14T12:36:56+00:00","description":"D\u00e9couvrez les 10 principaux \u00e9v\u00e9nements sur l'\u00e9nergie et les services publics auxquels il faudra assister en 2026, couvrant les \u00e9nergies renouvelables, les r\u00e9seaux, le stockage, la r\u00e9gulation et la transition \u00e9nerg\u00e9tique.","breadcrumb":{"@id":"https:\/\/tridenstechnology.com\/energy-events-conferences\/#breadcrumb"},"inLanguage":"fr-FR","potentialAction":[{"@type":"ReadAction","target":["https:\/\/tridenstechnology.com\/energy-events-conferences\/"]}]},{"@type":"ImageObject","inLanguage":"fr-FR","@id":"https:\/\/tridenstechnology.com\/energy-events-conferences\/#primaryimage","url":"https:\/\/d2xqcz296oofyv.cloudfront.net\/wp-content\/uploads\/energy-events-conferences.webp","contentUrl":"https:\/\/d2xqcz296oofyv.cloudfront.net\/wp-content\/uploads\/energy-events-conferences.webp","width":1024,"height":497,"caption":"energy events conferences 2026 blog thumbnail featuring an illustration of a crowd listening to a keynote speaker at an energy conference"},{"@type":"BreadcrumbList","@id":"https:\/\/tridenstechnology.com\/energy-events-conferences\/#breadcrumb","itemListElement":[{"@type":"ListItem","position":1,"name":"Home","item":"https:\/\/tridenstechnology.com\/"},{"@type":"ListItem","position":2,"name":"Top Energy and Utility Events and Conferences for 2026"}]},{"@type":"WebSite","@id":"https:\/\/tridenstechnology.com\/#website","url":"https:\/\/tridenstechnology.com\/","name":"Tridens","description":"Mon\u00e9tisation, facturation et recharge des v\u00e9hicules \u00e9lectriques","publisher":{"@id":"https:\/\/tridenstechnology.com\/#organization"},"potentialAction":[{"@type":"SearchAction","target":{"@type":"EntryPoint","urlTemplate":"https:\/\/tridenstechnology.com\/?s={search_term_string}"},"query-input":{"@type":"PropertyValueSpecification","valueRequired":true,"valueName":"search_term_string"}}],"inLanguage":"fr-FR"},{"@type":"Organization","@id":"https:\/\/tridenstechnology.com\/#organization","name":"Tridens","url":"https:\/\/tridenstechnology.com\/","logo":{"@type":"ImageObject","inLanguage":"fr-FR","@id":"https:\/\/tridenstechnology.com\/#\/schema\/logo\/image\/","url":"https:\/\/d2xqcz296oofyv.cloudfront.net\/wp-content\/uploads\/2019\/02\/tridens_logo_invert.png","contentUrl":"https:\/\/d2xqcz296oofyv.cloudfront.net\/wp-content\/uploads\/2019\/02\/tridens_logo_invert.png","width":600,"height":191,"caption":"Tridens"},"image":{"@id":"https:\/\/tridenstechnology.com\/#\/schema\/logo\/image\/"},"sameAs":["https:\/\/www.facebook.com\/tridenstechnology","https:\/\/x.com\/TridensTech","https:\/\/www.instagram.com\/tridenstechnology\/","https:\/\/www.linkedin.com\/company\/tridens","https:\/\/www.youtube.com\/user\/TridensIT"]},{"@type":"Person","@id":"https:\/\/tridenstechnology.com\/#\/schema\/person\/c114502d398eba1e5b7ab72a9f201884","name":"\u017diga Lesjak","image":{"@type":"ImageObject","inLanguage":"fr-FR","@id":"https:\/\/secure.gravatar.com\/avatar\/a46da957691f5add544cf2e0c5ea7556bf85fc853539e71e3a2b5200d5951fad?s=96&d=mm&r=g","url":"https:\/\/secure.gravatar.com\/avatar\/a46da957691f5add544cf2e0c5ea7556bf85fc853539e71e3a2b5200d5951fad?s=96&d=mm&r=g","contentUrl":"https:\/\/secure.gravatar.com\/avatar\/a46da957691f5add544cf2e0c5ea7556bf85fc853539e71e3a2b5200d5951fad?s=96&d=mm&r=g","caption":"\u017diga Lesjak"},"description":"\u017diga Lesjak est le responsable du marketing num\u00e9rique chez Tridens, avec plus de 7 ans d'exp\u00e9rience dans le domaine du marketing. Il est titulaire d'un master en sciences et passionn\u00e9 par la technologie, l'innovation et la recherche d'adr\u00e9naline.","sameAs":["https:\/\/www.linkedin.com\/in\/zlesjak\/"],"url":"https:\/\/tridenstechnology.com\/fr\/author\/ziga-lesjaktridenstechnology-com\/"}]}},"_links":{"self":[{"href":"https:\/\/tridenstechnology.com\/fr\/wp-json\/wp\/v2\/posts\/70105","targetHints":{"allow":["GET"]}}],"collection":[{"href":"https:\/\/tridenstechnology.com\/fr\/wp-json\/wp\/v2\/posts"}],"about":[{"href":"https:\/\/tridenstechnology.com\/fr\/wp-json\/wp\/v2\/types\/post"}],"author":[{"embeddable":true,"href":"https:\/\/tridenstechnology.com\/fr\/wp-json\/wp\/v2\/users\/9"}],"replies":[{"embeddable":true,"href":"https:\/\/tridenstechnology.com\/fr\/wp-json\/wp\/v2\/comments?post=70105"}],"version-history":[{"count":3,"href":"https:\/\/tridenstechnology.com\/fr\/wp-json\/wp\/v2\/posts\/70105\/revisions"}],"predecessor-version":[{"id":73923,"href":"https:\/\/tridenstechnology.com\/fr\/wp-json\/wp\/v2\/posts\/70105\/revisions\/73923"}],"wp:featuredmedia":[{"embeddable":true,"href":"https:\/\/tridenstechnology.com\/fr\/wp-json\/wp\/v2\/media\/70124"}],"wp:attachment":[{"href":"https:\/\/tridenstechnology.com\/fr\/wp-json\/wp\/v2\/media?parent=70105"}],"wp:term":[{"taxonomy":"category","embeddable":true,"href":"https:\/\/tridenstechnology.com\/fr\/wp-json\/wp\/v2\/categories?post=70105"},{"taxonomy":"post_tag","embeddable":true,"href":"https:\/\/tridenstechnology.com\/fr\/wp-json\/wp\/v2\/tags?post=70105"}],"curies":[{"name":"wp","href":"https:\/\/api.w.org\/{rel}","templated":true}]}}