{"id":45934,"date":"2026-01-12T15:27:06","date_gmt":"2026-01-12T13:27:06","guid":{"rendered":"https:\/\/tridenstechnology.com\/?p=45934"},"modified":"2026-03-24T16:12:52","modified_gmt":"2026-03-24T14:12:52","slug":"conferences-telco","status":"publish","type":"post","link":"https:\/\/tridenstechnology.com\/fr\/telco-conferences\/","title":{"rendered":"Principaux \u00e9v\u00e9nements, expositions et conf\u00e9rences dans le domaine des t\u00e9l\u00e9communications en 2026"},"content":{"rendered":"<p><strong><em><strong><em>Vous \u00eates \u00e0 la recherche des meilleurs \u00e9v\u00e9nements t\u00e9l\u00e9coms de 2026 ? D\u00e9couvrez notre liste de 25 \u00e9v\u00e9nements t\u00e9l\u00e9coms incontournables et tous les d\u00e9tails cl\u00e9s \u00e0 conna\u00eetre avant d'y assister.<\/em><\/strong><\/em><\/strong><\/p>\n\n\n\n<div class=\"wp-block-yoast-seo-table-of-contents yoast-table-of-contents\"><h2>Table des mati\u00e8res<\/h2><ul><li><a href=\"#h-mwc-barcelona\" data-level=\"2\">MWC Barcelone<\/a><\/li><li><a href=\"#h-gitex-global\" data-level=\"2\">GITEX Global<\/a><\/li><li><a href=\"#h-canto-connect\" data-level=\"2\">Canto Connect<\/a><\/li><li><a href=\"#h-connected-america\" data-level=\"2\">L'Am\u00e9rique connect\u00e9e<\/a><\/li><li><a href=\"#h-futurenet-world\" data-level=\"2\">Monde FutureNet<\/a><\/li><li><a href=\"#h-conecta-mexico\" data-level=\"2\">Conecta Mexique<\/a><\/li><li><a href=\"#h-mvno-nation-usa\" data-level=\"2\">MVNO Nation USA<\/a><\/li><li><a href=\"#h-futurenet-middle-east-amp-africa\" data-level=\"2\">FutureNet Moyen-Orient et Afrique<\/a><\/li><li><a href=\"#h-network-x-americas\" data-level=\"2\">R\u00e9seau X Americas<\/a><\/li><li><a href=\"#h-international-telecoms-week\" data-level=\"2\">Semaine internationale des t\u00e9l\u00e9communications<\/a><\/li><li><a href=\"#h-mvnos-world\" data-level=\"2\">Monde des MVNO<\/a><\/li><li><a href=\"#h-mvno-nation-africa\" data-level=\"2\">MVNO Nation Afrique<\/a><\/li><li><a href=\"#h-mwc-kigali\" data-level=\"2\">MWC Kigali<\/a><\/li><li><a href=\"#h-dtw-ignite\" data-level=\"2\">DTW Ignite<\/a><\/li><li><a href=\"#h-mwc-shanghai\" data-level=\"2\">MWC Shanghai<\/a><\/li><li><a href=\"#h-telco-transformation-latam\" data-level=\"2\">Transformation Telco LATAM<\/a><\/li><li><a href=\"#h-itw-africa\" data-level=\"2\">ITW Afrique<\/a><\/li><li><a href=\"#h-futurenet-asia\" data-level=\"2\">FutureNet Asie<\/a><\/li><li><a href=\"#h-futurecom\" data-level=\"2\">Futurecom<\/a><\/li><li><a href=\"#h-network-x\" data-level=\"2\">R\u00e9seau X<\/a><\/li><li><a href=\"#h-mvno-nation-live\" data-level=\"2\">MVNO Nation Live<\/a><\/li><li><a href=\"#h-futurenet-north-america\" data-level=\"2\">FutureNet Am\u00e9rique du Nord<\/a><\/li><li><a href=\"#h-conecta-peru\" data-level=\"2\">Conecta P\u00e9rou<\/a><\/li><li><a href=\"#h-africa-tech-festival\" data-level=\"2\">Festival Africa Tech<\/a><\/li><li><a href=\"#h-telecoms-world-asia-nbsp\" data-level=\"2\">Telecoms World Asia\u00a0<\/a><\/li><li><a href=\"#h-itw-asia\" data-level=\"2\">ITW Asie<\/a><\/li><\/ul><\/div>\n\n\n\n<p>C'est \u00e0 l'occasion de ces grands \u00e9v\u00e9nements du secteur des t\u00e9l\u00e9communications que les op\u00e9rateurs abordent les questions suivantes <a href=\"https:\/\/tridenstechnology.com\/telecom-industry-trends\/\">tendances en mati\u00e8re de t\u00e9l\u00e9communications<\/a>, L'objectif de la conf\u00e9rence est de pr\u00e9senter des sujets d'int\u00e9r\u00eat commun, tels que les migrations de c\u0153ur de r\u00e9seau en nuage, l'IA dans les t\u00e9l\u00e9communications, la mon\u00e9tisation de la 5G, et bien d'autres choses encore.&nbsp;<\/p>\n\n\n\n<p>La participation \u00e0 ces \u00e9v\u00e9nements vous permet de rester inform\u00e9, d'apprendre de vos pairs et de prendre de meilleures d\u00e9cisions.&nbsp;<\/p>\n\n\n\n<p>En participant, vous pouvez :<\/p>\n\n\n\n<ul class=\"wp-block-list\">\n<li>Suivre l'\u00e9volution de la r\u00e9glementation et du spectre<\/li>\n\n\n\n<li>Analyse comparative de l'ex\u00e9cution du r\u00e9seau, de l'informatique et de la mon\u00e9tisation<\/li>\n\n\n\n<li>Cr\u00e9er des partenariats avec les op\u00e9rateurs, les fournisseurs et les \u00e9cosyst\u00e8mes<\/li>\n<\/ul>\n\n\n\n<p>Chez Tridens, nous participons activement \u00e0 ces forums afin de rester proches de la r\u00e9alit\u00e9 du march\u00e9 et de mettre en \u00e9vidence <a href=\"https:\/\/tridenstechnology.com\/communications\/\">Tridens Monetization<\/a>, Notre plateforme tout-en-un de facturation et de gestion des revenus est con\u00e7ue pour les mod\u00e8les d'affaires complexes des op\u00e9rateurs t\u00e9l\u00e9coms.<\/p>\n\n\n<div id=\"polls-50\" class=\"wp-polls\">\n\t<form id=\"polls_form_50\" class=\"wp-polls-form\" action=\"\/index.php\" method=\"post\" data-trp-original-action=\"\/index.php\">\n\t\t<p style=\"display: none;\"><input type=\"hidden\" id=\"poll_50_nonce\" name=\"wp-polls-nonce\" value=\"34359eaa53\" \/><\/p>\n\t\t<p style=\"display: none;\"><input type=\"hidden\" name=\"poll_id\" value=\"50\" \/><\/p>\n\t\t<p style=\"text-align: center;\"><strong>Pr\u00e9voyez-vous d'assister \u00e0 des \u00e9v\u00e9nements li\u00e9s aux t\u00e9l\u00e9communications en 2026 ?<\/strong><\/p><div id=\"polls-50-ans\" class=\"wp-polls-ans\"><ul class=\"wp-polls-ul\">\n\t\t<li><input type=\"radio\" id=\"poll-answer-171\" name=\"poll_50\" value=\"171\" \/> <label for=\"poll-answer-171\">Oui<\/label><\/li>\n\t\t<li><input type=\"radio\" id=\"poll-answer-172\" name=\"poll_50\" value=\"172\" \/> <label for=\"poll-answer-172\">Non<\/label><\/li>\n\t\t<li><input type=\"radio\" id=\"poll-answer-173\" name=\"poll_50\" value=\"173\" \/> <label for=\"poll-answer-173\">Toujours en cours de d\u00e9cision<\/label><\/li>\n\t\t<\/ul><p style=\"text-align: center;\"><input type=\"button\" name=\"vote\" value=\"   Vote   \" class=\"Buttons\" onclick=\"poll_vote(50);\" \/><\/p><p style=\"text-align: center;\"><a href=\"#ViewPollResults\" onclick=\"poll_result(50); return false;\" title=\"Voir les r\u00e9sultats de ce sondage\">Voir les r\u00e9sultats<\/a><\/p><\/div>\n\t<input type=\"hidden\" name=\"trp-form-language\" value=\"fr\"\/><\/form>\n<\/div>\n<div id=\"polls-50-loading\" class=\"wp-polls-loading\"><img decoding=\"async\" src=\"https:\/\/tridenstechnology.com\/wp-content\/plugins\/wp-polls\/images\/loading.gif\" width=\"16\" height=\"16\" alt=\"Chargement ...\" title=\"Chargement ...\" class=\"wp-polls-image\" \/>&nbsp;Chargement ...<\/div>\n\n\n\n\n<div style=\"height:40px\" aria-hidden=\"true\" class=\"wp-block-spacer\"><\/div>\n\n\n\n<p class=\"has-text-color has-link-color wp-elements-20105999d43493487788c61238e7aaba\" style=\"color:#171c46;font-size:36px\"><strong>Liste des \u00e9v\u00e9nements 2026<\/strong><\/p>\n\n\n\n<figure class=\"wp-block-table\"><table class=\"has-fixed-layout\"><thead><tr><th>Nom de l'\u00e9v\u00e9nement<\/th><th>Date<\/th><th>Localisation <\/th><\/tr><\/thead><tbody><tr><td><a href=\"http:\/\/h-canto-connect\">Canto Connect<\/a><\/td><td>01 f\u00e9v - 03 f\u00e9v 2026<\/td><td>Port-of-Spain, Trinit\u00e9-et-Tobago<\/td><\/tr><tr><td><a href=\"http:\/\/h-mwc-barcelona\">MWC Barcelone<\/a><\/td><td>02 mars - 05 mars 2026<\/td><td>Barcelone, Espagne<\/td><\/tr><tr><td><a href=\"http:\/\/h-connected-america\">L'Am\u00e9rique connect\u00e9e<\/a><\/td><td>14 avril - 15 avril 2026<\/td><td>Dallas, \u00c9tats-Unis<\/td><\/tr><tr><td><a href=\"http:\/\/h-futurenet-world\">Monde FutureNet<\/a><\/td><td>21 avril - 22 avril 2026<\/td><td>Londres, Royaume-Uni<\/td><\/tr><tr><td><a href=\"http:\/\/h-conecta-mexico\">Conecta Mexique<\/a><\/td><td>28 avril - 29 avril 2026<\/td><td>Mexico, Mexique<\/td><\/tr><tr><td><a href=\"http:\/\/h-mvno-nation-usa\">MVNO Nation USA<\/a><\/td><td>28 avril - 29 avril 2026<\/td><td>Floride, \u00c9tats-Unis<\/td><\/tr><tr><td><a href=\"http:\/\/h-futurenet-middle-east-amp-africa\">FutureNet Moyen-Orient et Afrique<\/a><\/td><td>12 mai - 13 mai 2026<\/td><td>Duba\u00ef, EAU<\/td><\/tr><tr><td><a href=\"http:\/\/h-network-x-americas\">R\u00e9seau X Americas<\/a><\/td><td>18 mai - 20 mai 2026<\/td><td>Dallas, \u00c9tats-Unis<\/td><\/tr><tr><td><a href=\"http:\/\/h-international-telecoms-week\">Semaine internationale des t\u00e9l\u00e9communications <\/a><\/td><td>19 mai - 21 mai 2026<\/td><td>National Harbor, \u00c9tats-Unis<\/td><\/tr><tr><td><a href=\"http:\/\/h-mvnos-world\">Monde des MVNO<\/a><\/td><td>01 juin - 03 juin 2026<\/td><td>Amsterdam, Pays-Bas<\/td><\/tr><tr><td><a href=\"http:\/\/h-mvno-nation-africa\">MVNO Nation Afrique<\/a><\/td><td>09 juin - 10 juin 2026<\/td><td>Le Cap, Afrique du Sud<\/td><\/tr><tr><td><a href=\"http:\/\/h-mwc-kigali\">MWC Kigali<\/a><\/td><td>16 juin - 18 juin 2026<\/td><td>Kigali, Rwanda<\/td><\/tr><tr><td><a href=\"http:\/\/h-dtw-ignite\">DTW Ignite<\/a><\/td><td>23 juin - 25 juin 2026<\/td><td>Copenhague, Danemark<\/td><\/tr><tr><td><a href=\"http:\/\/h-mwc-shanghai\">MWC Shanghai<\/a><\/td><td>24 juin - 26 juin 2026<\/td><td>Shanghai, Chine<\/td><\/tr><tr><td><a href=\"http:\/\/h-telco-transformation-latam\">Transformation Telco LATAM<\/a><\/td><td>19 ao\u00fbt - 20 ao\u00fbt 2026<\/td><td>Rio de Janeiro, Br\u00e9sil<\/td><\/tr><tr><td><a href=\"http:\/\/h-itw-africa\">ITW Afrique<\/a><\/td><td>08 Sep - 10 Sep 2026<\/td><td>Nairobi, Kenya<\/td><\/tr><tr><td><a href=\"http:\/\/h-futurenet-asia\">FutureNet Asie<\/a><\/td><td>23 Sep - 24 Sep 2026<\/td><td>Baie de Marina, Singapour<\/td><\/tr><tr><td><a href=\"http:\/\/h-futurecom\">Futurecom<\/a><\/td><td>06 Oct - 08 Oct 2026<\/td><td>S\u00e3o Paulo, Br\u00e9sil<\/td><\/tr><tr><td><a href=\"http:\/\/h-network-x\">R\u00e9seau X<\/a><\/td><td>13 Oct - 15 Oct 2026<\/td><td>Vienne, Autriche<\/td><\/tr><tr><td><a href=\"http:\/\/h-mvno-nation-live\">MVNO Nation Live<\/a><\/td><td>03 Nov - 05 Nov 2026<\/td><td>Alicante, Espagne<\/td><\/tr><tr><td><a href=\"http:\/\/h-futurenet-north-america\">FutureNet Am\u00e9rique du Nord<\/a><\/td><td>04 Nov - 05 Nov 2026<\/td><td>New York, \u00c9tats-Unis<\/td><\/tr><tr><td><a href=\"http:\/\/h-conecta-peru\">Conecta P\u00e9rou<\/a><\/td><td>10 Nov - 11 Nov 2026<\/td><td>Lima, P\u00e9rou<\/td><\/tr><tr><td><a href=\"http:\/\/h-africa-tech-festival\">Festival Africa Tech<\/a><\/td><td>16 Nov - 19 Nov 2026<\/td><td>Le Cap, Afrique du Sud<\/td><\/tr><tr><td><a href=\"http:\/\/h-telecoms-world-asia\">Telecoms World Asia<\/a><\/td><td>27 novembre 2026<\/td><td>Bangkok, Tha\u00eflande<\/td><\/tr><tr><td><a href=\"http:\/\/h-itw-asia\">ITW Asie<\/a><\/td><td>02 d\u00e9c - 03 d\u00e9c 2026<\/td><td>Singapour<\/td><\/tr><tr><td><a href=\"http:\/\/h-gitex-global\">GITEX Global<\/a><\/td><td>07 d\u00e9c - 11 d\u00e9c 2026<\/td><td>Duba\u00ef, EAU<\/td><\/tr><\/tbody><\/table><\/figure>\n\n\n\n<div style=\"height:40px\" aria-hidden=\"true\" class=\"wp-block-spacer\"><\/div>\n\n\n\n<h2 class=\"wp-block-heading\" id=\"h-mwc-barcelona\">MWC Barcelone<\/h2>\n\n\n\n<p><strong>Date :<\/strong>&nbsp;02 mars - 05 mars 2026<br><strong>Lieu de travail :<\/strong>&nbsp;Barcelone, Espagne<\/p>\n\n\n\n<p><br><strong><a href=\"https:\/\/www.mwcbarcelona.com\" target=\"_blank\" rel=\"noreferrer noopener nofollow\">MWC Barcelone<\/a><\/strong> est le plus grand \u00e9v\u00e9nement mondial en mati\u00e8re de connectivit\u00e9, r\u00e9unissant les FSC, les fournisseurs, les fabricants d'appareils et les d\u00e9cideurs politiques. C'est l\u00e0 que les feuilles de route des produits, les d\u00e9cisions de partenariat et les r\u00e9cits strat\u00e9giques pour l'ann\u00e9e tendent \u00e0 converger, et c'est l\u00e0 que nous serons sur place pour des conversations cibl\u00e9es avec les dirigeants des FSC sur les priorit\u00e9s 2026 et les compromis d'ex\u00e9cution.<\/p>\n\n\n\n<figure class=\"wp-block-image size-full\"><img fetchpriority=\"high\" decoding=\"async\" width=\"1024\" height=\"300\" src=\"http:\/\/tridenstechnology.com\/wp-content\/uploads\/telco-conferences-mwc-mobile-world-congress-barcelona-2026.webp\" alt=\"mwc mobile world congress barcelona 2026 event banner\" class=\"wp-image-69927\" srcset=\"https:\/\/d2xqcz296oofyv.cloudfront.net\/wp-content\/uploads\/telco-conferences-mwc-mobile-world-congress-barcelona-2026.webp 1024w, https:\/\/d2xqcz296oofyv.cloudfront.net\/wp-content\/uploads\/telco-conferences-mwc-mobile-world-congress-barcelona-2026-300x88.webp 300w, https:\/\/d2xqcz296oofyv.cloudfront.net\/wp-content\/uploads\/telco-conferences-mwc-mobile-world-congress-barcelona-2026-768x225.webp 768w, https:\/\/d2xqcz296oofyv.cloudfront.net\/wp-content\/uploads\/telco-conferences-mwc-mobile-world-congress-barcelona-2026-18x5.webp 18w\" sizes=\"(max-width: 1024px) 100vw, 1024px\" \/><\/figure>\n\n\n\n<p><strong>Th\u00e8mes principaux :<\/strong><\/p>\n\n\n\n<ul class=\"wp-block-list\">\n<li>S\u00e9curit\u00e9 et risques li\u00e9s \u00e0 la cha\u00eene d'approvisionnement<\/li>\n\n\n\n<li>5G SA et \u00e9volution de la 5G<\/li>\n\n\n\n<li>Modernisation de l'informatique en nuage et du c\u0153ur de m\u00e9tier des op\u00e9rateurs t\u00e9l\u00e9coms<\/li>\n\n\n\n<li>L'IA dans les r\u00e9seaux et les op\u00e9rations<\/li>\n<\/ul>\n\n\n\n<h2 class=\"wp-block-heading\" id=\"h-gitex-global\">GITEX Global<\/h2>\n\n\n\n<p><strong>Date :<\/strong> 07 d\u00e9c - 11 d\u00e9c 2026<br><strong>Lieu de travail :<\/strong> Duba\u00ef, EAU<\/p>\n\n\n\n<p><strong><a href=\"https:\/\/www.gitex.com\" target=\"_blank\" rel=\"noreferrer noopener nofollow\">GITEX Global<\/a><\/strong> est l'un des plus grands \u00e9v\u00e9nements de technologie et de transformation num\u00e9rique au monde, avec une forte participation des op\u00e9rateurs de t\u00e9l\u00e9communications, des fournisseurs de cloud, des gouvernements et des leaders technologiques d'entreprise \u00e0 travers le Moyen-Orient et les march\u00e9s internationaux.<\/p>\n\n\n\n<figure class=\"wp-block-image size-full\"><img decoding=\"async\" width=\"1024\" height=\"300\" src=\"http:\/\/tridenstechnology.com\/wp-content\/uploads\/telco-conferences-gitex-global-dubai-2026.webp\" alt=\"banni\u00e8re de l&#039;\u00e9v\u00e9nement gitex global dubai 2026\" class=\"wp-image-69934\" srcset=\"https:\/\/d2xqcz296oofyv.cloudfront.net\/wp-content\/uploads\/telco-conferences-gitex-global-dubai-2026.webp 1024w, https:\/\/d2xqcz296oofyv.cloudfront.net\/wp-content\/uploads\/telco-conferences-gitex-global-dubai-2026-300x88.webp 300w, https:\/\/d2xqcz296oofyv.cloudfront.net\/wp-content\/uploads\/telco-conferences-gitex-global-dubai-2026-768x225.webp 768w, https:\/\/d2xqcz296oofyv.cloudfront.net\/wp-content\/uploads\/telco-conferences-gitex-global-dubai-2026-18x5.webp 18w\" sizes=\"(max-width: 1024px) 100vw, 1024px\" \/><\/figure>\n\n\n\n<p><strong>Th\u00e8mes principaux :<\/strong><\/p>\n\n\n\n<ul class=\"wp-block-list\">\n<li>Partenariats Telco cloud et hyperscaler<\/li>\n\n\n\n<li>Plateformes d'IA et cas d'utilisation<\/li>\n\n\n\n<li>5G, r\u00e9seaux priv\u00e9s et informatique de pointe<\/li>\n\n\n\n<li>Gouvernement num\u00e9rique et transformation de l'entreprise<\/li>\n<\/ul>\n\n\n\n<h2 class=\"wp-block-heading\" id=\"h-canto-connect\">Canto Connect<\/h2>\n\n\n\n<p><strong>Date :<\/strong>&nbsp;01 f\u00e9v - 03 f\u00e9v 2026<br><strong>Lieu de travail :<\/strong>&nbsp;Port-of-Spain, Trinit\u00e9-et-Tobago<\/p>\n\n\n\n<p><strong><a href=\"https:\/\/www.canto.org\/agm\/\" target=\"_blank\" rel=\"noreferrer noopener nofollow\">Canto Connect<\/a><\/strong>&nbsp;est un forum r\u00e9gional sur les t\u00e9l\u00e9communications et les TIC destin\u00e9 aux op\u00e9rateurs, aux r\u00e9gulateurs et aux partenaires de l'\u00e9cosyst\u00e8me des Cara\u00efbes. Il est g\u00e9n\u00e9ralement utilis\u00e9 pour aligner les priorit\u00e9s en mati\u00e8re de connectivit\u00e9 et de d\u00e9veloppement num\u00e9rique sur les march\u00e9s insulaires.<\/p>\n\n\n\n<figure class=\"wp-block-image size-full\"><img loading=\"lazy\" decoding=\"async\" width=\"1024\" height=\"300\" src=\"http:\/\/tridenstechnology.com\/wp-content\/uploads\/telco-conferences-canto-connect-2026.webp\" alt=\"banni\u00e8re de l&#039;\u00e9v\u00e9nement canto connect 2026\" class=\"wp-image-69936\" srcset=\"https:\/\/d2xqcz296oofyv.cloudfront.net\/wp-content\/uploads\/telco-conferences-canto-connect-2026.webp 1024w, https:\/\/d2xqcz296oofyv.cloudfront.net\/wp-content\/uploads\/telco-conferences-canto-connect-2026-300x88.webp 300w, https:\/\/d2xqcz296oofyv.cloudfront.net\/wp-content\/uploads\/telco-conferences-canto-connect-2026-768x225.webp 768w, https:\/\/d2xqcz296oofyv.cloudfront.net\/wp-content\/uploads\/telco-conferences-canto-connect-2026-18x5.webp 18w\" sizes=\"(max-width: 1024px) 100vw, 1024px\" \/><\/figure>\n\n\n\n<p><strong>Th\u00e8mes principaux :<\/strong><\/p>\n\n\n\n<ul class=\"wp-block-list\">\n<li>Expansion r\u00e9gionale de la large bande<\/li>\n\n\n\n<li>Alignement des r\u00e9glementations et des politiques<\/li>\n\n\n\n<li>R\u00e9silience et continuit\u00e9 du r\u00e9seau<\/li>\n\n\n\n<li>Programmes public-priv\u00e9<\/li>\n<\/ul>\n\n\n\n<h2 class=\"wp-block-heading\" id=\"h-connected-america\">L'Am\u00e9rique connect\u00e9e<\/h2>\n\n\n\n<p><strong>Date :<\/strong>&nbsp;14 avril - 15 avril 2026<br><strong>Lieu de travail :<\/strong>&nbsp;Dallas, \u00c9tats-Unis<\/p>\n\n\n\n<p><strong><a href=\"https:\/\/www.terrapinn.com\/conference\/connected-america\/index.stm\" target=\"_blank\" rel=\"noreferrer noopener nofollow\">L'Am\u00e9rique connect\u00e9e<\/a><\/strong>&nbsp;est une conf\u00e9rence centr\u00e9e sur les \u00c9tats-Unis et destin\u00e9e aux dirigeants du secteur de la large bande, couvrant les op\u00e9rateurs, les parties prenantes du secteur public et les partenaires de l'infrastructure. Elle se concentre sur l'ex\u00e9cution pratique des programmes d'expansion de la couverture et de financement.<\/p>\n\n\n\n<figure class=\"wp-block-image size-full\"><img loading=\"lazy\" decoding=\"async\" width=\"1024\" height=\"300\" src=\"http:\/\/tridenstechnology.com\/wp-content\/uploads\/telco-conferences-connected-america-2026.webp\" alt=\"banni\u00e8re de l&#039;\u00e9v\u00e9nement connected america 2026\" class=\"wp-image-69912\" srcset=\"https:\/\/d2xqcz296oofyv.cloudfront.net\/wp-content\/uploads\/telco-conferences-connected-america-2026.webp 1024w, https:\/\/d2xqcz296oofyv.cloudfront.net\/wp-content\/uploads\/telco-conferences-connected-america-2026-300x88.webp 300w, https:\/\/d2xqcz296oofyv.cloudfront.net\/wp-content\/uploads\/telco-conferences-connected-america-2026-768x225.webp 768w, https:\/\/d2xqcz296oofyv.cloudfront.net\/wp-content\/uploads\/telco-conferences-connected-america-2026-18x5.webp 18w\" sizes=\"(max-width: 1024px) 100vw, 1024px\" \/><\/figure>\n\n\n\n<p><strong>Th\u00e8mes principaux :<\/strong><\/p>\n\n\n\n<ul class=\"wp-block-list\">\n<li>D\u00e9ploiement de la fibre et du FWA<\/li>\n\n\n\n<li>Programmes de connectivit\u00e9 rurale<\/li>\n\n\n\n<li>Mod\u00e8les d'autorisation et de d\u00e9ploiement<\/li>\n\n\n\n<li>\u00c9conomie des r\u00e9seaux<\/li>\n<\/ul>\n\n\n\n<h2 class=\"wp-block-heading\" id=\"h-futurenet-world\">Monde FutureNet<\/h2>\n\n\n\n<p><strong>Date :<\/strong>&nbsp;21 avril - 22 avril 2026<br><strong>Lieu de travail :<\/strong>&nbsp;Londres, Royaume-Uni<\/p>\n\n\n\n<p><strong><a href=\"https:\/\/futurenetworld.net\" target=\"_blank\" rel=\"noreferrer noopener nofollow\">Monde FutureNet<\/a><\/strong>&nbsp;est un \u00e9v\u00e9nement t\u00e9l\u00e9com ax\u00e9 sur l'automatisation des r\u00e9seaux et la voie vers les r\u00e9seaux autonomes. Il s'adresse aux directeurs techniques, aux ing\u00e9nieurs r\u00e9seau et aux responsables des op\u00e9rations.<\/p>\n\n\n\n<figure class=\"wp-block-image size-full\"><img loading=\"lazy\" decoding=\"async\" width=\"1024\" height=\"300\" src=\"http:\/\/tridenstechnology.com\/wp-content\/uploads\/telco-conferences-futurenet-world-2026.webp\" alt=\"banni\u00e8re de l&#039;\u00e9v\u00e9nement futurenet world 2026\" class=\"wp-image-69919\" srcset=\"https:\/\/d2xqcz296oofyv.cloudfront.net\/wp-content\/uploads\/telco-conferences-futurenet-world-2026.webp 1024w, https:\/\/d2xqcz296oofyv.cloudfront.net\/wp-content\/uploads\/telco-conferences-futurenet-world-2026-300x88.webp 300w, https:\/\/d2xqcz296oofyv.cloudfront.net\/wp-content\/uploads\/telco-conferences-futurenet-world-2026-768x225.webp 768w, https:\/\/d2xqcz296oofyv.cloudfront.net\/wp-content\/uploads\/telco-conferences-futurenet-world-2026-18x5.webp 18w\" sizes=\"(max-width: 1024px) 100vw, 1024px\" \/><\/figure>\n\n\n\n<p><strong>Th\u00e8mes principaux :<\/strong><\/p>\n\n\n\n<ul class=\"wp-block-list\">\n<li>Cadres d'automatisation des r\u00e9seaux<\/li>\n\n\n\n<li>AIOps et assurance<\/li>\n\n\n\n<li>Op\u00e9rations en boucle ferm\u00e9e<\/li>\n\n\n\n<li>Mise en r\u00e9seau bas\u00e9e sur l'intention<\/li>\n<\/ul>\n\n\n\n<h2 class=\"wp-block-heading\" id=\"h-conecta-mexico\">Conecta Mexique<\/h2>\n\n\n\n<p><strong>Date :<\/strong>&nbsp;28 avril - 29 avril 2026<br><strong>Lieu de travail :<\/strong>&nbsp;Mexico, Mexique<\/p>\n\n\n\n<p><strong>Connecta Mexique<\/strong>&nbsp;est un forum de t\u00e9l\u00e9communications destin\u00e9 aux dirigeants des op\u00e9rateurs, aux r\u00e9gulateurs et aux partenaires technologiques du Mexique. Il est ax\u00e9 sur la structure du march\u00e9, les priorit\u00e9s de d\u00e9ploiement et les d\u00e9cisions d'investissement \u00e0 court terme.<\/p>\n\n\n\n<figure class=\"wp-block-image size-full\"><img loading=\"lazy\" decoding=\"async\" width=\"1024\" height=\"300\" src=\"http:\/\/tridenstechnology.com\/wp-content\/uploads\/telco-conferences-telco-transformation-latam-connecta-latam-2026.webp\" alt=\"telco transformation latam connecta latam 2026 event banner\" class=\"wp-image-69932\" srcset=\"https:\/\/d2xqcz296oofyv.cloudfront.net\/wp-content\/uploads\/telco-conferences-telco-transformation-latam-connecta-latam-2026.webp 1024w, https:\/\/d2xqcz296oofyv.cloudfront.net\/wp-content\/uploads\/telco-conferences-telco-transformation-latam-connecta-latam-2026-300x88.webp 300w, https:\/\/d2xqcz296oofyv.cloudfront.net\/wp-content\/uploads\/telco-conferences-telco-transformation-latam-connecta-latam-2026-768x225.webp 768w, https:\/\/d2xqcz296oofyv.cloudfront.net\/wp-content\/uploads\/telco-conferences-telco-transformation-latam-connecta-latam-2026-18x5.webp 18w\" sizes=\"(max-width: 1024px) 100vw, 1024px\" \/><\/figure>\n\n\n\n<p><strong>Th\u00e8mes principaux :<\/strong><\/p>\n\n\n\n<ul class=\"wp-block-list\">\n<li>Perspectives de d\u00e9ploiement de la 5G<\/li>\n\n\n\n<li>Priorit\u00e9s en mati\u00e8re d'expansion de la fibre optique<\/li>\n\n\n\n<li>Concurrence et r\u00e9glementation<\/li>\n\n\n\n<li>Strat\u00e9gie en mati\u00e8re de services num\u00e9riques<\/li>\n<\/ul>\n\n\n\n<h2 class=\"wp-block-heading\" id=\"h-mvno-nation-usa\">MVNO Nation USA<\/h2>\n\n\n\n<p><strong>Date :<\/strong>&nbsp;28 avril - 29 avril 2026<br><strong>Lieu de travail :<\/strong>&nbsp;Floride, \u00c9tats-Unis<\/p>\n\n\n\n<p><strong><a href=\"https:\/\/www.mvnonation.com\/usa\" target=\"_blank\" rel=\"noreferrer noopener nofollow\">MVNO Nation USA<\/a><\/strong>&nbsp;est un forum commercial et op\u00e9rationnel pour les MVNO, les MNO h\u00f4tes et les facilitateurs MVNE\/MVNA. Il se concentre sur le lancement, l'expansion et l'\u00e9conomie de l'\u00e9cosyst\u00e8me MVNO am\u00e9ricain.<\/p>\n\n\n\n<figure class=\"wp-block-image size-full\"><img loading=\"lazy\" decoding=\"async\" width=\"1024\" height=\"300\" src=\"http:\/\/tridenstechnology.com\/wp-content\/uploads\/telco-conferences-mvno-nation-usa-2026.webp\" alt=\"banni\u00e8re de l&#039;\u00e9v\u00e9nement mvno nation usa 2026\" class=\"wp-image-69925\" srcset=\"https:\/\/d2xqcz296oofyv.cloudfront.net\/wp-content\/uploads\/telco-conferences-mvno-nation-usa-2026.webp 1024w, https:\/\/d2xqcz296oofyv.cloudfront.net\/wp-content\/uploads\/telco-conferences-mvno-nation-usa-2026-300x88.webp 300w, https:\/\/d2xqcz296oofyv.cloudfront.net\/wp-content\/uploads\/telco-conferences-mvno-nation-usa-2026-768x225.webp 768w, https:\/\/d2xqcz296oofyv.cloudfront.net\/wp-content\/uploads\/telco-conferences-mvno-nation-usa-2026-18x5.webp 18w\" sizes=\"(max-width: 1024px) 100vw, 1024px\" \/><\/figure>\n\n\n\n<p>Th\u00e8mes principaux :<\/p>\n\n\n\n<ul class=\"wp-block-list\">\n<li>Mod\u00e8les de vente en gros et d'h\u00e9bergement<\/li>\n\n\n\n<li>eSIM et distribution num\u00e9rique<\/li>\n\n\n\n<li>\u00c9conomie des MVNO et fid\u00e9lisation<\/li>\n\n\n\n<li>Strat\u00e9gie de segmentation et de marque<\/li>\n<\/ul>\n\n\n\n<h2 class=\"wp-block-heading\" id=\"h-futurenet-middle-east-amp-africa\">FutureNet Moyen-Orient et Afrique<\/h2>\n\n\n\n<p><strong>Date :<\/strong>&nbsp;12 mai - 13 mai 2026<br><strong>Lieu de travail :<\/strong>&nbsp;Duba\u00ef, EAU<\/p>\n\n\n\n<p><strong><a href=\"https:\/\/futurenetworld.net\/events\/futurenet-middle-east-north-africa-2026\/\" target=\"_blank\" rel=\"noreferrer noopener nofollow\">FutureNet Moyen-Orient et Afrique<\/a><\/strong>&nbsp;est une \u00e9dition r\u00e9gionale de FutureNet ax\u00e9e sur l'automatisation et l'adoption de l'IA par les op\u00e9rateurs de la r\u00e9gion MEA. Elle met l'accent sur l'op\u00e9rationnalisation, la gouvernance et les mod\u00e8les de d\u00e9ploiement r\u00e9els.<\/p>\n\n\n\n<figure class=\"wp-block-image size-full\"><img loading=\"lazy\" decoding=\"async\" width=\"1024\" height=\"300\" src=\"http:\/\/tridenstechnology.com\/wp-content\/uploads\/telco-conferences-futurenet-middle-east-and-africa-2026.webp\" alt=\"banni\u00e8re de l&#039;\u00e9v\u00e9nement futurenet middle east and africa 2026\" class=\"wp-image-69917\" srcset=\"https:\/\/d2xqcz296oofyv.cloudfront.net\/wp-content\/uploads\/telco-conferences-futurenet-middle-east-and-africa-2026.webp 1024w, https:\/\/d2xqcz296oofyv.cloudfront.net\/wp-content\/uploads\/telco-conferences-futurenet-middle-east-and-africa-2026-300x88.webp 300w, https:\/\/d2xqcz296oofyv.cloudfront.net\/wp-content\/uploads\/telco-conferences-futurenet-middle-east-and-africa-2026-768x225.webp 768w, https:\/\/d2xqcz296oofyv.cloudfront.net\/wp-content\/uploads\/telco-conferences-futurenet-middle-east-and-africa-2026-18x5.webp 18w\" sizes=\"(max-width: 1024px) 100vw, 1024px\" \/><\/figure>\n\n\n\n<p><strong>Th\u00e8mes principaux :<\/strong><\/p>\n\n\n\n<ul class=\"wp-block-list\">\n<li>Mod\u00e8les op\u00e9rationnels AIOps<\/li>\n\n\n\n<li>L'automatisation \u00e0 grande \u00e9chelle<\/li>\n\n\n\n<li>Pr\u00e9paration au c\u0153ur de la 5G et au d\u00e9coupage<\/li>\n\n\n\n<li>S\u00e9curit\u00e9 et r\u00e9silience<\/li>\n<\/ul>\n\n\n\n<h2 class=\"wp-block-heading\" id=\"h-network-x-americas\">R\u00e9seau X Americas<\/h2>\n\n\n\n<p><strong>Date :<\/strong>&nbsp;18 mai - 20 mai 2026<br><strong>Lieu de travail :<\/strong>&nbsp;Dallas, \u00c9tats-Unis<\/p>\n\n\n\n<p><strong><a href=\"https:\/\/tmt.knect365.com\/network-x-americas\/\" target=\"_blank\" rel=\"noreferrer noopener nofollow\">R\u00e9seau X Americas<\/a><\/strong> r\u00e9unit les d\u00e9cideurs des secteurs de la t\u00e9l\u00e9phonie fixe, de la t\u00e9l\u00e9phonie mobile et du Wi-Fi dans toute l'Am\u00e9rique du Nord. Elle s'adresse aux dirigeants qui g\u00e8rent la convergence entre les r\u00e9seaux d'acc\u00e8s et le nuage des t\u00e9l\u00e9coms.<\/p>\n\n\n\n<figure class=\"wp-block-image size-full\"><img loading=\"lazy\" decoding=\"async\" width=\"1024\" height=\"300\" src=\"http:\/\/tridenstechnology.com\/wp-content\/uploads\/telco-conferences-network-x-americas-2026.webp\" alt=\"banni\u00e8re de l&#039;\u00e9v\u00e9nement network x americas 2026\" class=\"wp-image-69930\" srcset=\"https:\/\/d2xqcz296oofyv.cloudfront.net\/wp-content\/uploads\/telco-conferences-network-x-americas-2026.webp 1024w, https:\/\/d2xqcz296oofyv.cloudfront.net\/wp-content\/uploads\/telco-conferences-network-x-americas-2026-300x88.webp 300w, https:\/\/d2xqcz296oofyv.cloudfront.net\/wp-content\/uploads\/telco-conferences-network-x-americas-2026-768x225.webp 768w, https:\/\/d2xqcz296oofyv.cloudfront.net\/wp-content\/uploads\/telco-conferences-network-x-americas-2026-18x5.webp 18w\" sizes=\"(max-width: 1024px) 100vw, 1024px\" \/><\/figure>\n\n\n\n<p><strong>Th\u00e8mes principaux :<\/strong><\/p>\n\n\n\n<ul class=\"wp-block-list\">\n<li>Fibre, FWA et convergence des acc\u00e8s<\/li>\n\n\n\n<li>L'\u00e9volution de la 5G et l'Open RAN<\/li>\n\n\n\n<li>Strat\u00e9gie Wi-Fi et d\u00e9lestage<\/li>\n\n\n\n<li>R\u00e9seaux en p\u00e9riph\u00e9rie et en nuage<\/li>\n<\/ul>\n\n\n\n<h2 class=\"wp-block-heading\" id=\"h-international-telecoms-week\">Semaine internationale des t\u00e9l\u00e9communications<\/h2>\n\n\n\n<p><strong>Date :<\/strong>&nbsp;19 mai - 21 mai 2026<br><strong>Lieu de travail :<\/strong>&nbsp;National Harbor, \u00c9tats-Unis<\/p>\n\n\n\n<p><strong><a href=\"https:\/\/www.internationaltelecomsweek.com\" target=\"_blank\" rel=\"noreferrer noopener nofollow\">Semaine internationale des t\u00e9l\u00e9communications (ITW)<\/a><\/strong>&nbsp;est l'\u00e9v\u00e9nement phare dans le domaine des t\u00e9l\u00e9communications de gros et de l'infrastructure num\u00e9rique. Il s'adresse aux responsables de la capacit\u00e9 internationale, de l'interconnexion et des partenariats de l'\u00e9cosyst\u00e8me.<\/p>\n\n\n\n<figure class=\"wp-block-image size-full\"><img loading=\"lazy\" decoding=\"async\" width=\"1024\" height=\"300\" src=\"http:\/\/tridenstechnology.com\/wp-content\/uploads\/telco-conferences-itw-international-telecoms-week-asia-2026.webp\" alt=\"itw international telecoms week asia 2026 event banner\" class=\"wp-image-69923\" srcset=\"https:\/\/d2xqcz296oofyv.cloudfront.net\/wp-content\/uploads\/telco-conferences-itw-international-telecoms-week-asia-2026.webp 1024w, https:\/\/d2xqcz296oofyv.cloudfront.net\/wp-content\/uploads\/telco-conferences-itw-international-telecoms-week-asia-2026-300x88.webp 300w, https:\/\/d2xqcz296oofyv.cloudfront.net\/wp-content\/uploads\/telco-conferences-itw-international-telecoms-week-asia-2026-768x225.webp 768w, https:\/\/d2xqcz296oofyv.cloudfront.net\/wp-content\/uploads\/telco-conferences-itw-international-telecoms-week-asia-2026-18x5.webp 18w\" sizes=\"(max-width: 1024px) 100vw, 1024px\" \/><\/figure>\n\n\n\n<p><strong>Th\u00e8mes principaux :<\/strong><\/p>\n\n\n\n<ul class=\"wp-block-list\">\n<li>Capacit\u00e9 de gros et transit IP<\/li>\n\n\n\n<li>Voies sous-marines et terrestres<\/li>\n\n\n\n<li>Centres de donn\u00e9es et interconnexion<\/li>\n\n\n\n<li>Strat\u00e9gie de partenariat et de tarification<\/li>\n<\/ul>\n\n\n\n<h2 class=\"wp-block-heading\" id=\"h-mvnos-world\">Monde des MVNO<\/h2>\n\n\n\n<p><strong>Date :<\/strong>&nbsp;01 juin - 03 juin 2026<br><strong>Lieu de travail :<\/strong>&nbsp;Amsterdam, Pays-Bas<\/p>\n\n\n\n<p><strong><a href=\"https:\/\/tmt.knect365.com\/mvnos-world\/\" target=\"_blank\" rel=\"noreferrer noopener nofollow\">MVNOs World (Congr\u00e8s mondial des MVNO)<\/a><\/strong>&nbsp;est une conf\u00e9rence mondiale de longue dur\u00e9e ax\u00e9e sur les mod\u00e8les d'exploitation des MVNO et l'\u00e9cosyst\u00e8me qui les sous-tend. Il s'agit d'un forum pratique pour les dirigeants commerciaux et les propri\u00e9taires de plateformes.<\/p>\n\n\n\n<figure class=\"wp-block-image size-full\"><img loading=\"lazy\" decoding=\"async\" width=\"1024\" height=\"300\" src=\"http:\/\/tridenstechnology.com\/wp-content\/uploads\/telco-conferences-mvnos-world-mvno-world-congress-2026.webp\" alt=\"congr\u00e8s mondial du mvnos 2026 banni\u00e8re de l&#039;\u00e9v\u00e9nement\" class=\"wp-image-69926\" srcset=\"https:\/\/d2xqcz296oofyv.cloudfront.net\/wp-content\/uploads\/telco-conferences-mvnos-world-mvno-world-congress-2026.webp 1024w, https:\/\/d2xqcz296oofyv.cloudfront.net\/wp-content\/uploads\/telco-conferences-mvnos-world-mvno-world-congress-2026-300x88.webp 300w, https:\/\/d2xqcz296oofyv.cloudfront.net\/wp-content\/uploads\/telco-conferences-mvnos-world-mvno-world-congress-2026-768x225.webp 768w, https:\/\/d2xqcz296oofyv.cloudfront.net\/wp-content\/uploads\/telco-conferences-mvnos-world-mvno-world-congress-2026-18x5.webp 18w\" sizes=\"(max-width: 1024px) 100vw, 1024px\" \/><\/figure>\n\n\n\n<p><strong>Th\u00e8mes principaux :<\/strong><\/p>\n\n\n\n<ul class=\"wp-block-list\">\n<li>Manuels de lancement des MVNO<\/li>\n\n\n\n<li>Mise en place d'une plate-forme et d'un syst\u00e8me de gestion de la s\u00e9curit\u00e9 (BSS)<\/li>\n\n\n\n<li>Impacts de la migration vers l'eSIM<\/li>\n\n\n\n<li>Mod\u00e8les MVNO B2B et IoT<\/li>\n<\/ul>\n\n\n\n<h2 class=\"wp-block-heading\" id=\"h-mvno-nation-africa\">MVNO Nation Afrique<\/h2>\n\n\n\n<p><strong>Date :<\/strong>&nbsp;09 juin - 10 juin 2026<br><strong>Lieu de travail :<\/strong>&nbsp;Le Cap, Afrique du Sud<\/p>\n\n\n\n<p><strong><a href=\"https:\/\/www.mvnonationafrica.com\" target=\"_blank\" rel=\"noreferrer noopener nofollow\">MVNO Nation Afrique<\/a><\/strong>&nbsp;est une r\u00e9union cibl\u00e9e pour les MVNO africains, les MNO h\u00f4tes et les facilitateurs. Elle traite de l'entr\u00e9e sur le march\u00e9, de la r\u00e9glementation et des op\u00e9rations \u00e9volutives dans les contextes africains.<\/p>\n\n\n\n<figure class=\"wp-block-image size-full\"><img loading=\"lazy\" decoding=\"async\" width=\"1024\" height=\"300\" src=\"http:\/\/tridenstechnology.com\/wp-content\/uploads\/telco-conferences-mvno-nation-2026.webp\" alt=\"banni\u00e8re de l&#039;\u00e9v\u00e9nement mvno nation 2026\" class=\"wp-image-69924\" srcset=\"https:\/\/d2xqcz296oofyv.cloudfront.net\/wp-content\/uploads\/telco-conferences-mvno-nation-2026.webp 1024w, https:\/\/d2xqcz296oofyv.cloudfront.net\/wp-content\/uploads\/telco-conferences-mvno-nation-2026-300x88.webp 300w, https:\/\/d2xqcz296oofyv.cloudfront.net\/wp-content\/uploads\/telco-conferences-mvno-nation-2026-768x225.webp 768w, https:\/\/d2xqcz296oofyv.cloudfront.net\/wp-content\/uploads\/telco-conferences-mvno-nation-2026-18x5.webp 18w\" sizes=\"(max-width: 1024px) 100vw, 1024px\" \/><\/figure>\n\n\n\n<p><strong>Th\u00e8mes principaux :<\/strong><\/p>\n\n\n\n<ul class=\"wp-block-list\">\n<li>Cadres r\u00e9glementaires<\/li>\n\n\n\n<li>Partenariats de gros<\/li>\n\n\n\n<li>R\u00e9alit\u00e9s du pr\u00e9paiement et de la distribution<\/li>\n\n\n\n<li>Diff\u00e9renciation des MVNO<\/li>\n<\/ul>\n\n\n\n<h2 class=\"wp-block-heading\" id=\"h-mwc-kigali\">MWC Kigali<\/h2>\n\n\n\n<p><strong>Date :<\/strong>&nbsp;16 juin - 18 juin 2026<br><strong>Lieu de travail :<\/strong>&nbsp;Kigali, Rwanda<\/p>\n\n\n\n<p><strong><a href=\"https:\/\/www.mwckigali.com\" target=\"_blank\" rel=\"noreferrer noopener nofollow\">MWC Kigali<\/a><\/strong>&nbsp;est l'\u00e9v\u00e9nement r\u00e9gional de la GSMA pour l'Afrique, r\u00e9unissant les op\u00e9rateurs, les d\u00e9cideurs politiques et les partenaires technologiques. Il se concentre sur la croissance de la connectivit\u00e9, l'inclusion num\u00e9rique et le d\u00e9veloppement du march\u00e9.<\/p>\n\n\n\n<figure class=\"wp-block-image size-full\"><img loading=\"lazy\" decoding=\"async\" width=\"1024\" height=\"300\" src=\"http:\/\/tridenstechnology.com\/wp-content\/uploads\/telco-conferences-mwc-mobile-world-congress-kigali-2026.webp\" alt=\"mwc mobile world congress kigali 2026 event banner\" class=\"wp-image-69940\" srcset=\"https:\/\/d2xqcz296oofyv.cloudfront.net\/wp-content\/uploads\/telco-conferences-mwc-mobile-world-congress-kigali-2026.webp 1024w, https:\/\/d2xqcz296oofyv.cloudfront.net\/wp-content\/uploads\/telco-conferences-mwc-mobile-world-congress-kigali-2026-300x88.webp 300w, https:\/\/d2xqcz296oofyv.cloudfront.net\/wp-content\/uploads\/telco-conferences-mwc-mobile-world-congress-kigali-2026-768x225.webp 768w, https:\/\/d2xqcz296oofyv.cloudfront.net\/wp-content\/uploads\/telco-conferences-mwc-mobile-world-congress-kigali-2026-18x5.webp 18w\" sizes=\"(max-width: 1024px) 100vw, 1024px\" \/><\/figure>\n\n\n\n<p><strong>Th\u00e8mes principaux :<\/strong><\/p>\n\n\n\n<ul class=\"wp-block-list\">\n<li>Extension de la couverture et \u00e9conomie<\/li>\n\n\n\n<li>Programmes d'inclusion num\u00e9rique<\/li>\n\n\n\n<li>L'argent mobile et les jeux de plateforme<\/li>\n\n\n\n<li>Partenariats en mati\u00e8re d'infrastructures<\/li>\n<\/ul>\n\n\n\n<h2 class=\"wp-block-heading\" id=\"h-dtw-ignite\">DTW Ignite<\/h2>\n\n\n\n<p><strong>Date :<\/strong>&nbsp;23 juin - 25 juin 2026<br><strong>Lieu de travail :<\/strong>&nbsp;Copenhague, Danemark<\/p>\n\n\n\n<p><strong><a href=\"https:\/\/www.tmforum.org\/events\/dtw\" target=\"_blank\" rel=\"noreferrer noopener nofollow\">DTW Ignite<\/a><\/strong>&nbsp;est une conf\u00e9rence sur la transformation des t\u00e9l\u00e9communications ancr\u00e9e dans la collaboration industrielle sur les cadres, les API et les mod\u00e8les op\u00e9rationnels. Elle s'adresse aux responsables de la transformation des syst\u00e8mes OSS\/BSS, de l'automatisation et de l'entreprise.<\/p>\n\n\n\n<figure class=\"wp-block-image size-full\"><img loading=\"lazy\" decoding=\"async\" width=\"1024\" height=\"300\" src=\"http:\/\/tridenstechnology.com\/wp-content\/uploads\/telco-conferences-dtw-ignite-2026.webp\" alt=\"banni\u00e8re de l&#039;\u00e9v\u00e9nement dtw ignite 2026\" class=\"wp-image-69914\" srcset=\"https:\/\/d2xqcz296oofyv.cloudfront.net\/wp-content\/uploads\/telco-conferences-dtw-ignite-2026.webp 1024w, https:\/\/d2xqcz296oofyv.cloudfront.net\/wp-content\/uploads\/telco-conferences-dtw-ignite-2026-300x88.webp 300w, https:\/\/d2xqcz296oofyv.cloudfront.net\/wp-content\/uploads\/telco-conferences-dtw-ignite-2026-768x225.webp 768w, https:\/\/d2xqcz296oofyv.cloudfront.net\/wp-content\/uploads\/telco-conferences-dtw-ignite-2026-18x5.webp 18w\" sizes=\"(max-width: 1024px) 100vw, 1024px\" \/><\/figure>\n\n\n\n<p><strong>Th\u00e8mes principaux :<\/strong><\/p>\n\n\n\n<ul class=\"wp-block-list\">\n<li>Architectures informatiques composables<\/li>\n\n\n\n<li>API ouvertes et interop\u00e9rabilit\u00e9<\/li>\n\n\n\n<li>Pratiques en mati\u00e8re de r\u00e9seaux autonomes<\/li>\n\n\n\n<li>Gouvernance des donn\u00e9es et de l'IA<\/li>\n<\/ul>\n\n\n\n<h2 class=\"wp-block-heading\" id=\"h-mwc-shanghai\">MWC Shanghai<\/h2>\n\n\n\n<p><strong>Date :<\/strong>&nbsp;24 juin - 26 juin 2026<br><strong>Lieu de travail :<\/strong>&nbsp;Shanghai, Chine<\/p>\n\n\n\n<p><strong><a href=\"https:\/\/www.mwcshanghai.com\" target=\"_blank\" rel=\"noreferrer noopener nofollow\">MWC Shanghai<\/a><\/strong> est un \u00e9v\u00e9nement majeur dans le domaine de la connectivit\u00e9 en Asie-Pacifique, avec une forte repr\u00e9sentation des acteurs chinois et r\u00e9gionaux. Il s'agit d'un lieu pratique pour comprendre les mod\u00e8les de d\u00e9ploiement de l'APAC et la dynamique de l'\u00e9cosyst\u00e8me.<\/p>\n\n\n\n<figure class=\"wp-block-image size-full\"><img loading=\"lazy\" decoding=\"async\" width=\"1024\" height=\"300\" src=\"http:\/\/tridenstechnology.com\/wp-content\/uploads\/telco-conferences-mwc-mobile-world-congress-shanghai-2026.webp\" alt=\"mwc mobile world congress shanghai 2026 event banner\" class=\"wp-image-69928\" srcset=\"https:\/\/d2xqcz296oofyv.cloudfront.net\/wp-content\/uploads\/telco-conferences-mwc-mobile-world-congress-shanghai-2026.webp 1024w, https:\/\/d2xqcz296oofyv.cloudfront.net\/wp-content\/uploads\/telco-conferences-mwc-mobile-world-congress-shanghai-2026-300x88.webp 300w, https:\/\/d2xqcz296oofyv.cloudfront.net\/wp-content\/uploads\/telco-conferences-mwc-mobile-world-congress-shanghai-2026-768x225.webp 768w, https:\/\/d2xqcz296oofyv.cloudfront.net\/wp-content\/uploads\/telco-conferences-mwc-mobile-world-congress-shanghai-2026-18x5.webp 18w\" sizes=\"(max-width: 1024px) 100vw, 1024px\" \/><\/figure>\n\n\n\n<p><strong>Th\u00e8mes principaux :<\/strong><\/p>\n\n\n\n<ul class=\"wp-block-list\">\n<li>Priorit\u00e9s 5G-Advanced<\/li>\n\n\n\n<li>Adoption de l'IA dans les r\u00e9seaux<\/li>\n\n\n\n<li>IoT et connectivit\u00e9 industrielle<\/li>\n\n\n\n<li>Dispositifs et orientation de l'\u00e9cosyst\u00e8me<\/li>\n<\/ul>\n\n\n\n<h2 class=\"wp-block-heading\" id=\"h-telco-transformation-latam\">Transformation Telco LATAM<\/h2>\n\n\n\n<p><strong>Date :<\/strong>&nbsp;19 ao\u00fbt - 20 ao\u00fbt 2026<br><strong>Lieu de travail :<\/strong>&nbsp;Rio de Janeiro, Br\u00e9sil<\/p>\n\n\n\n<p><strong><a href=\"https:\/\/www.conecta-latam.com\/telcotransformation\" target=\"_blank\" rel=\"noreferrer noopener nofollow\">Transformation Telco LATAM<\/a><\/strong>&nbsp;est une conf\u00e9rence r\u00e9gionale ax\u00e9e sur la transformation des op\u00e9rateurs en Am\u00e9rique latine. Elle s'adresse aux dirigeants responsables de la modernisation des r\u00e9seaux, des mod\u00e8les d'exploitation et des portefeuilles de services.<\/p>\n\n\n\n<figure class=\"wp-block-image size-full\"><img loading=\"lazy\" decoding=\"async\" width=\"1024\" height=\"300\" src=\"http:\/\/tridenstechnology.com\/wp-content\/uploads\/telco-conferences-telco-transformation-latam-connecta-latam-2026.webp\" alt=\"telco transformation latam connecta latam 2026 event banner\" class=\"wp-image-69932\" srcset=\"https:\/\/d2xqcz296oofyv.cloudfront.net\/wp-content\/uploads\/telco-conferences-telco-transformation-latam-connecta-latam-2026.webp 1024w, https:\/\/d2xqcz296oofyv.cloudfront.net\/wp-content\/uploads\/telco-conferences-telco-transformation-latam-connecta-latam-2026-300x88.webp 300w, https:\/\/d2xqcz296oofyv.cloudfront.net\/wp-content\/uploads\/telco-conferences-telco-transformation-latam-connecta-latam-2026-768x225.webp 768w, https:\/\/d2xqcz296oofyv.cloudfront.net\/wp-content\/uploads\/telco-conferences-telco-transformation-latam-connecta-latam-2026-18x5.webp 18w\" sizes=\"(max-width: 1024px) 100vw, 1024px\" \/><\/figure>\n\n\n\n<p><strong>Th\u00e8mes principaux :<\/strong><\/p>\n\n\n\n<ul class=\"wp-block-list\">\n<li>Ex\u00e9cution et mon\u00e9tisation de la 5G<\/li>\n\n\n\n<li>Mise \u00e0 l'\u00e9chelle de la fibre et du r\u00e9seau f\u00e9d\u00e9rateur<\/li>\n\n\n\n<li>Automatisation et efficacit\u00e9<\/li>\n\n\n\n<li>Risque de s\u00e9curit\u00e9 et de fraude<\/li>\n<\/ul>\n\n\n\n<h2 class=\"wp-block-heading\" id=\"h-itw-africa\">ITW Afrique<\/h2>\n\n\n\n<p><strong>Date :<\/strong>&nbsp;08 Sep - 10 Sep 2026<br><strong>Lieu de travail :<\/strong>&nbsp;Nairobi, Kenya<\/p>\n\n\n\n<p><strong><a href=\"https:\/\/www.internationaltelecomsweekafrica.com\" target=\"_blank\" rel=\"noreferrer noopener nofollow\">ITW Afrique<\/a><\/strong>&nbsp;rassemble la communaut\u00e9 des grossistes en connectivit\u00e9 en mettant l'accent sur le d\u00e9veloppement de l'infrastructure en Afrique. Il est con\u00e7u pour les acteurs internationaux et r\u00e9gionaux qui g\u00e8rent la capacit\u00e9 et l'interconnexion.<\/p>\n\n\n\n<figure class=\"wp-block-image size-full\"><img loading=\"lazy\" decoding=\"async\" width=\"1024\" height=\"300\" src=\"http:\/\/tridenstechnology.com\/wp-content\/uploads\/telco-conferences-itw-international-telecoms-week-africa-2026.webp\" alt=\"itw international telecoms week africa 2026 event banner\" class=\"wp-image-69922\" srcset=\"https:\/\/d2xqcz296oofyv.cloudfront.net\/wp-content\/uploads\/telco-conferences-itw-international-telecoms-week-africa-2026.webp 1024w, https:\/\/d2xqcz296oofyv.cloudfront.net\/wp-content\/uploads\/telco-conferences-itw-international-telecoms-week-africa-2026-300x88.webp 300w, https:\/\/d2xqcz296oofyv.cloudfront.net\/wp-content\/uploads\/telco-conferences-itw-international-telecoms-week-africa-2026-768x225.webp 768w, https:\/\/d2xqcz296oofyv.cloudfront.net\/wp-content\/uploads\/telco-conferences-itw-international-telecoms-week-africa-2026-18x5.webp 18w\" sizes=\"(max-width: 1024px) 100vw, 1024px\" \/><\/figure>\n\n\n\n<p><strong>Th\u00e8mes principaux :<\/strong><\/p>\n\n\n\n<ul class=\"wp-block-list\">\n<li>Fibre sous-marine et transfrontali\u00e8re<\/li>\n\n\n\n<li>Interconnexion et croissance des IX<\/li>\n\n\n\n<li>L'\u00e9cosyst\u00e8me des centres de donn\u00e9es<\/li>\n\n\n\n<li>Localisation du contenu et de l'informatique en nuage<\/li>\n<\/ul>\n\n\n\n<h2 class=\"wp-block-heading\" id=\"h-futurenet-asia\">FutureNet Asie<\/h2>\n\n\n\n<p><strong>Date :<\/strong>&nbsp;23 Sep - 24 Sep 2026<br><strong>Lieu de travail :<\/strong>&nbsp;Baie de Marina, Singapour<\/p>\n\n\n\n<p><strong><a href=\"https:\/\/futurenetworld.net\/events\/futurenet-asia-2026\/\" target=\"_blank\" rel=\"noreferrer noopener nofollow\">FutureNet Asie<\/a><\/strong>&nbsp;est l'\u00e9dition APAC de la s\u00e9rie FutureNet, ax\u00e9e sur l'automatisation et l'IA pour les r\u00e9seaux de t\u00e9l\u00e9communications. Elle s'adresse aux dirigeants charg\u00e9s de mettre \u00e0 l'\u00e9chelle les op\u00e9rations et d'am\u00e9liorer les performances gr\u00e2ce aux logiciels.<\/p>\n\n\n\n<figure class=\"wp-block-image size-full\"><img loading=\"lazy\" decoding=\"async\" width=\"1024\" height=\"300\" src=\"http:\/\/tridenstechnology.com\/wp-content\/uploads\/telco-conferences-futurenet-asia-2026.webp\" alt=\"banni\u00e8re de l&#039;\u00e9v\u00e9nement futurenet asia 2026\" class=\"wp-image-69916\" srcset=\"https:\/\/d2xqcz296oofyv.cloudfront.net\/wp-content\/uploads\/telco-conferences-futurenet-asia-2026.webp 1024w, https:\/\/d2xqcz296oofyv.cloudfront.net\/wp-content\/uploads\/telco-conferences-futurenet-asia-2026-300x88.webp 300w, https:\/\/d2xqcz296oofyv.cloudfront.net\/wp-content\/uploads\/telco-conferences-futurenet-asia-2026-768x225.webp 768w, https:\/\/d2xqcz296oofyv.cloudfront.net\/wp-content\/uploads\/telco-conferences-futurenet-asia-2026-18x5.webp 18w\" sizes=\"(max-width: 1024px) 100vw, 1024px\" \/><\/figure>\n\n\n\n<p><strong>Th\u00e8mes principaux :<\/strong><\/p>\n\n\n\n<ul class=\"wp-block-list\">\n<li>AIOps et assurance<\/li>\n\n\n\n<li>Outils d'automatisation et gouvernance<\/li>\n\n\n\n<li>\u00c9volution du c\u0153ur de la 5G<\/li>\n\n\n\n<li>Int\u00e9gration de la p\u00e9riph\u00e9rie et de l'informatique en nuage<\/li>\n<\/ul>\n\n\n\n<h2 class=\"wp-block-heading\" id=\"h-futurecom\">Futurecom<\/h2>\n\n\n\n<p><strong>Date :<\/strong>&nbsp;06 Oct - 08 Oct 2026<br><strong>Lieu de travail :<\/strong>&nbsp;S\u00e3o Paulo, Br\u00e9sil<\/p>\n\n\n\n<p><strong><a href=\"https:\/\/www.futurecom.com.br\/en\/home.html\" target=\"_blank\" rel=\"noreferrer noopener nofollow\">Futurecom<\/a><\/strong> est un \u00e9v\u00e9nement majeur en Am\u00e9rique latine couvrant les t\u00e9l\u00e9communications, l'informatique et la transformation num\u00e9rique dans tous les secteurs. Il est utilis\u00e9 par les op\u00e9rateurs et les acheteurs d'entreprises pour \u00e9valuer les d\u00e9ploiements technologiques pratiques et les partenariats.<\/p>\n\n\n\n<figure class=\"wp-block-image size-full\"><img loading=\"lazy\" decoding=\"async\" width=\"1024\" height=\"300\" src=\"http:\/\/tridenstechnology.com\/wp-content\/uploads\/telco-conferences-futurecom-2026.webp\" alt=\"banni\u00e8re de l&#039;\u00e9v\u00e9nement futurecom 2026\" class=\"wp-image-69915\" srcset=\"https:\/\/d2xqcz296oofyv.cloudfront.net\/wp-content\/uploads\/telco-conferences-futurecom-2026.webp 1024w, https:\/\/d2xqcz296oofyv.cloudfront.net\/wp-content\/uploads\/telco-conferences-futurecom-2026-300x88.webp 300w, https:\/\/d2xqcz296oofyv.cloudfront.net\/wp-content\/uploads\/telco-conferences-futurecom-2026-768x225.webp 768w, https:\/\/d2xqcz296oofyv.cloudfront.net\/wp-content\/uploads\/telco-conferences-futurecom-2026-18x5.webp 18w\" sizes=\"(max-width: 1024px) 100vw, 1024px\" \/><\/figure>\n\n\n\n<p><strong>Th\u00e8mes principaux :<\/strong><\/p>\n\n\n\n<ul class=\"wp-block-list\">\n<li>La 5G et la connectivit\u00e9 des entreprises<\/li>\n\n\n\n<li>IoT et solutions verticales<\/li>\n\n\n\n<li>Cloud et cybers\u00e9curit\u00e9<\/li>\n\n\n\n<li>\u00c9tudes de cas sur la transformation num\u00e9rique<\/li>\n<\/ul>\n\n\n\n<h2 class=\"wp-block-heading\" id=\"h-network-x\">R\u00e9seau X<\/h2>\n\n\n\n<p><strong>Date :<\/strong>&nbsp;13 Oct - 15 Oct 2026<br><strong>Lieu de travail :<\/strong>&nbsp;Vienne, Autriche<\/p>\n\n\n\n<p><strong><a href=\"https:\/\/networkxevent.com\" target=\"_blank\" rel=\"noreferrer noopener nofollow\">R\u00e9seau X<\/a><\/strong>&nbsp;est une conf\u00e9rence europ\u00e9enne sur les t\u00e9l\u00e9communications qui traite de la strat\u00e9gie, de la modernisation et de la convergence des r\u00e9seaux fixes et mobiles. Elle s'adresse aux d\u00e9cideurs qui \u00e9laborent les feuilles de route en mati\u00e8re d'acc\u00e8s, de transport et d'informatique d\u00e9mat\u00e9rialis\u00e9e.<\/p>\n\n\n\n<figure class=\"wp-block-image size-full\"><img loading=\"lazy\" decoding=\"async\" width=\"1024\" height=\"300\" src=\"http:\/\/tridenstechnology.com\/wp-content\/uploads\/telco-conferences-network-x-2026.webp\" alt=\"r\u00e9seau x 2026 banni\u00e8re d&#039;\u00e9v\u00e9nement\" class=\"wp-image-69929\" srcset=\"https:\/\/d2xqcz296oofyv.cloudfront.net\/wp-content\/uploads\/telco-conferences-network-x-2026.webp 1024w, https:\/\/d2xqcz296oofyv.cloudfront.net\/wp-content\/uploads\/telco-conferences-network-x-2026-300x88.webp 300w, https:\/\/d2xqcz296oofyv.cloudfront.net\/wp-content\/uploads\/telco-conferences-network-x-2026-768x225.webp 768w, https:\/\/d2xqcz296oofyv.cloudfront.net\/wp-content\/uploads\/telco-conferences-network-x-2026-18x5.webp 18w\" sizes=\"(max-width: 1024px) 100vw, 1024px\" \/><\/figure>\n\n\n\n<p><strong>Th\u00e8mes principaux :<\/strong><\/p>\n\n\n\n<ul class=\"wp-block-list\">\n<li>Strat\u00e9gies de d\u00e9ploiement de la fibre optique<\/li>\n\n\n\n<li>\u00c9volution de la 5G et feuilles de route<\/li>\n\n\n\n<li>Nuage et p\u00e9riph\u00e9rie Telco<\/li>\n\n\n\n<li>L'IA au service de l'exploitation des r\u00e9seaux<\/li>\n<\/ul>\n\n\n\n<h2 class=\"wp-block-heading\" id=\"h-mvno-nation-live\">MVNO Nation Live <\/h2>\n\n\n\n<p><strong>Date :<\/strong>&nbsp;03 Nov - 05 Nov 2026<br><strong>Lieu de travail :<\/strong>&nbsp;Alicante, Espagne<\/p>\n\n\n\n<p><strong><a href=\"https:\/\/www.mvnonationlive.com\" target=\"_blank\" rel=\"noreferrer noopener nofollow\">MVNO Nation Live<\/a><\/strong>&nbsp;est un rassemblement mondial de MVNO ax\u00e9 sur l'\u00e9change pratique entre pairs et l'alignement de l'\u00e9cosyst\u00e8me. Il rassemble les leaders MVNO, les MNO h\u00f4tes et les facilitateurs \u00e0 travers les fonctions commerciales et de produits.<\/p>\n\n\n\n<figure class=\"wp-block-image size-full\"><img loading=\"lazy\" decoding=\"async\" width=\"1024\" height=\"300\" src=\"http:\/\/tridenstechnology.com\/wp-content\/uploads\/telco-conferences-mvno-nation-2026.webp\" alt=\"banni\u00e8re de l&#039;\u00e9v\u00e9nement mvno nation 2026\" class=\"wp-image-69924\" srcset=\"https:\/\/d2xqcz296oofyv.cloudfront.net\/wp-content\/uploads\/telco-conferences-mvno-nation-2026.webp 1024w, https:\/\/d2xqcz296oofyv.cloudfront.net\/wp-content\/uploads\/telco-conferences-mvno-nation-2026-300x88.webp 300w, https:\/\/d2xqcz296oofyv.cloudfront.net\/wp-content\/uploads\/telco-conferences-mvno-nation-2026-768x225.webp 768w, https:\/\/d2xqcz296oofyv.cloudfront.net\/wp-content\/uploads\/telco-conferences-mvno-nation-2026-18x5.webp 18w\" sizes=\"(max-width: 1024px) 100vw, 1024px\" \/><\/figure>\n\n\n\n<p><strong>Th\u00e8mes principaux :<\/strong><\/p>\n\n\n\n<ul class=\"wp-block-list\">\n<li>Accords de vente en gros et tarification<\/li>\n\n\n\n<li>Croissance et int\u00e9gration de l'eSIM<\/li>\n\n\n\n<li>Fid\u00e9lisation et rentabilit\u00e9<\/li>\n\n\n\n<li>Opportunit\u00e9s pour le B2B et l'IoT<\/li>\n<\/ul>\n\n\n\n<h2 class=\"wp-block-heading\" id=\"h-futurenet-north-america\">FutureNet Am\u00e9rique du Nord<\/h2>\n\n\n\n<p><strong>Date :<\/strong>&nbsp;04 Nov - 05 Nov 2026<br><strong>Lieu de travail :<\/strong>&nbsp;New York, \u00c9tats-Unis<\/p>\n\n\n\n<p><strong><a href=\"https:\/\/futurenetworld.net\/events\/futurenet-north-america-2026\/\" target=\"_blank\" rel=\"noreferrer noopener nofollow\">FutureNet Am\u00e9rique du Nord<\/a><\/strong>&nbsp;se concentre sur l'automatisation des r\u00e9seaux et l'IA dans le contexte des op\u00e9rateurs am\u00e9ricains et canadiens. Il cible les responsables de l'ing\u00e9nierie et des op\u00e9rations qui traduisent l'ambition de l'automatisation en une ex\u00e9cution reproductible.<\/p>\n\n\n\n<figure class=\"wp-block-image size-full\"><img loading=\"lazy\" decoding=\"async\" width=\"1024\" height=\"300\" src=\"http:\/\/tridenstechnology.com\/wp-content\/uploads\/telco-conferences-futurenet-north-america-2026.webp\" alt=\"banni\u00e8re de l&#039;\u00e9v\u00e9nement futurenet north america 2026\" class=\"wp-image-69918\" srcset=\"https:\/\/d2xqcz296oofyv.cloudfront.net\/wp-content\/uploads\/telco-conferences-futurenet-north-america-2026.webp 1024w, https:\/\/d2xqcz296oofyv.cloudfront.net\/wp-content\/uploads\/telco-conferences-futurenet-north-america-2026-300x88.webp 300w, https:\/\/d2xqcz296oofyv.cloudfront.net\/wp-content\/uploads\/telco-conferences-futurenet-north-america-2026-768x225.webp 768w, https:\/\/d2xqcz296oofyv.cloudfront.net\/wp-content\/uploads\/telco-conferences-futurenet-north-america-2026-18x5.webp 18w\" sizes=\"(max-width: 1024px) 100vw, 1024px\" \/><\/figure>\n\n\n\n<p><strong>Th\u00e8mes principaux :<\/strong><\/p>\n\n\n\n<ul class=\"wp-block-list\">\n<li>Mod\u00e8les de mise en \u0153uvre de l'AIOps<\/li>\n\n\n\n<li>Assurance en circuit ferm\u00e9<\/li>\n\n\n\n<li>Mise en r\u00e9seau orient\u00e9e vers l'informatique en nuage<\/li>\n\n\n\n<li>Transformation op\u00e9rationnelle<\/li>\n<\/ul>\n\n\n\n<h2 class=\"wp-block-heading\" id=\"h-conecta-peru\">Conecta P\u00e9rou<\/h2>\n\n\n\n<p><strong>Date :<\/strong>&nbsp;10 Nov - 11 Nov 2026<br><strong>Lieu de travail :<\/strong>&nbsp;Lima, P\u00e9rou<\/p>\n\n\n\n<p><strong><a href=\"https:\/\/www.conecta-latam.com\/peru\" target=\"_blank\" rel=\"noreferrer noopener nofollow\">Connecta P\u00e9rou<\/a><\/strong>&nbsp;est un forum de t\u00e9l\u00e9communications pour le march\u00e9 p\u00e9ruvien qui r\u00e9unit des op\u00e9rateurs, des r\u00e9gulateurs et des partenaires technologiques. Il est ax\u00e9 sur les priorit\u00e9s de d\u00e9ploiement et les contraintes pratiques li\u00e9es \u00e0 la g\u00e9ographie et \u00e0 l'infrastructure.<\/p>\n\n\n\n<figure class=\"wp-block-image size-full\"><img loading=\"lazy\" decoding=\"async\" width=\"1024\" height=\"300\" src=\"http:\/\/tridenstechnology.com\/wp-content\/uploads\/telco-conferences-connecta-peru-2026.webp\" alt=\"banni\u00e8re de l&#039;\u00e9v\u00e9nement connecta peru 2026\" class=\"wp-image-69937\" srcset=\"https:\/\/d2xqcz296oofyv.cloudfront.net\/wp-content\/uploads\/telco-conferences-connecta-peru-2026.webp 1024w, https:\/\/d2xqcz296oofyv.cloudfront.net\/wp-content\/uploads\/telco-conferences-connecta-peru-2026-300x88.webp 300w, https:\/\/d2xqcz296oofyv.cloudfront.net\/wp-content\/uploads\/telco-conferences-connecta-peru-2026-768x225.webp 768w, https:\/\/d2xqcz296oofyv.cloudfront.net\/wp-content\/uploads\/telco-conferences-connecta-peru-2026-18x5.webp 18w\" sizes=\"(max-width: 1024px) 100vw, 1024px\" \/><\/figure>\n\n\n\n<p><strong>Th\u00e8mes principaux :<\/strong><\/p>\n\n\n\n<ul class=\"wp-block-list\">\n<li>Expansion de la fibre et plans d'interconnexion<\/li>\n\n\n\n<li>Calendrier de la 5G et conditions pr\u00e9alables<\/li>\n\n\n\n<li>Mod\u00e8les de couverture rurale<\/li>\n\n\n\n<li>Priorit\u00e9s en mati\u00e8re de s\u00e9curit\u00e9 des r\u00e9seaux<\/li>\n<\/ul>\n\n\n\n<h2 class=\"wp-block-heading\" id=\"h-africa-tech-festival\">Festival Africa Tech<\/h2>\n\n\n\n<p><strong>Date :<\/strong>&nbsp;16 Nov - 19 Nov 2026<br><strong>Lieu de travail :<\/strong>&nbsp;Le Cap, Afrique du Sud<\/p>\n\n\n\n<p><strong><a href=\"https:\/\/africatechfestival.com\" target=\"_blank\" rel=\"noreferrer noopener nofollow\">Festival Africa Tech<\/a><\/strong> est un \u00e9v\u00e9nement r\u00e9gional de grande envergure o\u00f9 les t\u00e9l\u00e9communications se croisent avec la technologie et la politique d'entreprise au sens large. Il s'agit d'une plateforme permettant aux op\u00e9rateurs et aux acteurs de l'\u00e9cosyst\u00e8me num\u00e9rique de s'aligner sur la croissance du march\u00e9 et les partenariats.<\/p>\n\n\n\n<figure class=\"wp-block-image size-full\"><img loading=\"lazy\" decoding=\"async\" width=\"1024\" height=\"300\" src=\"http:\/\/tridenstechnology.com\/wp-content\/uploads\/telco-conferences-africa-tech-festival-2026.webp\" alt=\"banni\u00e8re de l&#039;\u00e9v\u00e9nement africa tech festival 2026\" class=\"wp-image-69909\" srcset=\"https:\/\/d2xqcz296oofyv.cloudfront.net\/wp-content\/uploads\/telco-conferences-africa-tech-festival-2026.webp 1024w, https:\/\/d2xqcz296oofyv.cloudfront.net\/wp-content\/uploads\/telco-conferences-africa-tech-festival-2026-300x88.webp 300w, https:\/\/d2xqcz296oofyv.cloudfront.net\/wp-content\/uploads\/telco-conferences-africa-tech-festival-2026-768x225.webp 768w, https:\/\/d2xqcz296oofyv.cloudfront.net\/wp-content\/uploads\/telco-conferences-africa-tech-festival-2026-18x5.webp 18w\" sizes=\"(max-width: 1024px) 100vw, 1024px\" \/><\/figure>\n\n\n\n<p><strong>Th\u00e8mes principaux :<\/strong><\/p>\n\n\n\n<ul class=\"wp-block-list\">\n<li>Priorit\u00e9s d'investissement en mati\u00e8re de connectivit\u00e9<\/li>\n\n\n\n<li>Discussions sur la politique et le spectre<\/li>\n\n\n\n<li>Fintech et \u00e9cosyst\u00e8mes de plateformes<\/li>\n\n\n\n<li>Cybers\u00e9curit\u00e9 et r\u00e9silience<\/li>\n<\/ul>\n\n\n\n<h2 class=\"wp-block-heading\" id=\"h-telecoms-world-asia-nbsp\">Telecoms World Asia&nbsp;<\/h2>\n\n\n\n<p><strong>Date :<\/strong>&nbsp;27 novembre 2026<br><strong>Lieu de travail :<\/strong>&nbsp;Bangkok, Tha\u00eflande<\/p>\n\n\n\n<p><strong><a href=\"https:\/\/www.terrapinn.com\/conference\/telecoms-world-asia\/index.stm\" target=\"_blank\" rel=\"noreferrer noopener nofollow\">Telecom World Asia<\/a><\/strong>&nbsp;est une conf\u00e9rence r\u00e9gionale sur les t\u00e9l\u00e9communications destin\u00e9e aux dirigeants des op\u00e9rateurs de l'APAC et aux partenaires de l'\u00e9cosyst\u00e8me. Elle est con\u00e7ue pour traduire la strat\u00e9gie r\u00e9seau et num\u00e9rique en priorit\u00e9s d'ex\u00e9cution sur les diff\u00e9rents march\u00e9s asiatiques et permettra d'\u00e9changer des points de vue sur les mod\u00e8les d'exploitation des op\u00e9rateurs, le s\u00e9quen\u00e7age de la modernisation et les r\u00e9alit\u00e9s de la mon\u00e9tisation dans la r\u00e9gion APAC.<\/p>\n\n\n\n<figure class=\"wp-block-image size-full\"><img loading=\"lazy\" decoding=\"async\" width=\"1024\" height=\"300\" src=\"http:\/\/tridenstechnology.com\/wp-content\/uploads\/telco-conferences-twa-telecoms-world-asia-2026.webp\" alt=\"banni\u00e8re de l&#039;\u00e9v\u00e9nement twa telecoms world asia 2026\" class=\"wp-image-69933\" srcset=\"https:\/\/d2xqcz296oofyv.cloudfront.net\/wp-content\/uploads\/telco-conferences-twa-telecoms-world-asia-2026.webp 1024w, https:\/\/d2xqcz296oofyv.cloudfront.net\/wp-content\/uploads\/telco-conferences-twa-telecoms-world-asia-2026-300x88.webp 300w, https:\/\/d2xqcz296oofyv.cloudfront.net\/wp-content\/uploads\/telco-conferences-twa-telecoms-world-asia-2026-768x225.webp 768w, https:\/\/d2xqcz296oofyv.cloudfront.net\/wp-content\/uploads\/telco-conferences-twa-telecoms-world-asia-2026-18x5.webp 18w\" sizes=\"(max-width: 1024px) 100vw, 1024px\" \/><\/figure>\n\n\n\n<p><strong>Th\u00e8mes principaux :<\/strong><\/p>\n\n\n\n<ul class=\"wp-block-list\">\n<li>Priorit\u00e9s en mati\u00e8re de modernisation du r\u00e9seau<\/li>\n\n\n\n<li>Services num\u00e9riques et mon\u00e9tisation<\/li>\n\n\n\n<li>Partenariats et strat\u00e9gie d'\u00e9cosyst\u00e8me<\/li>\n\n\n\n<li>Exp\u00e9rience client et donn\u00e9es<\/li>\n<\/ul>\n\n\n\n<h2 class=\"wp-block-heading\" id=\"h-itw-asia\">ITW Asie<\/h2>\n\n\n\n<p><strong>Date :<\/strong>&nbsp;02 d\u00e9c - 03 d\u00e9c 2026<br><strong>Lieu de travail :<\/strong>&nbsp;Singapour<\/p>\n\n\n\n<p><strong><a href=\"https:\/\/internationaltelecomsweekasia.com\" target=\"_blank\" rel=\"noreferrer noopener nofollow\">ITW Asie<\/a><\/strong>&nbsp;est un forum sur la connectivit\u00e9 de gros et l'infrastructure num\u00e9rique ancr\u00e9 dans les march\u00e9s de l'APAC. Il s'adresse aux dirigeants responsables de la capacit\u00e9 internationale, de la strat\u00e9gie d'interconnexion et des partenariats d'infrastructure.<\/p>\n\n\n\n<figure class=\"wp-block-image size-full\"><img loading=\"lazy\" decoding=\"async\" width=\"1024\" height=\"300\" src=\"http:\/\/tridenstechnology.com\/wp-content\/uploads\/telco-conferences-itw-international-telecoms-week-asia-2026.webp\" alt=\"itw international telecoms week asia 2026 event banner\" class=\"wp-image-69923\" srcset=\"https:\/\/d2xqcz296oofyv.cloudfront.net\/wp-content\/uploads\/telco-conferences-itw-international-telecoms-week-asia-2026.webp 1024w, https:\/\/d2xqcz296oofyv.cloudfront.net\/wp-content\/uploads\/telco-conferences-itw-international-telecoms-week-asia-2026-300x88.webp 300w, https:\/\/d2xqcz296oofyv.cloudfront.net\/wp-content\/uploads\/telco-conferences-itw-international-telecoms-week-asia-2026-768x225.webp 768w, https:\/\/d2xqcz296oofyv.cloudfront.net\/wp-content\/uploads\/telco-conferences-itw-international-telecoms-week-asia-2026-18x5.webp 18w\" sizes=\"(max-width: 1024px) 100vw, 1024px\" \/><\/figure>\n\n\n\n<p><strong>Th\u00e8mes principaux :<\/strong><\/p>\n\n\n\n<ul class=\"wp-block-list\">\n<li>Capacit\u00e9 de gros et acheminement<\/li>\n\n\n\n<li>Interconnexion et peering<\/li>\n\n\n\n<li>Centres de donn\u00e9es et interconnexion des syst\u00e8mes d'information en nuage<\/li>\n\n\n\n<li>Planification de la r\u00e9silience et de la redondance<\/li>\n<\/ul>\n\n\n\n<p class=\"has-text-color has-link-color wp-elements-a1c3337365dafbd5345dd52deff07b33\" style=\"color:#171c46;font-size:36px\"><strong>Conclusion<\/strong><\/p>\n\n\n\n<p>La participation \u00e0 ces 25 \u00e9v\u00e9nements est essentielle pour les dirigeants du secteur des t\u00e9l\u00e9communications qui souhaitent avoir une visibilit\u00e9 pr\u00e9coce sur l'\u00e9volution du march\u00e9, l'orientation de la r\u00e9glementation et les mod\u00e8les d'ex\u00e9cution.<\/p>\n\n\n\n<p>Ces forums restent le cadre le plus efficace pour \u00e9tablir des partenariats entre op\u00e9rateurs et \u00e9cosyst\u00e8mes, o\u00f9 les d\u00e9cisions complexes b\u00e9n\u00e9ficient d'un dialogue direct et technique.<\/p>\n\n\n\n<p>Nous sommes impatients de renouer avec nos pairs du secteur et d'\u00e9changer nos points de vue sur la prochaine phase du secteur.<\/p>","protected":false},"excerpt":{"rendered":"<p>D\u00e9couvrez les principales conf\u00e9rences sur les t\u00e9l\u00e9communications auxquelles vous pouvez assister et obtenez des informations sur les tendances, les innovations et les possibilit\u00e9s de mise en r\u00e9seau dans le domaine des t\u00e9l\u00e9communications.<\/p>","protected":false},"author":9,"featured_media":69935,"comment_status":"open","ping_status":"open","sticky":false,"template":"","format":"standard","meta":{"footnotes":""},"categories":[16],"tags":[],"class_list":["post-45934","post","type-post","status-publish","format-standard","has-post-thumbnail","hentry","category-news","category-16","description-off"],"yoast_head":"<!-- This site is optimized with the Yoast SEO Premium plugin v27.4 (Yoast SEO v27.4) - https:\/\/yoast.com\/product\/yoast-seo-premium-wordpress\/ -->\n<title>Top Telco Events, Exhibitions, and Conferences in 2026 - Tridens<\/title>\n<meta name=\"description\" content=\"Discover top telco conferences in 2026 to attend and get updates on telecommunications trends, innovations, and networking opportunities.\" \/>\n<meta name=\"robots\" content=\"index, follow, max-snippet:-1, max-image-preview:large, max-video-preview:-1\" \/>\n<link rel=\"canonical\" href=\"https:\/\/tridenstechnology.com\/fr\/conferences-telco\/\" \/>\n<meta property=\"og:locale\" content=\"fr_FR\" \/>\n<meta property=\"og:type\" content=\"article\" \/>\n<meta property=\"og:title\" content=\"Top Telco Events, Exhibitions, and Conferences in 2026\" \/>\n<meta property=\"og:description\" content=\"Discover top telco conferences in 2026 to attend and get updates on telecommunications trends, innovations, and networking opportunities.\" \/>\n<meta property=\"og:url\" content=\"https:\/\/tridenstechnology.com\/fr\/conferences-telco\/\" \/>\n<meta property=\"og:site_name\" content=\"Tridens\" \/>\n<meta property=\"article:publisher\" content=\"https:\/\/www.facebook.com\/tridenstechnology\" \/>\n<meta property=\"article:published_time\" content=\"2026-01-12T13:27:06+00:00\" \/>\n<meta property=\"article:modified_time\" content=\"2026-03-24T14:12:52+00:00\" \/>\n<meta property=\"og:image\" content=\"https:\/\/tridenstechnology.com\/wp-content\/uploads\/telco-conferences-2.webp\" \/>\n\t<meta property=\"og:image:width\" content=\"1024\" \/>\n\t<meta property=\"og:image:height\" content=\"498\" \/>\n\t<meta property=\"og:image:type\" content=\"image\/webp\" \/>\n<meta name=\"author\" content=\"\u017diga Lesjak\" \/>\n<meta name=\"twitter:card\" content=\"summary_large_image\" \/>\n<meta name=\"twitter:creator\" content=\"@TridensTech\" \/>\n<meta name=\"twitter:site\" content=\"@TridensTech\" \/>\n<meta name=\"twitter:label1\" content=\"\u00c9crit par\" \/>\n\t<meta name=\"twitter:data1\" content=\"\u017diga Lesjak\" \/>\n\t<meta name=\"twitter:label2\" content=\"Dur\u00e9e de lecture estim\u00e9e\" \/>\n\t<meta name=\"twitter:data2\" content=\"15 minutes\" \/>\n<!-- \/ Yoast SEO Premium plugin. -->","yoast_head_json":{"title":"Principaux \u00e9v\u00e9nements, expositions et conf\u00e9rences dans le domaine des t\u00e9l\u00e9communications en 2026 - Tridens","description":"D\u00e9couvrez les meilleures conf\u00e9rences sur les t\u00e9l\u00e9communications en 2026 auxquelles vous pouvez assister et obtenez des mises \u00e0 jour sur les tendances, les innovations et les possibilit\u00e9s de r\u00e9seautage dans le domaine des t\u00e9l\u00e9communications.","robots":{"index":"index","follow":"follow","max-snippet":"max-snippet:-1","max-image-preview":"max-image-preview:large","max-video-preview":"max-video-preview:-1"},"canonical":"https:\/\/tridenstechnology.com\/fr\/conferences-telco\/","og_locale":"fr_FR","og_type":"article","og_title":"Top Telco Events, Exhibitions, and Conferences in 2026","og_description":"Discover top telco conferences in 2026 to attend and get updates on telecommunications trends, innovations, and networking opportunities.","og_url":"https:\/\/tridenstechnology.com\/fr\/conferences-telco\/","og_site_name":"Tridens","article_publisher":"https:\/\/www.facebook.com\/tridenstechnology","article_published_time":"2026-01-12T13:27:06+00:00","article_modified_time":"2026-03-24T14:12:52+00:00","og_image":[{"width":1024,"height":498,"url":"https:\/\/tridenstechnology.com\/wp-content\/uploads\/telco-conferences-2.webp","type":"image\/webp"}],"author":"\u017diga Lesjak","twitter_card":"summary_large_image","twitter_creator":"@TridensTech","twitter_site":"@TridensTech","twitter_misc":{"\u00c9crit par":"\u017diga Lesjak","Dur\u00e9e de lecture estim\u00e9e":"15 minutes"},"schema":{"@context":"https:\/\/schema.org","@graph":[{"@type":"Article","@id":"https:\/\/tridenstechnology.com\/telco-conferences\/#article","isPartOf":{"@id":"https:\/\/tridenstechnology.com\/telco-conferences\/"},"author":{"name":"\u017diga Lesjak","@id":"https:\/\/tridenstechnology.com\/#\/schema\/person\/c114502d398eba1e5b7ab72a9f201884"},"headline":"Top Telco Events, Exhibitions, and Conferences in 2026","datePublished":"2026-01-12T13:27:06+00:00","dateModified":"2026-03-24T14:12:52+00:00","mainEntityOfPage":{"@id":"https:\/\/tridenstechnology.com\/telco-conferences\/"},"wordCount":1968,"commentCount":1,"publisher":{"@id":"https:\/\/tridenstechnology.com\/#organization"},"image":{"@id":"https:\/\/tridenstechnology.com\/telco-conferences\/#primaryimage"},"thumbnailUrl":"https:\/\/d2xqcz296oofyv.cloudfront.net\/wp-content\/uploads\/telco-conferences-2.webp","articleSection":["News"],"inLanguage":"fr-FR","potentialAction":[{"@type":"CommentAction","name":"Comment","target":["https:\/\/tridenstechnology.com\/telco-conferences\/#respond"]}],"accessibilityFeature":["tableOfContents"]},{"@type":"WebPage","@id":"https:\/\/tridenstechnology.com\/telco-conferences\/","url":"https:\/\/tridenstechnology.com\/telco-conferences\/","name":"Principaux \u00e9v\u00e9nements, expositions et conf\u00e9rences dans le domaine des t\u00e9l\u00e9communications en 2026 - Tridens","isPartOf":{"@id":"https:\/\/tridenstechnology.com\/#website"},"primaryImageOfPage":{"@id":"https:\/\/tridenstechnology.com\/telco-conferences\/#primaryimage"},"image":{"@id":"https:\/\/tridenstechnology.com\/telco-conferences\/#primaryimage"},"thumbnailUrl":"https:\/\/d2xqcz296oofyv.cloudfront.net\/wp-content\/uploads\/telco-conferences-2.webp","datePublished":"2026-01-12T13:27:06+00:00","dateModified":"2026-03-24T14:12:52+00:00","description":"D\u00e9couvrez les meilleures conf\u00e9rences sur les t\u00e9l\u00e9communications en 2026 auxquelles vous pouvez assister et obtenez des mises \u00e0 jour sur les tendances, les innovations et les possibilit\u00e9s de r\u00e9seautage dans le domaine des t\u00e9l\u00e9communications.","breadcrumb":{"@id":"https:\/\/tridenstechnology.com\/telco-conferences\/#breadcrumb"},"inLanguage":"fr-FR","potentialAction":[{"@type":"ReadAction","target":["https:\/\/tridenstechnology.com\/telco-conferences\/"]}]},{"@type":"ImageObject","inLanguage":"fr-FR","@id":"https:\/\/tridenstechnology.com\/telco-conferences\/#primaryimage","url":"https:\/\/d2xqcz296oofyv.cloudfront.net\/wp-content\/uploads\/telco-conferences-2.webp","contentUrl":"https:\/\/d2xqcz296oofyv.cloudfront.net\/wp-content\/uploads\/telco-conferences-2.webp","width":1024,"height":498,"caption":"telco conferences 2026 happening around the globe"},{"@type":"BreadcrumbList","@id":"https:\/\/tridenstechnology.com\/telco-conferences\/#breadcrumb","itemListElement":[{"@type":"ListItem","position":1,"name":"Home","item":"https:\/\/tridenstechnology.com\/"},{"@type":"ListItem","position":2,"name":"Top Telco Events, Exhibitions, and Conferences in 2026"}]},{"@type":"WebSite","@id":"https:\/\/tridenstechnology.com\/#website","url":"https:\/\/tridenstechnology.com\/","name":"Tridens","description":"Mon\u00e9tisation, facturation et recharge des v\u00e9hicules \u00e9lectriques","publisher":{"@id":"https:\/\/tridenstechnology.com\/#organization"},"potentialAction":[{"@type":"SearchAction","target":{"@type":"EntryPoint","urlTemplate":"https:\/\/tridenstechnology.com\/?s={search_term_string}"},"query-input":{"@type":"PropertyValueSpecification","valueRequired":true,"valueName":"search_term_string"}}],"inLanguage":"fr-FR"},{"@type":"Organization","@id":"https:\/\/tridenstechnology.com\/#organization","name":"Tridens","url":"https:\/\/tridenstechnology.com\/","logo":{"@type":"ImageObject","inLanguage":"fr-FR","@id":"https:\/\/tridenstechnology.com\/#\/schema\/logo\/image\/","url":"https:\/\/d2xqcz296oofyv.cloudfront.net\/wp-content\/uploads\/2019\/02\/tridens_logo_invert.png","contentUrl":"https:\/\/d2xqcz296oofyv.cloudfront.net\/wp-content\/uploads\/2019\/02\/tridens_logo_invert.png","width":600,"height":191,"caption":"Tridens"},"image":{"@id":"https:\/\/tridenstechnology.com\/#\/schema\/logo\/image\/"},"sameAs":["https:\/\/www.facebook.com\/tridenstechnology","https:\/\/x.com\/TridensTech","https:\/\/www.instagram.com\/tridenstechnology\/","https:\/\/www.linkedin.com\/company\/tridens","https:\/\/www.youtube.com\/user\/TridensIT"]},{"@type":"Person","@id":"https:\/\/tridenstechnology.com\/#\/schema\/person\/c114502d398eba1e5b7ab72a9f201884","name":"\u017diga Lesjak","image":{"@type":"ImageObject","inLanguage":"fr-FR","@id":"https:\/\/secure.gravatar.com\/avatar\/a46da957691f5add544cf2e0c5ea7556bf85fc853539e71e3a2b5200d5951fad?s=96&d=mm&r=g","url":"https:\/\/secure.gravatar.com\/avatar\/a46da957691f5add544cf2e0c5ea7556bf85fc853539e71e3a2b5200d5951fad?s=96&d=mm&r=g","contentUrl":"https:\/\/secure.gravatar.com\/avatar\/a46da957691f5add544cf2e0c5ea7556bf85fc853539e71e3a2b5200d5951fad?s=96&d=mm&r=g","caption":"\u017diga Lesjak"},"description":"\u017diga Lesjak est le responsable du marketing num\u00e9rique chez Tridens, avec plus de 7 ans d'exp\u00e9rience dans le domaine du marketing. Il est titulaire d'un master en sciences et passionn\u00e9 par la technologie, l'innovation et la recherche d'adr\u00e9naline.","sameAs":["https:\/\/www.linkedin.com\/in\/zlesjak\/"],"url":"https:\/\/tridenstechnology.com\/fr\/author\/ziga-lesjaktridenstechnology-com\/"}]}},"_links":{"self":[{"href":"https:\/\/tridenstechnology.com\/fr\/wp-json\/wp\/v2\/posts\/45934","targetHints":{"allow":["GET"]}}],"collection":[{"href":"https:\/\/tridenstechnology.com\/fr\/wp-json\/wp\/v2\/posts"}],"about":[{"href":"https:\/\/tridenstechnology.com\/fr\/wp-json\/wp\/v2\/types\/post"}],"author":[{"embeddable":true,"href":"https:\/\/tridenstechnology.com\/fr\/wp-json\/wp\/v2\/users\/9"}],"replies":[{"embeddable":true,"href":"https:\/\/tridenstechnology.com\/fr\/wp-json\/wp\/v2\/comments?post=45934"}],"version-history":[{"count":3,"href":"https:\/\/tridenstechnology.com\/fr\/wp-json\/wp\/v2\/posts\/45934\/revisions"}],"predecessor-version":[{"id":69942,"href":"https:\/\/tridenstechnology.com\/fr\/wp-json\/wp\/v2\/posts\/45934\/revisions\/69942"}],"wp:featuredmedia":[{"embeddable":true,"href":"https:\/\/tridenstechnology.com\/fr\/wp-json\/wp\/v2\/media\/69935"}],"wp:attachment":[{"href":"https:\/\/tridenstechnology.com\/fr\/wp-json\/wp\/v2\/media?parent=45934"}],"wp:term":[{"taxonomy":"category","embeddable":true,"href":"https:\/\/tridenstechnology.com\/fr\/wp-json\/wp\/v2\/categories?post=45934"},{"taxonomy":"post_tag","embeddable":true,"href":"https:\/\/tridenstechnology.com\/fr\/wp-json\/wp\/v2\/tags?post=45934"}],"curies":[{"name":"wp","href":"https:\/\/api.w.org\/{rel}","templated":true}]}}