{"id":70105,"date":"2026-01-16T15:59:43","date_gmt":"2026-01-16T13:59:43","guid":{"rendered":"https:\/\/tridenstechnology.com\/?p=70105"},"modified":"2026-04-14T14:36:56","modified_gmt":"2026-04-14T12:36:56","slug":"energia-eventos-conferencias","status":"publish","type":"post","link":"https:\/\/tridenstechnology.com\/es\/energy-events-conferences\/","title":{"rendered":"Principales eventos y conferencias sobre energ\u00eda y servicios p\u00fablicos para 2026"},"content":{"rendered":"<p><strong><em>\u00bfBusca ferias y conferencias sobre energ\u00eda? Consulte nuestra lista de las 10 ferias de energ\u00eda a las que no puede faltar para saber c\u00f3mo participar.<\/em><\/strong><\/p>\n\n\n\n<div class=\"wp-block-yoast-seo-table-of-contents yoast-table-of-contents\"><h2>\u00cdndice<\/h2><ul><li><a href=\"#h-world-future-energy-summit\" data-level=\"2\">Cumbre Mundial sobre la Energ\u00eda del Futuro<\/a><\/li><li><a href=\"#h-e-world-energy-amp-water\" data-level=\"2\">E-world energ\u00eda y agua<\/a><\/li><li><a href=\"#h-key\" data-level=\"2\">CLAVE<\/a><\/li><li><a href=\"#h-world-smart-energy-week\" data-level=\"2\">Semana Mundial de la Energ\u00eda Inteligente<\/a><\/li><li><a href=\"#h-snec-pv-power-expo\" data-level=\"2\">Exposici\u00f3n SNEC PV Power<\/a><\/li><li><a href=\"#h-the-smarter-e-europe-intersolar-europe\" data-level=\"2\">The smarter E Europe (Intersolar Europe)<\/a><\/li><li><a href=\"#h-wetex-amp-dubai-solar-show\" data-level=\"2\">WETEX y el Sal\u00f3n Solar de Dubai<\/a><\/li><li><a href=\"#h-adipec\" data-level=\"2\">ADIPEC<\/a><\/li><li><a href=\"#h-enlit-europe\" data-level=\"2\">Enlit Europe<\/a><\/li><li><a href=\"#h-re\" data-level=\"2\">RE+<\/a><\/li><\/ul><\/div>\n\n\n\n<p>En 2026, los sectores de la energ\u00eda y los servicios p\u00fablicos est\u00e1n sometidos a la presi\u00f3n de volverse ecol\u00f3gicos y actualizar su tecnolog\u00eda. Aunque las herramientas en l\u00ednea son \u00fatiles, reunirse en persona sigue siendo la mejor manera de crear las alianzas necesarias para alcanzar los objetivos clim\u00e1ticos de 2030.<\/p>\n\n\n\n<p>Estos eventos ayudan a los l\u00edderes a solucionar los problemas de la red el\u00e9ctrica y a gestionar el cambio a las energ\u00edas limpias. Hemos enumerado los 10 principales eventos sobre energ\u00eda y servicios p\u00fablicos para 2026 para ayudarle a mantenerse a la vanguardia.<\/p>\n\n\n\n<p>Tridens estar\u00e1 en estos actos para mostrar c\u00f3mo&nbsp;<a href=\"https:\/\/tridenstechnology.com\/energy-utility\/\">Tridens Monetization<\/a> plataforma de facturaci\u00f3n multiservicio totalmente configurable que automatiza el proceso \"del contador al cobro\" para proveedores de energ\u00eda y servicios p\u00fablicos.<\/p>\n\n\n\n<p class=\"has-text-color has-link-color wp-elements-10e0a3db7b5c62a5aa61bb9809999e96\" style=\"color:#171c46;font-size:36px\"><strong>Lista de eventos sobre energ\u00eda para 2026<\/strong><\/p>\n\n\n\n<figure class=\"wp-block-table\"><table class=\"has-fixed-layout\"><thead><tr><th>Nombre del evento<\/th><th>Fecha<\/th><th>Ubicaci\u00f3n<\/th><\/tr><\/thead><tbody><tr><td><a href=\"http:\/\/h-world-future-energy-summit\">Cumbre Mundial sobre la Energ\u00eda del Futuro<\/a><\/td><td>Del 13 al 15 de enero de 2026<\/td><td>Abu Dhabi, EAU<\/td><\/tr><tr><td><a href=\"http:\/\/h-e-world-energy-amp-water\">E-world energ\u00eda y agua<\/a><\/td><td>10-12 de febrero de 2026<\/td><td>Essen, Alemania<\/td><\/tr><tr><td><a href=\"http:\/\/h-key\">CLAVE<\/a><\/td><td>Del 4 al 6 de marzo de 2026<\/td><td>Rimini, Italia<\/td><\/tr><tr><td><a href=\"http:\/\/h-world-smart-energy-week\">Semana Mundial de la Energ\u00eda Inteligente<\/a><\/td><td>17-19 de marzo de 2026<\/td><td>Tokio, Jap\u00f3n<\/td><\/tr><tr><td><a href=\"http:\/\/h-snec-pv-power-expo\">Exposici\u00f3n SNEC PV Power<\/a><\/td><td>3-5 de junio de 2026<\/td><td>Shanghai, China<\/td><\/tr><tr><td><a href=\"http:\/\/h-the-smarter-e-europe-intersolar-europe\">The smarter E Europe (Intersolar Europe)<\/a><\/td><td>23-25 de junio de 2026<\/td><td>Munich, Alemania<\/td><\/tr><tr><td><a href=\"http:\/\/h-wetex-amp-dubai-solar-show\">WETEX y el Sal\u00f3n Solar de Dubai<\/a><\/td><td>20-22 de octubre de 2026<\/td><td>Dubai, EAU<\/td><\/tr><tr><td><a href=\"http:\/\/h-adipec\">ADIPEC<\/a><\/td><td>Del 2 al 5 de noviembre de 2026<\/td><td>Abu Dhabi, EAU<\/td><\/tr><tr><td><a href=\"http:\/\/h-enlit-europe\">Enlit Europe<\/a><\/td><td>10-12 de noviembre de 2026<\/td><td>Viena, Austria<\/td><\/tr><tr><td><a href=\"http:\/\/h-re\">RE+<\/a><\/td><td>Del 16 al 19 de noviembre de 2026<\/td><td>Las Vegas, EE.UU.<\/td><\/tr><\/tbody><\/table><\/figure>\n\n\n\n<div style=\"height:40px\" aria-hidden=\"true\" class=\"wp-block-spacer\"><\/div>\n\n\n\n<h2 class=\"wp-block-heading\" id=\"h-world-future-energy-summit\">Cumbre Mundial sobre la Energ\u00eda del Futuro<\/h2>\n\n\n\n<p><strong>Date:<\/strong> Del 13 al 15 de enero de 2026<br><strong>Ubicaci\u00f3n:<\/strong> Abu Dhabi, EAU<\/p>\n\n\n\n<p><strong><a href=\"https:\/\/www.worldfutureenergysummit.com\/\" target=\"_blank\" rel=\"noreferrer noopener nofollow\">Cumbre Mundial sobre la Energ\u00eda del Futuro (WFES)<\/a><\/strong>&nbsp;es el principal evento anual de Oriente Medio sobre energ\u00edas renovables y sostenibilidad, organizado por Masdar en el marco de la Semana de la Sostenibilidad de Abu Dhabi. La cumbre de 2026 ser\u00e1 su mayor edici\u00f3n hasta la fecha y reunir\u00e1 a l\u00edderes mundiales de las energ\u00edas limpias, responsables pol\u00edticos e inversores para mostrar las innovaciones en energ\u00eda sostenible. La WFES, que ya es una de las plataformas de energ\u00edas limpias m\u00e1s influyentes de la regi\u00f3n, sirve de centro mundial para impulsar proyectos de energ\u00edas renovables y soluciones clim\u00e1ticas. Los asistentes podr\u00e1n asistir a debates de alto nivel sobre la ampliaci\u00f3n de las tecnolog\u00edas limpias y la conversi\u00f3n de los compromisos de energ\u00eda neta cero en proyectos viables.<\/p>\n\n\n\n<figure class=\"wp-block-image size-full\"><img fetchpriority=\"high\" decoding=\"async\" width=\"1024\" height=\"300\" src=\"https:\/\/tridenstechnology.com\/wp-content\/uploads\/energy-events-conferences-world-future-energy-summit-2026.webp\" alt=\"pancarta de la cumbre mundial sobre la energ\u00eda del futuro 2026\" class=\"wp-image-70114\" srcset=\"https:\/\/d2xqcz296oofyv.cloudfront.net\/wp-content\/uploads\/energy-events-conferences-world-future-energy-summit-2026.webp 1024w, https:\/\/d2xqcz296oofyv.cloudfront.net\/wp-content\/uploads\/energy-events-conferences-world-future-energy-summit-2026-300x88.webp 300w, https:\/\/d2xqcz296oofyv.cloudfront.net\/wp-content\/uploads\/energy-events-conferences-world-future-energy-summit-2026-768x225.webp 768w, https:\/\/d2xqcz296oofyv.cloudfront.net\/wp-content\/uploads\/energy-events-conferences-world-future-energy-summit-2026-18x5.webp 18w\" sizes=\"(max-width: 1024px) 100vw, 1024px\" \/><\/figure>\n\n\n\n<p><strong>Temas principales:<\/strong><\/p>\n\n\n\n<ul class=\"wp-block-list\">\n<li>Avances en energ\u00edas renovables<\/li>\n\n\n\n<li>Pol\u00edtica clim\u00e1tica y financiaci\u00f3n<\/li>\n\n\n\n<li>Innovaci\u00f3n energ\u00e9tica<\/li>\n\n\n\n<li>Ciudades sostenibles y agua<\/li>\n<\/ul>\n\n\n\n<h2 class=\"wp-block-heading\" id=\"h-e-world-energy-amp-water\">E-world energ\u00eda y agua<\/h2>\n\n\n\n<p><strong>Date:<\/strong> 10-12 de febrero de 2026<br><strong>Ubicaci\u00f3n: <\/strong>Essen, Alemania<\/p>\n\n\n\n<p><strong><a href=\"https:\/\/e-world-essen.com\/en\/\">E-world energ\u00eda y agua<\/a><\/strong>&nbsp;se conoce como&nbsp;<em>\u201cel punto de encuentro de la industria energ\u00e9tica europea\u201d<\/em>. Esta feria y conferencia europea, que se celebra anualmente en Essen, re\u00fane a proveedores de energ\u00eda, operadores de redes, empresas de servicios p\u00fablicos y empresas de tecnolog\u00edas limpias de todo el continente. E-world 2026 ofrecer\u00e1 un s\u00f3lido programa de conferencias con expertos internacionales, centrado en los aspectos operativos y de mercado de los sectores de la energ\u00eda y el agua. Para los profesionales europeos de los servicios p\u00fablicos, es un acontecimiento clave para explorar lo \u00faltimo en gesti\u00f3n, pol\u00edtica e innovaci\u00f3n energ\u00e9ticas, todo ello en un entorno propicio para la creaci\u00f3n de redes que fomenta el intercambio de conocimientos y las asociaciones.<\/p>\n\n\n\n<figure class=\"wp-block-image size-full\"><img decoding=\"async\" width=\"1024\" height=\"300\" src=\"https:\/\/tridenstechnology.com\/wp-content\/uploads\/ev-conferences-emobility-events-e-world-energy-and-water-2026-1x.webp\" alt=\"banner del evento e-world energ\u00eda y agua 2026\" class=\"wp-image-69783\" srcset=\"https:\/\/d2xqcz296oofyv.cloudfront.net\/wp-content\/uploads\/ev-conferences-emobility-events-e-world-energy-and-water-2026-1x.webp 1024w, https:\/\/d2xqcz296oofyv.cloudfront.net\/wp-content\/uploads\/ev-conferences-emobility-events-e-world-energy-and-water-2026-1x-300x88.webp 300w, https:\/\/d2xqcz296oofyv.cloudfront.net\/wp-content\/uploads\/ev-conferences-emobility-events-e-world-energy-and-water-2026-1x-768x225.webp 768w, https:\/\/d2xqcz296oofyv.cloudfront.net\/wp-content\/uploads\/ev-conferences-emobility-events-e-world-energy-and-water-2026-1x-18x5.webp 18w\" sizes=\"(max-width: 1024px) 100vw, 1024px\" \/><\/figure>\n\n\n\n<p><strong>Temas principales:<\/strong><\/p>\n\n\n\n<ul class=\"wp-block-list\">\n<li>Mercados y pol\u00edtica energ\u00e9ticos<\/li>\n\n\n\n<li>Redes inteligentes y digitalizaci\u00f3n&nbsp;<\/li>\n\n\n\n<li>Integraci\u00f3n de las energ\u00edas renovables<\/li>\n\n\n\n<li>Infraestructuras de agua y energ\u00eda<\/li>\n<\/ul>\n\n\n\n<h2 class=\"wp-block-heading\" id=\"h-key\">CLAVE<\/h2>\n\n\n\n<p><strong>Date:<\/strong> Del 4 al 6 de marzo de 2026<br><strong>Ubicaci\u00f3n:<\/strong> Rimini, Italia<\/p>\n\n\n\n<p><strong><a href=\"https:\/\/www.key-expo.com\/en\" target=\"_blank\" rel=\"noreferrer noopener nofollow\">KEY - Exposici\u00f3n sobre la transici\u00f3n energ\u00e9tica<\/a><\/strong>&nbsp;(antes Key Energy) es la principal feria italiana dedicada a las energ\u00edas renovables y la transici\u00f3n ecol\u00f3gica. Celebrada en el Centro de Exposiciones de R\u00edmini, K.EY re\u00fane a profesionales del sector, proveedores de tecnolog\u00eda y responsables pol\u00edticos de todo el sur de Europa y el Mediterr\u00e1neo. La exposici\u00f3n de 2026 mostrar\u00e1 soluciones integradas para la descarbonizaci\u00f3n de los sistemas energ\u00e9ticos, abarcando tecnolog\u00edas solares, e\u00f3licas, de almacenamiento de energ\u00eda y de eficiencia. Como parte de una plataforma m\u00e1s amplia de exposiciones sobre sostenibilidad, KEY ofrece una visi\u00f3n completa de las innovaciones que impulsan la transici\u00f3n hacia las energ\u00edas limpias, lo que la convierte en un importante encuentro de primavera para estrategas energ\u00e9ticos y proveedores de soluciones.<\/p>\n\n\n\n<figure class=\"wp-block-image size-full\"><img decoding=\"async\" width=\"1024\" height=\"300\" src=\"https:\/\/tridenstechnology.com\/wp-content\/uploads\/ev-conferences-emobility-events-key-the-energy-transition-expo-2026-1x.webp\" alt=\"banner del evento key the energy transition expo 2026\" class=\"wp-image-69787\" srcset=\"https:\/\/d2xqcz296oofyv.cloudfront.net\/wp-content\/uploads\/ev-conferences-emobility-events-key-the-energy-transition-expo-2026-1x.webp 1024w, https:\/\/d2xqcz296oofyv.cloudfront.net\/wp-content\/uploads\/ev-conferences-emobility-events-key-the-energy-transition-expo-2026-1x-300x88.webp 300w, https:\/\/d2xqcz296oofyv.cloudfront.net\/wp-content\/uploads\/ev-conferences-emobility-events-key-the-energy-transition-expo-2026-1x-768x225.webp 768w, https:\/\/d2xqcz296oofyv.cloudfront.net\/wp-content\/uploads\/ev-conferences-emobility-events-key-the-energy-transition-expo-2026-1x-18x5.webp 18w\" sizes=\"(max-width: 1024px) 100vw, 1024px\" \/><\/figure>\n\n\n\n<p><strong>Temas principales:<\/strong><\/p>\n\n\n\n<ul class=\"wp-block-list\">\n<li>Tecnolog\u00eda solar y fotovoltaica&nbsp;<\/li>\n\n\n\n<li>Desarrollo de la energ\u00eda e\u00f3lica<\/li>\n\n\n\n<li>Hidr\u00f3geno y almacenamiento<\/li>\n\n\n\n<li>Eficiencia energ\u00e9tica y movilidad el\u00e9ctrica<\/li>\n<\/ul>\n\n\n\n<h2 class=\"wp-block-heading\" id=\"h-world-smart-energy-week\">Semana Mundial de la Energ\u00eda Inteligente<\/h2>\n\n\n\n<p><strong>Date: <\/strong>17-19 de marzo de 2026<br><strong>Ubicaci\u00f3n: <\/strong>Tokio, Jap\u00f3n<\/p>\n\n\n\n<p><strong><a href=\"https:\/\/www.wsew.jp\/hub\/en-gb.html\" target=\"_blank\" rel=\"noreferrer noopener nofollow\">Semana Mundial de la Energ\u00eda Inteligente<\/a><\/strong>&nbsp;es una de las mayores series de exposiciones de energ\u00eda inteligente del mundo, que se celebra varias veces al a\u00f1o en Jap\u00f3n (la edici\u00f3n principal tiene lugar cada mes de marzo en Tokio). Este acontecimiento re\u00fane en un solo recinto toda la gama de tecnolog\u00edas de energ\u00edas renovables, desde el hidr\u00f3geno y las pilas de combustible hasta la energ\u00eda solar fotovoltaica, las bater\u00edas, la energ\u00eda e\u00f3lica, la biomasa y las redes inteligentes. En la edici\u00f3n de Tokio de 2026, decenas de miles de visitantes se relacionar\u00e1n con expositores y seminarios que abarcan todo el ecosistema de las energ\u00edas limpias. La Semana Mundial de la Energ\u00eda Inteligente es la principal plataforma empresarial de Asia en el \u00e1mbito de las energ\u00edas renovables, donde empresas y expertos de todo el mundo se re\u00fanen para acelerar proyectos y asociaciones en los mercados de energ\u00edas limpias de la regi\u00f3n, que se encuentran en pleno auge.<\/p>\n\n\n\n<figure class=\"wp-block-image size-full\"><img loading=\"lazy\" decoding=\"async\" width=\"1024\" height=\"300\" src=\"https:\/\/tridenstechnology.com\/wp-content\/uploads\/energy-events-conferences-world-smart-energy-week-2026.webp\" alt=\"banner del evento de la semana mundial de la energ\u00eda inteligente 2026\" class=\"wp-image-70115\" srcset=\"https:\/\/d2xqcz296oofyv.cloudfront.net\/wp-content\/uploads\/energy-events-conferences-world-smart-energy-week-2026.webp 1024w, https:\/\/d2xqcz296oofyv.cloudfront.net\/wp-content\/uploads\/energy-events-conferences-world-smart-energy-week-2026-300x88.webp 300w, https:\/\/d2xqcz296oofyv.cloudfront.net\/wp-content\/uploads\/energy-events-conferences-world-smart-energy-week-2026-768x225.webp 768w, https:\/\/d2xqcz296oofyv.cloudfront.net\/wp-content\/uploads\/energy-events-conferences-world-smart-energy-week-2026-18x5.webp 18w\" sizes=\"(max-width: 1024px) 100vw, 1024px\" \/><\/figure>\n\n\n\n<p><strong>Temas principales:<\/strong><\/p>\n\n\n\n<ul class=\"wp-block-list\">\n<li>Espectro de las energ\u00edas renovables<\/li>\n\n\n\n<li>Hidr\u00f3geno y pilas de combustible&nbsp;<\/li>\n\n\n\n<li>Almacenamiento en bater\u00eda&nbsp;<\/li>\n\n\n\n<li>Redes inteligentes e IoT<\/li>\n<\/ul>\n\n\n\n<h2 class=\"wp-block-heading\" id=\"h-snec-pv-power-expo\">Exposici\u00f3n SNEC PV Power<\/h2>\n\n\n\n<p><strong>Date: <\/strong>3-5 de junio de 2026<br><strong>Ubicaci\u00f3n:<\/strong> Shanghai, China<\/p>\n\n\n\n<p><strong><a href=\"https:\/\/www.snec-pv.com\/\" target=\"_blank\" rel=\"noreferrer noopener nofollow\">Exposici\u00f3n SNEC PV Power<\/a><\/strong>&nbsp;de Shanghai es una conferencia y exposici\u00f3n de influencia mundial centrada en la energ\u00eda solar fotovoltaica y las tecnolog\u00edas de almacenamiento de energ\u00eda. SNEC, la mayor exposici\u00f3n fotovoltaica del mundo, se ha convertido en una verdadera plataforma internacional en la que han participado m\u00e1s de 3.000 empresas de m\u00e1s de 95 pa\u00edses en los \u00faltimos a\u00f1os. La edici\u00f3n de 2026 (la 19\u00aa SNEC) seguir\u00e1 mostrando la&nbsp;<em>toda la cadena de la industria fotovoltaica<\/em>&nbsp;- desde materiales de silicio y equipos de fabricaci\u00f3n hasta c\u00e9lulas, m\u00f3dulos e integraci\u00f3n de sistemas. Para los profesionales, promotores e inversores de la industria solar, SNEC ofrece una oportunidad inigualable de ver las innovaciones m\u00e1s avanzadas en energ\u00eda fotovoltaica y bater\u00edas y de conectar con el floreciente mercado de las energ\u00edas renovables en Asia.<\/p>\n\n\n\n<figure class=\"wp-block-image size-full\"><img loading=\"lazy\" decoding=\"async\" width=\"1024\" height=\"300\" src=\"https:\/\/tridenstechnology.com\/wp-content\/uploads\/energy-events-conferences-snec-pv-power-expo-2026.webp\" alt=\"banner del evento snec pv power expo 2026\" class=\"wp-image-70122\" srcset=\"https:\/\/d2xqcz296oofyv.cloudfront.net\/wp-content\/uploads\/energy-events-conferences-snec-pv-power-expo-2026.webp 1024w, https:\/\/d2xqcz296oofyv.cloudfront.net\/wp-content\/uploads\/energy-events-conferences-snec-pv-power-expo-2026-300x88.webp 300w, https:\/\/d2xqcz296oofyv.cloudfront.net\/wp-content\/uploads\/energy-events-conferences-snec-pv-power-expo-2026-768x225.webp 768w, https:\/\/d2xqcz296oofyv.cloudfront.net\/wp-content\/uploads\/energy-events-conferences-snec-pv-power-expo-2026-18x5.webp 18w\" sizes=\"(max-width: 1024px) 100vw, 1024px\" \/><\/figure>\n\n\n\n<p><strong>Temas principales:<\/strong><\/p>\n\n\n\n<ul class=\"wp-block-list\">\n<li>Innovaciones en la fabricaci\u00f3n de energ\u00eda solar&nbsp;<\/li>\n\n\n\n<li>Integraci\u00f3n del almacenamiento de energ\u00eda<\/li>\n\n\n\n<li>Tendencias del mercado mundial<\/li>\n\n\n\n<li>Energ\u00eda inteligente y microrredes<\/li>\n<\/ul>\n\n\n\n<h2 class=\"wp-block-heading\" id=\"h-the-smarter-e-europe-intersolar-europe\">The smarter E Europe (Intersolar Europe)<\/h2>\n\n\n\n<p><strong>Date: <\/strong>23-25 de junio de 2026<br><strong>Ubicaci\u00f3n:<\/strong> Munich, Alemania<\/p>\n\n\n\n<p><strong><a href=\"https:\/\/www.thesmartere.de\/home\" target=\"_blank\" rel=\"noreferrer noopener nofollow\">La Europa E m\u00e1s inteligente<\/a><\/strong>&nbsp;es la mayor alianza europea de ferias de energ\u00eda, que engloba cuatro eventos paralelos: Intersolar Europe (energ\u00eda solar), ees Europe (almacenamiento en bater\u00edas), Power2Drive Europe (movilidad el\u00e9ctrica) y EM-Power Europe (gesti\u00f3n inteligente de la energ\u00eda). Este megaevento, que se celebra en Messe M\u00fcnchen, es un acontecimiento anual de verano para la industria de las energ\u00edas limpias. En 2026, The smarter E Europe transformar\u00e1 M\u00fanich en un centro de innovaci\u00f3n para las energ\u00edas renovables y los servicios p\u00fablicos, con cientos de expositores y una conferencia multitem\u00e1tica. Los profesionales de la energ\u00eda asisten para conocer las \u00faltimas tecnolog\u00edas solares y de almacenamiento, soluciones de recarga de veh\u00edculos el\u00e9ctricos e innovaciones en redes inteligentes, todo en un mismo lugar. El amplio alcance de este evento y su animado ambiente lo convierten en una cita ineludible para todos los que impulsan la transici\u00f3n energ\u00e9tica en Europa.<\/p>\n\n\n\n<figure class=\"wp-block-image size-full\"><img loading=\"lazy\" decoding=\"async\" width=\"1024\" height=\"300\" src=\"https:\/\/tridenstechnology.com\/wp-content\/uploads\/energy-events-conferences-intersolar-the-smarter-europe-2026.webp\" alt=\"banner del evento intersolar the smarter e europe 2026\" class=\"wp-image-70119\" srcset=\"https:\/\/d2xqcz296oofyv.cloudfront.net\/wp-content\/uploads\/energy-events-conferences-intersolar-the-smarter-europe-2026.webp 1024w, https:\/\/d2xqcz296oofyv.cloudfront.net\/wp-content\/uploads\/energy-events-conferences-intersolar-the-smarter-europe-2026-300x88.webp 300w, https:\/\/d2xqcz296oofyv.cloudfront.net\/wp-content\/uploads\/energy-events-conferences-intersolar-the-smarter-europe-2026-768x225.webp 768w, https:\/\/d2xqcz296oofyv.cloudfront.net\/wp-content\/uploads\/energy-events-conferences-intersolar-the-smarter-europe-2026-18x5.webp 18w\" sizes=\"(max-width: 1024px) 100vw, 1024px\" \/><\/figure>\n\n\n\n<p><strong>Temas principales:<\/strong><\/p>\n\n\n\n<ul class=\"wp-block-list\">\n<li>Energ\u00eda solar<\/li>\n\n\n\n<li>Almacenamiento de energ\u00eda<\/li>\n\n\n\n<li>Movilidad el\u00e9ctrica&nbsp;<\/li>\n\n\n\n<li>Gesti\u00f3n inteligente de la energ\u00eda<\/li>\n<\/ul>\n\n\n\n<h2 class=\"wp-block-heading\" id=\"h-wetex-amp-dubai-solar-show\">WETEX y el Sal\u00f3n Solar de Dubai<\/h2>\n\n\n\n<p><strong>Date:<\/strong> 20-22 de octubre de 2026<br><strong>Ubicaci\u00f3n:<\/strong> Dubai, EAU<\/p>\n\n\n\n<p><strong><a href=\"https:\/\/www.wetex.ae\/\" target=\"_blank\" rel=\"noreferrer noopener nofollow\">WETEX (Sal\u00f3n del Agua, la Energ\u00eda, la Tecnolog\u00eda y el Medio Ambiente)<\/a> <\/strong>&amp;<strong> <a href=\"https:\/\/www.terrapinn.com\/exhibition\/solar-storage-live-dubai\/index.stm\" target=\"_blank\" rel=\"noreferrer noopener nofollow\">Feria Solar de Dubai<\/a><\/strong>&nbsp;es la principal exposici\u00f3n de Oriente Medio sobre innovaci\u00f3n en materia de agua y energ\u00eda, organizada por la Autoridad de Electricidad y Agua de Dubai (DEWA). WETEX, una de las mayores exposiciones especializadas del mundo en energ\u00eda, agua y sostenibilidad, ofrece a las empresas una plataforma para mostrar los \u00faltimos avances en energ\u00eda limpia, conservaci\u00f3n del agua y tecnolog\u00edas medioambientales. La edici\u00f3n de 2026, que se celebrar\u00e1 en el World Trade Centre de Dubai, atraer\u00e1 a organismos gubernamentales, empresas de servicios p\u00fablicos y expertos del sector de todo el mundo, en consonancia con la visi\u00f3n de Dubai de un futuro sostenible. Los asistentes podr\u00e1n explorar una amplia gama de soluciones, desde la energ\u00eda solar y la movilidad ecol\u00f3gica hasta la inteligencia artificial, la tecnolog\u00eda para ciudades inteligentes y la gesti\u00f3n eficiente del agua, lo que convierte a WETEX en una parada clave para quienes buscan una innovaci\u00f3n sostenible integral.<\/p>\n\n\n\n<figure class=\"wp-block-image size-full\"><img loading=\"lazy\" decoding=\"async\" width=\"1024\" height=\"300\" src=\"https:\/\/tridenstechnology.com\/wp-content\/uploads\/energy-events-conferences-wetex-dubai-solar-show-2026.webp\" alt=\"banner del evento wetex dubai solar show 2026\" class=\"wp-image-70123\" srcset=\"https:\/\/d2xqcz296oofyv.cloudfront.net\/wp-content\/uploads\/energy-events-conferences-wetex-dubai-solar-show-2026.webp 1024w, https:\/\/d2xqcz296oofyv.cloudfront.net\/wp-content\/uploads\/energy-events-conferences-wetex-dubai-solar-show-2026-300x88.webp 300w, https:\/\/d2xqcz296oofyv.cloudfront.net\/wp-content\/uploads\/energy-events-conferences-wetex-dubai-solar-show-2026-768x225.webp 768w, https:\/\/d2xqcz296oofyv.cloudfront.net\/wp-content\/uploads\/energy-events-conferences-wetex-dubai-solar-show-2026-18x5.webp 18w\" sizes=\"(max-width: 1024px) 100vw, 1024px\" \/><\/figure>\n\n\n\n<p><strong>Temas principales:<\/strong><\/p>\n\n\n\n<ul class=\"wp-block-list\">\n<li>Energ\u00eda limpia y solar&nbsp;<\/li>\n\n\n\n<li>Sostenibilidad del agua&nbsp;<\/li>\n\n\n\n<li>Ciudades inteligentes e IA&nbsp;<\/li>\n\n\n\n<li>Gesti\u00f3n medioambiental&nbsp;<\/li>\n<\/ul>\n\n\n\n<h2 class=\"wp-block-heading\" id=\"h-adipec\">ADIPEC<\/h2>\n\n\n\n<p><strong>Date:<\/strong> Del 2 al 5 de noviembre de 2026<br><strong>Ubicaci\u00f3n:<\/strong> Abu Dhabi, EAU<\/p>\n\n\n\n<p><strong><a href=\"https:\/\/www.adipec.com\/\" target=\"_blank\" rel=\"noreferrer noopener nofollow\">ADIPEC (Exposici\u00f3n y Conferencia Internacional del Petr\u00f3leo de Abu Dhabi)<\/a><\/strong>&nbsp;ha evolucionado hasta convertirse en uno de los mayores acontecimientos energ\u00e9ticos del mundo. Tradicionalmente centrada en el petr\u00f3leo y el gas, ADIPEC abarca ahora todo el espectro energ\u00e9tico, reflejando la transici\u00f3n de la industria hacia fuentes de energ\u00eda m\u00e1s limpias y diversificadas. La conferencia de 2026 en Abu Dhabi reunir\u00e1 a un p\u00fablico internacional masivo de ministros de energ\u00eda, ejecutivos del sector del petr\u00f3leo y el gas, especialistas en energ\u00edas renovables y proveedores de tecnolog\u00eda. Los participantes entablar\u00e1n debates estrat\u00e9gicos de alto nivel y sesiones t\u00e9cnicas destinadas a acelerar la transici\u00f3n energ\u00e9tica. Para las empresas energ\u00e9ticas y de servicios p\u00fablicos, ADIPEC ofrece una oportunidad \u00fanica de comprender c\u00f3mo convergen los sectores de combustibles f\u00f3siles heredados y las tecnolog\u00edas limpias emergentes, y de forjar alianzas a lo largo de esta cadena de valor en expansi\u00f3n.<\/p>\n\n\n\n<figure class=\"wp-block-image size-full\"><img loading=\"lazy\" decoding=\"async\" width=\"1024\" height=\"300\" src=\"https:\/\/tridenstechnology.com\/wp-content\/uploads\/energy-events-conferences-adipec-abu-dhabi-international-petroleum-exhibition-and-conference-2026.webp\" alt=\"adipec abu dhabi international petroleum exhibition and conference 2026 banner del evento\" class=\"wp-image-70116\" srcset=\"https:\/\/d2xqcz296oofyv.cloudfront.net\/wp-content\/uploads\/energy-events-conferences-adipec-abu-dhabi-international-petroleum-exhibition-and-conference-2026.webp 1024w, https:\/\/d2xqcz296oofyv.cloudfront.net\/wp-content\/uploads\/energy-events-conferences-adipec-abu-dhabi-international-petroleum-exhibition-and-conference-2026-300x88.webp 300w, https:\/\/d2xqcz296oofyv.cloudfront.net\/wp-content\/uploads\/energy-events-conferences-adipec-abu-dhabi-international-petroleum-exhibition-and-conference-2026-768x225.webp 768w, https:\/\/d2xqcz296oofyv.cloudfront.net\/wp-content\/uploads\/energy-events-conferences-adipec-abu-dhabi-international-petroleum-exhibition-and-conference-2026-18x5.webp 18w\" sizes=\"(max-width: 1024px) 100vw, 1024px\" \/><\/figure>\n\n\n\n<p><strong>Temas principales:<\/strong><\/p>\n\n\n\n<ul class=\"wp-block-list\">\n<li>Transici\u00f3n energ\u00e9tica y descarbonizaci\u00f3n&nbsp;<\/li>\n\n\n\n<li>Innovaci\u00f3n ascendente y descendente&nbsp;<\/li>\n\n\n\n<li>Digitalizaci\u00f3n e IA<\/li>\n\n\n\n<li>Futura combinaci\u00f3n de fuentes de energ\u00eda<\/li>\n<\/ul>\n\n\n\n<h2 class=\"wp-block-heading\" id=\"h-enlit-europe\">Enlit Europe<\/h2>\n\n\n\n<p><strong>Date:<\/strong> 10-12 de noviembre de 2026<br><strong>Ubicaci\u00f3n: <\/strong>Viena, Austria<\/p>\n\n\n\n<p><a href=\"https:\/\/www.enlit-europe.com\/\"><strong>Enlit Europe<\/strong><\/a>&nbsp;es una conferencia y exposici\u00f3n paneuropea l\u00edder en el sector energ\u00e9tico y de servicios p\u00fablicos. Posicionada como&nbsp;<em>\u201cGu\u00eda inclusiva de la transici\u00f3n energ\u00e9tica\u201d<\/em>, Enlit Europe conecta toda la cadena de valor de la energ\u00eda, desde la generaci\u00f3n hasta el uso final. La edici\u00f3n de 2026 en Viena reunir\u00e1 a m\u00e1s de 15 000 profesionales de los servicios p\u00fablicos, productores de energ\u00eda, operadores de redes, responsables pol\u00edticos e innovadores, todos ellos con el objetivo de \u201cconectar industrias, inspirar acciones y ayudar a Europa a evolucionar hacia un sistema energ\u00e9tico fiable, descarbonizado y digitalizado\u201d. Este evento cuenta con cumbres estrat\u00e9gicas, centros t\u00e9cnicos y una amplia exposici\u00f3n, lo que lo convierte en un punto de encuentro para la colaboraci\u00f3n en torno a los acuciantes retos energ\u00e9ticos de Europa. La mezcla de visi\u00f3n de alto nivel y estudios de casos pr\u00e1cticos de Enlit ofrece a los asistentes una perspectiva de 360 grados sobre c\u00f3mo navegar y liderar la transici\u00f3n energ\u00e9tica.<\/p>\n\n\n\n<figure class=\"wp-block-image size-full\"><img loading=\"lazy\" decoding=\"async\" width=\"1024\" height=\"300\" src=\"https:\/\/tridenstechnology.com\/wp-content\/uploads\/energy-events-conferences-enlit-europe-2026.webp\" alt=\"banner del evento enlit europe 2026\" class=\"wp-image-70117\" srcset=\"https:\/\/d2xqcz296oofyv.cloudfront.net\/wp-content\/uploads\/energy-events-conferences-enlit-europe-2026.webp 1024w, https:\/\/d2xqcz296oofyv.cloudfront.net\/wp-content\/uploads\/energy-events-conferences-enlit-europe-2026-300x88.webp 300w, https:\/\/d2xqcz296oofyv.cloudfront.net\/wp-content\/uploads\/energy-events-conferences-enlit-europe-2026-768x225.webp 768w, https:\/\/d2xqcz296oofyv.cloudfront.net\/wp-content\/uploads\/energy-events-conferences-enlit-europe-2026-18x5.webp 18w\" sizes=\"(max-width: 1024px) 100vw, 1024px\" \/><\/figure>\n\n\n\n<p><strong>Temas principales:<\/strong><\/p>\n\n\n\n<ul class=\"wp-block-list\">\n<li>Estrategias de descarbonizaci\u00f3n&nbsp;<\/li>\n\n\n\n<li>Innovaci\u00f3n en la red&nbsp;<\/li>\n\n\n\n<li>Digitalizaci\u00f3n y energ\u00eda inteligente <\/li>\n\n\n\n<li>Acoplamiento de sectores y nuevos sistemas energ\u00e9ticos<\/li>\n<\/ul>\n\n\n\n<h2 class=\"wp-block-heading\" id=\"h-re\">RE+<\/h2>\n\n\n\n<p>Fecha: 16-19 de noviembre de 2026<br>Localizaci\u00f3n: Las Vegas, EE.UU.<\/p>\n\n\n\n<p><a href=\"https:\/\/www.re-plus.com\/\" target=\"_blank\" rel=\"noreferrer noopener nofollow\"><strong>RE+<\/strong>&nbsp;<strong>(Renewable Energy Plus)<\/strong><\/a> es el mayor evento anual del sector de las energ\u00edas limpias de Norteam\u00e9rica, conocido anteriormente como Solar Power International. RE+, que se celebrar\u00e1 en Las Vegas en 2026, re\u00fane a un amplio espectro de profesionales de las energ\u00edas renovables y es el principal mercado estadounidense de energ\u00eda solar y almacenamiento de energ\u00eda. El evento cuenta con una amplia exposici\u00f3n y sesiones de conferencias sobre tecnolog\u00edas solares fotovoltaicas, bater\u00edas y soluciones de almacenamiento de energ\u00eda, integraci\u00f3n en red y mucho m\u00e1s. Dirigentes de empresas el\u00e9ctricas, promotores de proyectos, financieros y proveedores de tecnolog\u00eda se re\u00fanen en RE+ para intercambiar ideas sobre el aumento de las energ\u00edas limpias en Estados Unidos y el resto del mundo. Con su amplio alcance y el respaldo de la industria (impulsada por las principales asociaciones de energ\u00eda solar y el\u00e9ctrica), RE+ 2026 ser\u00e1 un lugar fundamental para captar las \u00faltimas tendencias y oportunidades en el sector de las energ\u00edas limpias.<\/p>\n\n\n\n<figure class=\"wp-block-image size-full\"><img loading=\"lazy\" decoding=\"async\" width=\"1024\" height=\"300\" src=\"https:\/\/tridenstechnology.com\/wp-content\/uploads\/energy-events-conferences-re-renewable-energy-plus-2026.webp\" alt=\"banner del evento re+ renewable energy plus 2026\" class=\"wp-image-70121\" srcset=\"https:\/\/d2xqcz296oofyv.cloudfront.net\/wp-content\/uploads\/energy-events-conferences-re-renewable-energy-plus-2026.webp 1024w, https:\/\/d2xqcz296oofyv.cloudfront.net\/wp-content\/uploads\/energy-events-conferences-re-renewable-energy-plus-2026-300x88.webp 300w, https:\/\/d2xqcz296oofyv.cloudfront.net\/wp-content\/uploads\/energy-events-conferences-re-renewable-energy-plus-2026-768x225.webp 768w, https:\/\/d2xqcz296oofyv.cloudfront.net\/wp-content\/uploads\/energy-events-conferences-re-renewable-energy-plus-2026-18x5.webp 18w\" sizes=\"(max-width: 1024px) 100vw, 1024px\" \/><\/figure>\n\n\n\n<p><strong>Temas principales:<\/strong><\/p>\n\n\n\n<ul class=\"wp-block-list\">\n<li>Despliegue de la energ\u00eda solar<\/li>\n\n\n\n<li>Almacenamiento de energ\u00eda y microrredes&nbsp;<\/li>\n\n\n\n<li>Integraci\u00f3n en la red y DER<\/li>\n\n\n\n<li>Pol\u00edtica y mercados de energ\u00edas limpias<\/li>\n<\/ul>\n\n\n\n<p class=\"has-text-color has-link-color wp-elements-80f84341014c358963aaf6b0e327563c\" style=\"color:#171c46;font-size:36px\"><strong>Conclusi\u00f3n<\/strong><\/p>\n\n\n\n<p>Asistir a estos eventos en 2026 es la mejor manera de que los l\u00edderes del sector de la energ\u00eda y los servicios p\u00fablicos sigan siendo competitivos. Estos foros ofrecen una oportunidad \u00fanica de ver nuevas tecnolog\u00edas, aprender de otros expertos y crear las alianzas necesarias para una transici\u00f3n energ\u00e9tica exitosa.<\/p>\n\n\n\n<p>Si participa en estos eventos, se adelantar\u00e1 a los cambios del sector y convertir\u00e1 retos como la descarbonizaci\u00f3n en oportunidades de crecimiento. <\/p>\n\n\n\n<p>Esperamos verle all\u00ed. <\/p>","protected":false},"excerpt":{"rendered":"<p>Descubra los 10 principales eventos sobre energ\u00eda y servicios p\u00fablicos a los que asistir en 2026, que abarcan las energ\u00edas renovables, las redes, el almacenamiento, la regulaci\u00f3n y la transici\u00f3n energ\u00e9tica.<\/p>","protected":false},"author":9,"featured_media":70124,"comment_status":"open","ping_status":"open","sticky":false,"template":"","format":"standard","meta":{"footnotes":""},"categories":[16],"tags":[],"class_list":["post-70105","post","type-post","status-publish","format-standard","has-post-thumbnail","hentry","category-news","category-16","description-off"],"yoast_head":"<!-- This site is optimized with the Yoast SEO Premium plugin v27.4 (Yoast SEO v27.4) - https:\/\/yoast.com\/product\/yoast-seo-premium-wordpress\/ -->\n<title>Top Energy and Utility Events and Conferences for 2026 - Tridens<\/title>\n<meta name=\"description\" content=\"Discover the top 10 energy and utility events to attend in 2026, covering renewables, grids, storage, regulation, and the energy transition.\" \/>\n<meta name=\"robots\" content=\"index, follow, max-snippet:-1, max-image-preview:large, max-video-preview:-1\" \/>\n<link rel=\"canonical\" href=\"https:\/\/tridenstechnology.com\/es\/energia-eventos-conferencias\/\" \/>\n<meta property=\"og:locale\" content=\"es_ES\" \/>\n<meta property=\"og:type\" content=\"article\" \/>\n<meta property=\"og:title\" content=\"Top Energy and Utility Events and Conferences for 2026\" \/>\n<meta property=\"og:description\" content=\"Discover the top 10 energy and utility events to attend in 2026, covering renewables, grids, storage, regulation, and the energy transition.\" \/>\n<meta property=\"og:url\" content=\"https:\/\/tridenstechnology.com\/es\/energia-eventos-conferencias\/\" \/>\n<meta property=\"og:site_name\" content=\"Tridens\" \/>\n<meta property=\"article:publisher\" content=\"https:\/\/www.facebook.com\/tridenstechnology\" \/>\n<meta property=\"article:published_time\" content=\"2026-01-16T13:59:43+00:00\" \/>\n<meta property=\"article:modified_time\" content=\"2026-04-14T12:36:56+00:00\" \/>\n<meta property=\"og:image\" content=\"https:\/\/tridenstechnology.com\/wp-content\/uploads\/energy-events-conferences.webp\" \/>\n\t<meta property=\"og:image:width\" content=\"1024\" \/>\n\t<meta property=\"og:image:height\" content=\"497\" \/>\n\t<meta property=\"og:image:type\" content=\"image\/webp\" \/>\n<meta name=\"author\" content=\"\u017diga Lesjak\" \/>\n<meta name=\"twitter:card\" content=\"summary_large_image\" \/>\n<meta name=\"twitter:creator\" content=\"@TridensTech\" \/>\n<meta name=\"twitter:site\" content=\"@TridensTech\" \/>\n<meta name=\"twitter:label1\" content=\"Escrito por\" \/>\n\t<meta name=\"twitter:data1\" content=\"\u017diga Lesjak\" \/>\n\t<meta name=\"twitter:label2\" content=\"Tiempo de lectura\" \/>\n\t<meta name=\"twitter:data2\" content=\"10 minutos\" \/>\n<!-- \/ Yoast SEO Premium plugin. -->","yoast_head_json":{"title":"Principales eventos y conferencias sobre energ\u00eda y servicios p\u00fablicos para 2026 - Tridens","description":"Descubra los 10 principales eventos sobre energ\u00eda y servicios p\u00fablicos a los que asistir en 2026, que abarcan las energ\u00edas renovables, las redes, el almacenamiento, la regulaci\u00f3n y la transici\u00f3n energ\u00e9tica.","robots":{"index":"index","follow":"follow","max-snippet":"max-snippet:-1","max-image-preview":"max-image-preview:large","max-video-preview":"max-video-preview:-1"},"canonical":"https:\/\/tridenstechnology.com\/es\/energia-eventos-conferencias\/","og_locale":"es_ES","og_type":"article","og_title":"Top Energy and Utility Events and Conferences for 2026","og_description":"Discover the top 10 energy and utility events to attend in 2026, covering renewables, grids, storage, regulation, and the energy transition.","og_url":"https:\/\/tridenstechnology.com\/es\/energia-eventos-conferencias\/","og_site_name":"Tridens","article_publisher":"https:\/\/www.facebook.com\/tridenstechnology","article_published_time":"2026-01-16T13:59:43+00:00","article_modified_time":"2026-04-14T12:36:56+00:00","og_image":[{"width":1024,"height":497,"url":"https:\/\/tridenstechnology.com\/wp-content\/uploads\/energy-events-conferences.webp","type":"image\/webp"}],"author":"\u017diga Lesjak","twitter_card":"summary_large_image","twitter_creator":"@TridensTech","twitter_site":"@TridensTech","twitter_misc":{"Escrito por":"\u017diga Lesjak","Tiempo de lectura":"10 minutos"},"schema":{"@context":"https:\/\/schema.org","@graph":[{"@type":"Article","@id":"https:\/\/tridenstechnology.com\/energy-events-conferences\/#article","isPartOf":{"@id":"https:\/\/tridenstechnology.com\/energy-events-conferences\/"},"author":{"name":"\u017diga Lesjak","@id":"https:\/\/tridenstechnology.com\/#\/schema\/person\/c114502d398eba1e5b7ab72a9f201884"},"headline":"Top Energy and Utility Events and Conferences for 2026","datePublished":"2026-01-16T13:59:43+00:00","dateModified":"2026-04-14T12:36:56+00:00","mainEntityOfPage":{"@id":"https:\/\/tridenstechnology.com\/energy-events-conferences\/"},"wordCount":1680,"commentCount":0,"publisher":{"@id":"https:\/\/tridenstechnology.com\/#organization"},"image":{"@id":"https:\/\/tridenstechnology.com\/energy-events-conferences\/#primaryimage"},"thumbnailUrl":"https:\/\/d2xqcz296oofyv.cloudfront.net\/wp-content\/uploads\/energy-events-conferences.webp","articleSection":["News"],"inLanguage":"es","potentialAction":[{"@type":"CommentAction","name":"Comment","target":["https:\/\/tridenstechnology.com\/energy-events-conferences\/#respond"]}],"accessibilityFeature":["tableOfContents"]},{"@type":"WebPage","@id":"https:\/\/tridenstechnology.com\/energy-events-conferences\/","url":"https:\/\/tridenstechnology.com\/energy-events-conferences\/","name":"Principales eventos y conferencias sobre energ\u00eda y servicios p\u00fablicos para 2026 - Tridens","isPartOf":{"@id":"https:\/\/tridenstechnology.com\/#website"},"primaryImageOfPage":{"@id":"https:\/\/tridenstechnology.com\/energy-events-conferences\/#primaryimage"},"image":{"@id":"https:\/\/tridenstechnology.com\/energy-events-conferences\/#primaryimage"},"thumbnailUrl":"https:\/\/d2xqcz296oofyv.cloudfront.net\/wp-content\/uploads\/energy-events-conferences.webp","datePublished":"2026-01-16T13:59:43+00:00","dateModified":"2026-04-14T12:36:56+00:00","description":"Descubra los 10 principales eventos sobre energ\u00eda y servicios p\u00fablicos a los que asistir en 2026, que abarcan las energ\u00edas renovables, las redes, el almacenamiento, la regulaci\u00f3n y la transici\u00f3n energ\u00e9tica.","breadcrumb":{"@id":"https:\/\/tridenstechnology.com\/energy-events-conferences\/#breadcrumb"},"inLanguage":"es","potentialAction":[{"@type":"ReadAction","target":["https:\/\/tridenstechnology.com\/energy-events-conferences\/"]}]},{"@type":"ImageObject","inLanguage":"es","@id":"https:\/\/tridenstechnology.com\/energy-events-conferences\/#primaryimage","url":"https:\/\/d2xqcz296oofyv.cloudfront.net\/wp-content\/uploads\/energy-events-conferences.webp","contentUrl":"https:\/\/d2xqcz296oofyv.cloudfront.net\/wp-content\/uploads\/energy-events-conferences.webp","width":1024,"height":497,"caption":"energy events conferences 2026 blog thumbnail featuring an illustration of a crowd listening to a keynote speaker at an energy conference"},{"@type":"BreadcrumbList","@id":"https:\/\/tridenstechnology.com\/energy-events-conferences\/#breadcrumb","itemListElement":[{"@type":"ListItem","position":1,"name":"Home","item":"https:\/\/tridenstechnology.com\/"},{"@type":"ListItem","position":2,"name":"Top Energy and Utility Events and Conferences for 2026"}]},{"@type":"WebSite","@id":"https:\/\/tridenstechnology.com\/#website","url":"https:\/\/tridenstechnology.com\/","name":"Tridens","description":"Monetizaci\u00f3n, facturaci\u00f3n y recarga de veh\u00edculos el\u00e9ctricos","publisher":{"@id":"https:\/\/tridenstechnology.com\/#organization"},"potentialAction":[{"@type":"SearchAction","target":{"@type":"EntryPoint","urlTemplate":"https:\/\/tridenstechnology.com\/?s={search_term_string}"},"query-input":{"@type":"PropertyValueSpecification","valueRequired":true,"valueName":"search_term_string"}}],"inLanguage":"es"},{"@type":"Organization","@id":"https:\/\/tridenstechnology.com\/#organization","name":"Tridens","url":"https:\/\/tridenstechnology.com\/","logo":{"@type":"ImageObject","inLanguage":"es","@id":"https:\/\/tridenstechnology.com\/#\/schema\/logo\/image\/","url":"https:\/\/d2xqcz296oofyv.cloudfront.net\/wp-content\/uploads\/2019\/02\/tridens_logo_invert.png","contentUrl":"https:\/\/d2xqcz296oofyv.cloudfront.net\/wp-content\/uploads\/2019\/02\/tridens_logo_invert.png","width":600,"height":191,"caption":"Tridens"},"image":{"@id":"https:\/\/tridenstechnology.com\/#\/schema\/logo\/image\/"},"sameAs":["https:\/\/www.facebook.com\/tridenstechnology","https:\/\/x.com\/TridensTech","https:\/\/www.instagram.com\/tridenstechnology\/","https:\/\/www.linkedin.com\/company\/tridens","https:\/\/www.youtube.com\/user\/TridensIT"]},{"@type":"Person","@id":"https:\/\/tridenstechnology.com\/#\/schema\/person\/c114502d398eba1e5b7ab72a9f201884","name":"\u017diga Lesjak","image":{"@type":"ImageObject","inLanguage":"es","@id":"https:\/\/secure.gravatar.com\/avatar\/a46da957691f5add544cf2e0c5ea7556bf85fc853539e71e3a2b5200d5951fad?s=96&d=mm&r=g","url":"https:\/\/secure.gravatar.com\/avatar\/a46da957691f5add544cf2e0c5ea7556bf85fc853539e71e3a2b5200d5951fad?s=96&d=mm&r=g","contentUrl":"https:\/\/secure.gravatar.com\/avatar\/a46da957691f5add544cf2e0c5ea7556bf85fc853539e71e3a2b5200d5951fad?s=96&d=mm&r=g","caption":"\u017diga Lesjak"},"description":"\u017diga Lesjak es el responsable de marketing digital de Tridens, con m\u00e1s de 7 a\u00f1os de experiencia en marketing. Tiene un m\u00e1ster y le apasionan la tecnolog\u00eda, la innovaci\u00f3n y la adrenalina.","sameAs":["https:\/\/www.linkedin.com\/in\/zlesjak\/"],"url":"https:\/\/tridenstechnology.com\/es\/author\/ziga-lesjaktridenstechnology-com\/"}]}},"_links":{"self":[{"href":"https:\/\/tridenstechnology.com\/es\/wp-json\/wp\/v2\/posts\/70105","targetHints":{"allow":["GET"]}}],"collection":[{"href":"https:\/\/tridenstechnology.com\/es\/wp-json\/wp\/v2\/posts"}],"about":[{"href":"https:\/\/tridenstechnology.com\/es\/wp-json\/wp\/v2\/types\/post"}],"author":[{"embeddable":true,"href":"https:\/\/tridenstechnology.com\/es\/wp-json\/wp\/v2\/users\/9"}],"replies":[{"embeddable":true,"href":"https:\/\/tridenstechnology.com\/es\/wp-json\/wp\/v2\/comments?post=70105"}],"version-history":[{"count":3,"href":"https:\/\/tridenstechnology.com\/es\/wp-json\/wp\/v2\/posts\/70105\/revisions"}],"predecessor-version":[{"id":73923,"href":"https:\/\/tridenstechnology.com\/es\/wp-json\/wp\/v2\/posts\/70105\/revisions\/73923"}],"wp:featuredmedia":[{"embeddable":true,"href":"https:\/\/tridenstechnology.com\/es\/wp-json\/wp\/v2\/media\/70124"}],"wp:attachment":[{"href":"https:\/\/tridenstechnology.com\/es\/wp-json\/wp\/v2\/media?parent=70105"}],"wp:term":[{"taxonomy":"category","embeddable":true,"href":"https:\/\/tridenstechnology.com\/es\/wp-json\/wp\/v2\/categories?post=70105"},{"taxonomy":"post_tag","embeddable":true,"href":"https:\/\/tridenstechnology.com\/es\/wp-json\/wp\/v2\/tags?post=70105"}],"curies":[{"name":"wp","href":"https:\/\/api.w.org\/{rel}","templated":true}]}}