{"id":8177,"date":"2025-11-24T15:37:38","date_gmt":"2025-11-24T13:37:38","guid":{"rendered":"https:\/\/tridenstechnology.com\/?p=8177"},"modified":"2025-12-01T11:58:41","modified_gmt":"2025-12-01T09:58:41","slug":"ev-charging-industry-trends","status":"publish","type":"post","link":"https:\/\/tridenstechnology.com\/de\/ev-charging-industry-trends\/","title":{"rendered":"Die sieben wichtigsten Trends im Bereich EV-Laden f\u00fcr das Jahr 2026\u00a0"},"content":{"rendered":"<p><strong><em><strong><em><strong><em>Das \u00d6kosystem f\u00fcr Elektrofahrzeuge befindet sich im Wandel, da Trends im Bereich der EV-Ladetechnologie Innovation und Nachhaltigkeit vorantreiben. Von neuen Protokollen bis hin zu nahtlosen Benutzererfahrungen \u2013 diese Trends ver\u00e4ndern die Art und Weise, wie wir laden, und beschleunigen die Einf\u00fchrung der Elektromobilit\u00e4t.<\/em><\/strong><\/em><\/strong><\/em><\/strong><\/p>\n\n\n\n<div class=\"wp-block-yoast-seo-table-of-contents yoast-table-of-contents\"><h2>Inhaltsverzeichnis<\/h2><ul><li><a href=\"#h-interoperability-amp-roaming\" data-level=\"2\">Interoperabilit\u00e4t und Roaming<\/a><\/li><li><a href=\"#h-alternative-fuels-infrastructure-regulation-afir\" data-level=\"2\">Verordnung \u00fcber die Infrastruktur f\u00fcr alternative Kraftstoffe (AFIR)<\/a><\/li><li><a href=\"#h-new-monetization-opportunities\" data-level=\"2\">Neue Monetarisierungsm\u00f6glichkeiten<\/a><\/li><li><a href=\"#h-ai-amp-smart-charging\" data-level=\"2\">KI und intelligentes Laden<\/a><\/li><li><a href=\"#h-heavy-duty-evs-amp-megawatt-charging\" data-level=\"2\">Hochleistungs-Elektrofahrzeuge und Megawatt-Ladetechnik<\/a><\/li><li><a href=\"#h-vehicle-to-grid-v2g-amp-vehicle-to-home-v2h\" data-level=\"2\">Vehicle-to-Grid (V2G) und Vehicle-to-Home (V2H)<\/a><\/li><li><a href=\"#h-choosing-your-ev-charging-partner\" data-level=\"2\">Die Wahl Ihres EV-Ladepartners<\/a><\/li><\/ul><\/div>\n\n\n\n<p>Beinahe <a href=\"https:\/\/www.iea.org\/reports\/global-ev-outlook-2024\/trends-in-electric-vehicle-charging\" target=\"_blank\" rel=\"noreferrer noopener nofollow\"><strong>90%<\/strong><\/a> EV-Ladeger\u00e4te sind privat, mit <strong>Die meisten Besitzer von Elektrofahrzeugen laden zu Hause.<\/strong>&nbsp;&nbsp;<\/p>\n\n\n\n<p>Dies verdeutlicht die entscheidende Bedeutung des Ladens zu Hause, auch wenn die \u00f6ffentliche Infrastruktur und die Infrastruktur am Arbeitsplatz ausgebaut werden, um der steigenden Nachfrage gerecht zu werden.&nbsp;<\/p>\n\n\n\n<figure class=\"wp-block-image size-full\"><img fetchpriority=\"high\" decoding=\"async\" width=\"1025\" height=\"172\" src=\"https:\/\/tridenstechnology.com\/wp-content\/uploads\/ev-owners-charge-mostly-at-home.webp\" alt=\"90% der EV-Ladestationen sind privat, wobei die meisten EV-Besitzer zu Hause laden\" class=\"wp-image-52606\" srcset=\"https:\/\/d2xqcz296oofyv.cloudfront.net\/wp-content\/uploads\/ev-owners-charge-mostly-at-home.webp 1025w, https:\/\/d2xqcz296oofyv.cloudfront.net\/wp-content\/uploads\/ev-owners-charge-mostly-at-home-300x50.webp 300w, https:\/\/d2xqcz296oofyv.cloudfront.net\/wp-content\/uploads\/ev-owners-charge-mostly-at-home-768x129.webp 768w, https:\/\/d2xqcz296oofyv.cloudfront.net\/wp-content\/uploads\/ev-owners-charge-mostly-at-home-18x3.webp 18w\" sizes=\"(max-width: 1025px) 100vw, 1025px\" \/><\/figure>\n\n\n\n<p>Die Ladeinfrastruktur f\u00fcr Elektrofahrzeuge spielt eine zentrale Rolle bei der F\u00f6rderung der Elektromobilit\u00e4t.&nbsp;&nbsp;<\/p>\n\n\n\n<p><a href=\"https:\/\/tridenstechnology.com\/ev-cpo-vs-emsp\/\"><strong>Betreiber von Ladestationen (CPOs) und Anbieter von E-Mobilit\u00e4tsdienstleistungen (EMSPs)<\/strong><\/a> Fokus auf der Bereitstellung nahtloser Benutzererfahrungen, der Einf\u00fchrung neuer Protokolle, KI und der Verbesserung von Roaming-Integrationen.&nbsp;<\/p>\n\n\n\n<p>Lassen Sie uns ohne weitere Umschweife die wichtigsten Trends in der EV-Ladeindustrie erkunden.&nbsp;<\/p>\n\n\n\n<h2 class=\"wp-block-heading\" id=\"h-interoperability-amp-roaming\">Interoperabilit\u00e4t und Roaming<\/h2>\n\n\n\n<p>Die Interoperabilit\u00e4t wird durch folgende Ma\u00dfnahmen gew\u00e4hrleistet: <a href=\"https:\/\/tridenstechnology.com\/ev-charging-protocols-standards\/\"><strong>Standards und Protokolle f\u00fcr das Laden von Elektrofahrzeugen<\/strong><\/a> die die Kommunikation zwischen Ladestationen, Backend-Systemen und Netzwerken erm\u00f6glichen.&nbsp;<\/p>\n\n\n\n<p>W\u00e4hrend <a href=\"https:\/\/tridenstechnology.com\/what-is-ev-charging-roaming\/\"><strong>EV-Roaming<\/strong><\/a> erm\u00f6glicht es Fahrern, ihre Fahrzeuge aufzuladen bei <strong>verschiedene Ladenetzwerke<\/strong> unter Verwendung eines <strong>Einzelkarte oder App.<\/strong>&nbsp;<\/p>\n\n\n\n<p>Die Verbindung fragmentierter Ladenetzwerke gew\u00e4hrleistet Kompatibilit\u00e4t und erm\u00f6glicht Elektrofahrzeugfahrern einen nahtlosen Zugang.<\/p>\n\n\n\n<figure class=\"wp-block-image size-full\"><img decoding=\"async\" width=\"1025\" height=\"222\" src=\"https:\/\/tridenstechnology.com\/wp-content\/uploads\/ev-charging-map-view.webp\" alt=\"ev charging Kartenansicht (Roaming)\" class=\"wp-image-52626\" srcset=\"https:\/\/d2xqcz296oofyv.cloudfront.net\/wp-content\/uploads\/ev-charging-map-view.webp 1025w, https:\/\/d2xqcz296oofyv.cloudfront.net\/wp-content\/uploads\/ev-charging-map-view-300x65.webp 300w, https:\/\/d2xqcz296oofyv.cloudfront.net\/wp-content\/uploads\/ev-charging-map-view-768x166.webp 768w, https:\/\/d2xqcz296oofyv.cloudfront.net\/wp-content\/uploads\/ev-charging-map-view-18x4.webp 18w\" sizes=\"(max-width: 1025px) 100vw, 1025px\" \/><\/figure>\n\n\n\n<h3 class=\"wp-block-heading\" id=\"h-ev-charging-standards-amp-their-importance-nbsp\">Lade-Standards f\u00fcr Elektrofahrzeuge und ihre Bedeutung&nbsp;<\/h3>\n\n\n\n<p><strong>Neue Vorschriften<\/strong> (und die Marktnachfrage) erfordern, dass Stationen mehrere Standards und Protokolle unterst\u00fctzen, um vollst\u00e4ndige Interoperabilit\u00e4t zu gew\u00e4hrleisten.&nbsp;<\/p>\n\n\n\n<p>Ohne diese Vorschriften wird der Markt sehr <strong>fragmentiert und unzusammenh\u00e4ngend<\/strong>, Dies steht im direkten Gegensatz zu dem, was EV Charging anstrebt.&nbsp;<\/p>\n\n\n\n<p>Das Ziel besteht darin, dass jedes Elektrofahrzeug (unabh\u00e4ngig von der Marke) an jeder Ladestation weltweit angeschlossen und problemlos aufgeladen werden kann.&nbsp;<\/p>\n\n\n\n<p>Diese Standards wurden eingef\u00fchrt, um ein <strong>Universelle und reibungslose Erfahrung<\/strong> in einem Markt, der sich rasant entwickelt.&nbsp;<\/p>\n\n\n\n<p>Hier sind ein paar Beispiele:&nbsp;&nbsp;<\/p>\n\n\n\n<ul class=\"wp-block-list\">\n<li><strong><a href=\"https:\/\/tridenstechnology.com\/ocpp-protocol\/\">OCPP<\/a>:<\/strong> Standardisiert die Kommunikation zwischen Ladestationen und Backend-Systemen.&nbsp;<\/li>\n\n\n\n<li><strong><a href=\"https:\/\/tridenstechnology.com\/ocpi-protocol\/\">OCPI<\/a>:<\/strong> Gew\u00e4hrleistet eine konsistente Abrechnung und Roaming-Kommunikation zwischen den Systemen.&nbsp;<\/li>\n\n\n\n<li><strong><a href=\"https:\/\/tridenstechnology.com\/oicp-protocol\/\">OICP<\/a>:<\/strong> Erleichtert die Interoperabilit\u00e4t zwischen Netzwerken f\u00fcr die Verf\u00fcgbarkeit von Echtzeitdiensten.&nbsp;<\/li>\n<\/ul>\n\n\n\n<figure class=\"wp-block-image size-full\"><img decoding=\"async\" width=\"1025\" height=\"222\" src=\"https:\/\/tridenstechnology.com\/wp-content\/uploads\/ev-charging-standards-and-protocols.webp\" alt=\"Standards und Protokolle f\u00fcr das Laden von Elektroautos\" class=\"wp-image-52605\" srcset=\"https:\/\/d2xqcz296oofyv.cloudfront.net\/wp-content\/uploads\/ev-charging-standards-and-protocols.webp 1025w, https:\/\/d2xqcz296oofyv.cloudfront.net\/wp-content\/uploads\/ev-charging-standards-and-protocols-300x65.webp 300w, https:\/\/d2xqcz296oofyv.cloudfront.net\/wp-content\/uploads\/ev-charging-standards-and-protocols-768x166.webp 768w, https:\/\/d2xqcz296oofyv.cloudfront.net\/wp-content\/uploads\/ev-charging-standards-and-protocols-18x4.webp 18w\" sizes=\"(max-width: 1025px) 100vw, 1025px\" \/><\/figure>\n\n\n\n<p>Im September 2025, <a href=\"https:\/\/www.hubject.com\/\" target=\"_blank\" rel=\"noreferrer noopener nofollow\"><strong>Hubject<\/strong><\/a> Der weltweit f\u00fchrende Anbieter von Interoperabilit\u00e4tsl\u00f6sungen f\u00fcr die Elektromobilit\u00e4t hat die native Unterst\u00fctzung von OCPI angek\u00fcndigt und ist dem <strong><a href=\"https:\/\/evroaming.org\/\" target=\"_blank\" rel=\"noreferrer noopener nofollow\">EVRoaming-Stiftung<\/a>.&nbsp;<\/strong><\/p>\n\n\n\n<p><strong>Deutschlands ENAPI<\/strong> hat eine OCPI-basierte Plattform eingef\u00fchrt, um Ladestationsbetreiber (CPOs) und E-Mobilit\u00e4tsdienstleister (EMSPs) in einem einheitlichen System zu vernetzen.<\/p>\n\n\n\n<div class=\"wp-block-group\"><div class=\"wp-block-group__inner-container is-layout-constrained wp-block-group-is-layout-constrained\">\n<div class=\"wp-block-group key-notes\"><div class=\"wp-block-group__inner-container is-layout-constrained wp-block-group-is-layout-constrained\">\n<div class=\"wp-block-group notes has-background\" style=\"background-color:#e9f8ff\"><div class=\"wp-block-group__inner-container is-layout-constrained wp-block-group-is-layout-constrained\">\n<p>Die <strong>EVRoaming-Stiftung<\/strong> berichtet, dass <strong>OCPI<\/strong> ist jetzt <strong>\u201cVon allen bedeutenden EV-Roaming-Hubs weltweit anerkannt und unterst\u00fctzt\u201d<\/strong>.&nbsp;<\/p>\n<\/div><\/div>\n<\/div><\/div>\n\n\n\n<div style=\"height:40px\" aria-hidden=\"true\" class=\"wp-block-spacer\"><\/div>\n<\/div><\/div>\n\n\n\n<p>Dar\u00fcber hinaus kann die Branche durch die Vereinheitlichung auf ein einziges globales Roaming-Protokoll <strong>Reduzieren Sie Komplexit\u00e4t und beschleunigen Sie die Zusammenarbeit.<\/strong><\/p>\n\n\n\n<h2 class=\"wp-block-heading\" id=\"h-alternative-fuels-infrastructure-regulation-afir\">Verordnung \u00fcber die Infrastruktur f\u00fcr alternative Kraftstoffe (AFIR)<\/h2>\n\n\n\n<p>Die EU <a href=\"https:\/\/transport.ec.europa.eu\/transport-themes\/clean-transport\/alternative-fuels-sustainable-mobility-europe\/alternative-fuels-infrastructure_en\" target=\"_blank\" rel=\"noreferrer noopener\"><strong>Verordnung \u00fcber die Infrastruktur f\u00fcr alternative Kraftstoffe (AFIR)<\/strong><\/a> tritt 2026 in seine entscheidende Phase ein.&nbsp;<\/p>\n\n\n\n<p>Wir stellen vor <strong>obligatorische technische Daten<\/strong>, und <strong>Zahlungsbedingungen<\/strong> f\u00fcr alle \u00f6ffentlichen EV-Ladestationen in ganz Europa.&nbsp;<\/p>\n\n\n\n<p>Diese Vorschriften legen direkt fest, wie CPOs, EMSPs, Roaming-Hubs und Softwareplattformen zu funktionieren haben.&nbsp;<\/p>\n\n\n\n<h3 class=\"wp-block-heading\" id=\"h-plug-amp-charge-iso-15118\">Plug &amp; Charge (ISO 15118)<\/h3>\n\n\n\n<p>Die <a href=\"https:\/\/tridenstechnology.com\/iso-15118-standard\/\"><strong>Anschlie\u00dfen &amp; Aufladen<\/strong><\/a> vorgesehene Funktion mit <strong>ISO 15118<\/strong> erm\u00f6glicht es einem Elektrofahrzeug, <strong>sich automatisch identifizieren und autorisieren<\/strong> an eine kompatible Ladestation anschlie\u00dfen.&nbsp;<\/p>\n\n\n\n<p>Das Fahrzeug und das Ladeger\u00e4t identifizieren sich gegenseitig durch den Austausch von Zertifikaten.&nbsp;<\/p>\n\n\n\n<p>Dies bedeutet, dass der Fahrer lediglich das Fahrzeug und das Ladeger\u00e4t miteinander verbinden muss.&nbsp;<\/p>\n\n\n\n<div class=\"wp-block-group\"><div class=\"wp-block-group__inner-container is-layout-constrained wp-block-group-is-layout-constrained\">\n<div class=\"wp-block-group key-notes\"><div class=\"wp-block-group__inner-container is-layout-constrained wp-block-group-is-layout-constrained\">\n<div class=\"wp-block-group notes has-background\" style=\"background-color:#e9f8ff\"><div class=\"wp-block-group__inner-container is-layout-constrained wp-block-group-is-layout-constrained\">\n<p>Die <strong>EU-Initiative AFIR<\/strong> Delegierte Rechtsakte schreiben dies vor. <strong>2026<\/strong> Alle neuen \u00f6ffentlichen Ladeger\u00e4te unterst\u00fctzen <strong>ISO 15118 \u201cPlug &amp; Charge\u201d<\/strong> standardm\u00e4\u00dfig.&nbsp;<\/p>\n<\/div><\/div>\n<\/div><\/div>\n\n\n\n<div style=\"height:40px\" aria-hidden=\"true\" class=\"wp-block-spacer\"><\/div>\n<\/div><\/div>\n\n\n\n<h3 class=\"wp-block-heading\" id=\"h-datex-ii\">DATEX II<\/h3>\n\n\n\n<p>In den delegierten Rechtsakten der EU zum AFIR ist festgelegt, dass alle Ladedaten die <strong>DATEX II<\/strong> Formatieren durch <strong>April 2026<\/strong>.&nbsp;<\/p>\n\n\n\n<p><a href=\"https:\/\/datex2.eu\/\" target=\"_blank\" rel=\"noreferrer noopener nofollow\"><strong>DATEX II<\/strong><\/a> ist ein Datenaustauschstandard f\u00fcr den Austausch von Verkehrsinformationen zwischen Verkehrsmanagementzentren, Verkehrsdiensteanbietern, Verkehrsbetrieben und Medienpartnern.&nbsp;<\/p>\n\n\n\n<h3 class=\"wp-block-heading\" id=\"h-mandatory-open-payment-options\">Obligatorische offene Zahlungsoptionen<\/h3>\n\n\n\n<p>Alle Schnellladeger\u00e4te <strong>muss mindestens kontaktloses Bezahlen mit Bankkarte unterst\u00fctzen.<\/strong>&nbsp;&nbsp;<\/p>\n\n\n\n<p>F\u00fcr Nutzer ohne Karte muss ein QR-Code-Fallback verf\u00fcgbar sein.&nbsp;<\/p>\n\n\n\n<p>Dadurch wird sichergestellt, dass Sie an jeder Ladestation bezahlen k\u00f6nnen, ohne zus\u00e4tzliche Apps herunterladen zu m\u00fcssen.&nbsp;<\/p>\n\n\n\n<h3 class=\"wp-block-heading\" id=\"h-transparency-requirements\">Transparenzanforderungen<\/h3>\n\n\n\n<p>Benutzerfreundlichkeit und Transparenz werden in der Verordnung besonders hervorgehoben.<\/p>\n\n\n\n<div class=\"wp-block-group\"><div class=\"wp-block-group__inner-container is-layout-constrained wp-block-group-is-layout-constrained\">\n<div class=\"wp-block-group key-notes\"><div class=\"wp-block-group__inner-container is-layout-constrained wp-block-group-is-layout-constrained\">\n<div class=\"wp-block-group notes has-background\" style=\"background-color:#e9f8ff\"><div class=\"wp-block-group__inner-container is-layout-constrained wp-block-group-is-layout-constrained\">\n<p>CPOs m\u00fcssen deutlich sichtbar anzeigen:<\/p>\n\n\n\n<ul class=\"wp-block-list\">\n<li><strong>Ob Roaming unterst\u00fctzt wird<\/strong>&nbsp;<\/li>\n\n\n\n<li><strong>Alle Ladekosten<\/strong> (Energie, Zeit, Leerlaufgeb\u00fchren, Sitzungsgeb\u00fchren)&nbsp;<\/li>\n\n\n\n<li><strong>Alle zus\u00e4tzlichen Servicegeb\u00fchren<\/strong>&nbsp;<\/li>\n\n\n\n<li><strong>Preis pro kWh deutlich sichtbar<\/strong><\/li>\n<\/ul>\n<\/div><\/div>\n<\/div><\/div>\n\n\n\n<div style=\"height:40px\" aria-hidden=\"true\" class=\"wp-block-spacer\"><\/div>\n<\/div><\/div>\n\n\n\n<p>Dar\u00fcber hinaus m\u00fcssen CPOs strenge KPIs f\u00fcr Verf\u00fcgbarkeit und Wartung einhalten und <strong>in nationalen Systemen ver\u00f6ffentlichen<\/strong>.&nbsp;<\/p>\n\n\n\n<p>Roaming-Netzwerke werden dadurch berechenbarer und leichter vergleichbar.<\/p>\n\n\n\n<h3 class=\"wp-block-heading\" id=\"h-infrastructure-density\">Infrastrukturdichte<\/h3>\n\n\n\n<p>Die Mitgliedstaaten m\u00fcssen festgelegte Ziele erreichen. <strong>Ladungsdichteziele<\/strong> pro Autobahnabschnitt und pro zugelassenem Elektrofahrzeug.&nbsp;<\/p>\n\n\n\n<p>Dies gew\u00e4hrleistet eine ausreichende Ladekapazit\u00e4t f\u00fcr Langstreckenfahrten.&nbsp;<\/p>\n\n\n\n<p>Dies gew\u00e4hrleistet, dass Europa vermeidet, <strong>\u201cW\u00fcsten aufladen.\u201d<\/strong>&nbsp;<\/p>\n\n\n\n<h3 class=\"wp-block-heading\" id=\"h-what-does-this-mean\">Was bedeutet dies?<\/h3>\n\n\n\n<p><strong>AFIR 2026<\/strong> Regelungen f\u00f6rdern in Europa die Entwicklung eines vollst\u00e4ndig interoperablen, transparenten und Plug-and-Charge-f\u00e4higen \u00d6kosystems f\u00fcr Elektrofahrzeuge.&nbsp;<\/p>\n\n\n\n<p>Dies zwingt CPOs und EMSPs dazu, Zahlungen, Datenberichterstattung, Protokolle und Zuverl\u00e4ssigkeitsstandards zu modernisieren.&nbsp;<\/p>\n\n\n\n<p>Es wurden jedoch einige Bedenken ge\u00e4u\u00dfert.&nbsp;<\/p>\n\n\n\n<p>Die Kosten f\u00fcr die Einhaltung der Vorschriften, unrealistische Hardware-Zeitpl\u00e4ne und die Komplexit\u00e4t der Integration sind die Hauptprobleme.<\/p>\n\n\n\n<h2 class=\"wp-block-heading\" id=\"h-new-monetization-opportunities\">Neue Monetarisierungsm\u00f6glichkeiten<\/h2>\n\n\n\n<p>Flottenladungsvertr\u00e4ge und <a href=\"https:\/\/tridenstechnology.com\/ev-charging-subscriptions\/\"><strong>Abo-Modelle<\/strong><\/a> wachsen.&nbsp;<\/p>\n\n\n\n<p>Viele Netzwerke bieten nun an <a href=\"https:\/\/tridenstechnology.com\/tiered-pricing-model\/\"><strong>gestaffelte Preise<\/strong><\/a> Priorit\u00e4ts-Tarife ($15\u2013$30\/Monat), die vorhersehbare Kosten erm\u00f6glichen. <a href=\"https:\/\/tridenstechnology.com\/recurring-revenue-business-model\/\"><strong>wiederkehrende Einnahmen<\/strong><\/a> gleichzeitig.&nbsp;<\/p>\n\n\n\n<p>Selbst Leerlaufgeb\u00fchren oder geb\u00fcndelte Parkpl\u00e4tze tragen zum Einkommen bei, und auch Datendienste gewinnen zunehmend an Bedeutung.&nbsp;<\/p>\n\n\n\n<figure class=\"wp-block-image size-full\"><img loading=\"lazy\" decoding=\"async\" width=\"1025\" height=\"251\" src=\"https:\/\/tridenstechnology.com\/wp-content\/uploads\/dynamic-pricing-in-ev-charging.webp\" alt=\"Dynamische Preisgestaltung beim Laden von Elektroautos\" class=\"wp-image-52603\" srcset=\"https:\/\/d2xqcz296oofyv.cloudfront.net\/wp-content\/uploads\/dynamic-pricing-in-ev-charging.webp 1025w, https:\/\/d2xqcz296oofyv.cloudfront.net\/wp-content\/uploads\/dynamic-pricing-in-ev-charging-300x73.webp 300w, https:\/\/d2xqcz296oofyv.cloudfront.net\/wp-content\/uploads\/dynamic-pricing-in-ev-charging-768x188.webp 768w, https:\/\/d2xqcz296oofyv.cloudfront.net\/wp-content\/uploads\/dynamic-pricing-in-ev-charging-18x4.webp 18w\" sizes=\"(max-width: 1025px) 100vw, 1025px\" \/><\/figure>\n\n\n\n<p>KI-gest\u00fctzte Preisgestaltung erm\u00f6glicht <strong>vorausschauende\/dynamische Tarife<\/strong> (angepasst an die Echtzeit-Netzbedingungen und den Bedarf), um die Auslastung zu maximieren.&nbsp;&nbsp;<\/p>\n\n\n\n<p>Beispielsweise k\u00f6nnen KI-Algorithmen Lastprognosen analysieren, um \u201cPreismodelle zu optimieren, Engp\u00e4sse zu reduzieren und ...\u201c <strong>Anreize f\u00fcr das Laden au\u00dferhalb der Spitzenzeiten schaffen<\/strong>\u201dAnpassung der Preise an die Netzkosten.&nbsp;<\/p>\n\n\n\n<p>Es gibt eine neue M\u00f6glichkeit, Folgendes anzubieten: <strong>EV-Roaming als Dienstleistung<\/strong>.&nbsp;&nbsp;<\/p>\n\n\n\n<p>Einige Anbieter verwalten Tarife, Vertr\u00e4ge und Zahlungsabwicklungen f\u00fcr ihre Kunden und bieten dies als Dienstleistung an. <a href=\"https:\/\/tridenstechnology.com\/ev-charging-subscriptions\/\"><strong>Monatsabonnement<\/strong><\/a> zum Beispiel.&nbsp;<\/p>\n\n\n\n<p>Dar\u00fcber hinaus, mit <a href=\"https:\/\/tridenstechnology.com\/what-is-vehicle-to-grid-v2g-technology\/\"><strong>V2G<\/strong><\/a> Da es an Popularit\u00e4t gewinnt, besteht die M\u00f6glichkeit, <strong>V2G-Operationen monetarisieren.<\/strong>&nbsp;<\/p>\n\n\n\n<h2 class=\"wp-block-heading\" id=\"h-ai-amp-smart-charging\">KI und intelligentes Laden<\/h2>\n\n\n\n<p>Intelligenz wird in jeder Ebene des Ladestapels integriert.&nbsp;<\/p>\n\n\n\n<p>Zum Beispiel, <strong>Algorithmen f\u00fcr vorausschauende Wartung<\/strong> kann die Telemetriedaten des Ladeger\u00e4ts kontinuierlich \u00fcberwachen und bereits Tage im Voraus vor drohenden St\u00f6rungen warnen, <strong>Ausfallzeiten werden erheblich reduziert.<\/strong>&nbsp;<\/p>\n\n\n\n<p>KI erm\u00f6glicht auch <strong><a href=\"https:\/\/tridenstechnology.com\/ev-charging-load-balancing\/\">Dynamischer Lastausgleich (DLB)<\/a>:<\/strong> Die Software kann das Laden entsprechend der Netzlast planen und eine \u00dcberlastung des Netzes verhindern.&nbsp;<\/p>\n\n\n\n<figure class=\"wp-block-image size-full\"><img loading=\"lazy\" decoding=\"async\" width=\"1025\" height=\"351\" src=\"https:\/\/tridenstechnology.com\/wp-content\/uploads\/smart-ev-charging-builds-on-dynamic-pricing.webp\" alt=\"Intelligentes Laden von Elektroautos basiert auf dynamischer Preisgestaltung\" class=\"wp-image-52608\" srcset=\"https:\/\/d2xqcz296oofyv.cloudfront.net\/wp-content\/uploads\/smart-ev-charging-builds-on-dynamic-pricing.webp 1025w, https:\/\/d2xqcz296oofyv.cloudfront.net\/wp-content\/uploads\/smart-ev-charging-builds-on-dynamic-pricing-300x103.webp 300w, https:\/\/d2xqcz296oofyv.cloudfront.net\/wp-content\/uploads\/smart-ev-charging-builds-on-dynamic-pricing-768x263.webp 768w, https:\/\/d2xqcz296oofyv.cloudfront.net\/wp-content\/uploads\/smart-ev-charging-builds-on-dynamic-pricing-18x6.webp 18w\" sizes=\"(max-width: 1025px) 100vw, 1025px\" \/><\/figure>\n\n\n\n<p>Auf Kundenseite kann maschinelles Lernen<strong> Das Ladeerlebnis individuell anpassen<\/strong>.&nbsp;&nbsp;<\/p>\n\n\n\n<p>Apps und Backends beginnen mit der Analyse. <strong>Fahrgewohnheiten<\/strong> um optimale Ladezeiten und Routen vorzuschlagen oder Pr\u00e4mien und Rabatte anzubieten.&nbsp;<\/p>\n\n\n\n<p>Beispielsweise k\u00f6nnte die App die n\u00e4chstgelegene Ladestation ohne Ausfallzeiten empfehlen, um <strong>Frustration verringern<\/strong> oder Rabatte anbieten, wenn der Nutzer dieselbe Station h\u00e4ufig nutzt.&nbsp;<\/p>\n\n\n\n<p>Dies erh\u00f6ht <strong>Kundenbindung<\/strong> durch die Verbesserung des Gesamterlebnisses.&nbsp;<\/p>\n\n\n\n<p>Moderne Plattformen wie unsere <a href=\"https:\/\/tridenstechnology.com\/ev-charge\/\"><strong>Tridens EV Charge<\/strong><\/a> Das Produkt nutzt KI, um Kunden bei der Feststellung der Kompatibilit\u00e4t, der Suche nach Ladestationen in der N\u00e4he oder der Meldung von Fehlern zu unterst\u00fctzen.&nbsp;<\/p>\n\n\n\n<p>In Verbindung mit unserem <a href=\"https:\/\/tridenstechnology.com\/ocpp-ai-demo\/\"><strong>KI-OCPP-Analysator<\/strong><\/a>, erhalten Sie <strong>Einblicke in Ihre OCPP-Protokolle.<\/strong>&nbsp;<\/p>\n\n\n\n<p>Au\u00dferdem, <a href=\"https:\/\/tridenstechnology.com\/service-desk\/\"><strong>Service Desk<\/strong><\/a> erm\u00f6glicht es Benutzern, Support-Tickets zu erstellen, und unsere KI lernt aus jedem gel\u00f6sten Problem.&nbsp;&nbsp;&nbsp;<\/p>\n\n\n\n<p>Dies entlastet unser Support-Team und verk\u00fcrzt die Zeit f\u00fcr die Fehlerbehebung.&nbsp;<\/p>\n\n\n\n<p>Auch wenn Ihr Produkt keine integrierte KI-Funktion aufweist, kann es dennoch ein n\u00fctzliches Instrument f\u00fcr den Kundensupport sein.\u00a0<\/p>\n\n\n\n<h2 class=\"wp-block-heading\" id=\"h-heavy-duty-evs-amp-megawatt-charging\">Hochleistungs-Elektrofahrzeuge und Megawatt-Ladetechnik<\/h2>\n\n\n\n<p><strong>Schwerlastfahrzeuge (HDV)<\/strong> sind f\u00fcr mehr als einen <strong>Viertel der Treibhausgasemissionen<\/strong> aus dem Stra\u00dfenverkehr in der EU.&nbsp;<\/p>\n\n\n\n<p>Aus diesem Grund breitet sich die Elektrifizierung rasch auf Lkw und Busse aus.&nbsp;<\/p>\n\n\n\n<p><a href=\"https:\/\/www.electrive.com\/2025\/11\/06\/acea-statistics-electric-trucks-are-still-picking-up-momentum-while-electric-buses-take-the-lead\/\" target=\"_blank\" rel=\"noreferrer noopener nofollow\"><strong>22.7%<\/strong><\/a> der in der EU im Jahr 2025 zugelassenen Busse waren vollelektrisch \u2013 ein Anstieg gegen\u00fcber 15,91 % im Jahr 2024. Dieser Trend wird sich voraussichtlich bis 2026 fortsetzen.&nbsp;&nbsp;<\/p>\n\n\n\n<p>Die <strong>Megawatt-Ladesystem (MCS)<\/strong> ist f\u00fcr Schwerlastfahrzeuge konzipiert, und seine Entwicklung ist der Schl\u00fcssel zum Erfolg von elektrischen Schwerlastfahrzeugen.&nbsp;<\/p>\n\n\n\n<div class=\"wp-block-group\"><div class=\"wp-block-group__inner-container is-layout-constrained wp-block-group-is-layout-constrained\">\n<div class=\"wp-block-group key-notes\"><div class=\"wp-block-group__inner-container is-layout-constrained wp-block-group-is-layout-constrained\">\n<div class=\"wp-block-group notes has-background\" style=\"background-color:#e9f8ff\"><div class=\"wp-block-group__inner-container is-layout-constrained wp-block-group-is-layout-constrained\">\n<p><a href=\"https:\/\/chargedevs.com\/?s=Designwerk\" target=\"_blank\" rel=\"noreferrer noopener nofollow\"><strong>Designwerk Technologies<\/strong><\/a> meldete die schnellste Megawatt-EV-Ladesitzung aller Zeiten, die <strong>1,1 Megawatt<\/strong> w\u00e4hrend einer Demonstration im Juli 2025.&nbsp;<\/p>\n\n\n\n<p>Aufladen des Lastwagens von <strong>Die \u00dcbertragung von 10% nach 80% dauerte lediglich 42 Minuten.<\/strong><\/p>\n<\/div><\/div>\n<\/div><\/div>\n\n\n\n<div style=\"height:40px\" aria-hidden=\"true\" class=\"wp-block-spacer\"><\/div>\n<\/div><\/div>\n\n\n\n<p>Dar\u00fcber hinaus er\u00f6ffnet dies neue M\u00f6glichkeiten f\u00fcr <strong>Monetarisierung <a href=\"https:\/\/tridenstechnology.com\/what-is-electric-vehicle-ev-fleet\/\">Flotten<\/a>.<\/strong>&nbsp;<\/p>\n\n\n\n<p>Angesichts der zunehmenden Verbreitung von Elektrofahrzeugen im \u00f6ffentlichen Nahverkehr werden Unternehmen nach L\u00f6sungen suchen, die Folgendes erm\u00f6glichen: <strong>dynamische Preisgestaltung<\/strong> und die Handhabung von <strong>Tausende von Rechnungen<\/strong>.&nbsp;<\/p>\n\n\n\n<p>Cloud-native Plattformen wie <a href=\"https:\/\/tridenstechnology.com\/ev-charge\/\"><strong>Tridens EV Charge<\/strong><\/a> die sich in bestehende Transportmanagementsysteme integrieren lassen, stellen eine optimale L\u00f6sung f\u00fcr Transportanforderungen dar.&nbsp;<\/p>\n\n\n\n<h2 class=\"wp-block-heading\" id=\"h-vehicle-to-grid-v2g-amp-vehicle-to-home-v2h\">Vehicle-to-Grid (V2G) und Vehicle-to-Home (V2H)<\/h2>\n\n\n\n<p>Wenn man dar\u00fcber nachdenkt, sind Elektrofahrzeuge <strong>Batterien auf R\u00e4dern.<\/strong>&nbsp;<\/p>\n\n\n\n<p><a href=\"https:\/\/tridenstechnology.com\/what-is-vehicle-to-grid-v2g-technology\/\"><strong>V2G<\/strong><\/a> und <strong>V2H<\/strong> zulassen <strong>bidirektionales Laden<\/strong>, wo das Fahrzeug \u00fcbersch\u00fcssige Energie an das Stromnetz \u201czur\u00fcckgeben\u201d oder durch Entladen der Batterie das eigene Haus mit Strom versorgen kann.&nbsp;<\/p>\n\n\n\n<figure class=\"wp-block-image size-full\"><img loading=\"lazy\" decoding=\"async\" width=\"1024\" height=\"497\" src=\"http:\/\/tridenstechnology.com\/wp-content\/uploads\/v2g-smart-ev-charging.jpg\" alt=\"\" class=\"wp-image-14031\" srcset=\"https:\/\/d2xqcz296oofyv.cloudfront.net\/wp-content\/uploads\/v2g-smart-ev-charging.jpg 1024w, https:\/\/d2xqcz296oofyv.cloudfront.net\/wp-content\/uploads\/v2g-smart-ev-charging-300x146.jpg 300w, https:\/\/d2xqcz296oofyv.cloudfront.net\/wp-content\/uploads\/v2g-smart-ev-charging-768x373.jpg 768w\" sizes=\"(max-width: 1024px) 100vw, 1024px\" \/><\/figure>\n\n\n\n<p>Im Jahr 2025 stieg die Anzahl der Modelle, die mit V2G-F\u00e4higkeit ausgeliefert wurden.&nbsp;<\/p>\n\n\n\n<p>China hat angek\u00fcndigt, <strong>30 Projekte in neun St\u00e4dten<\/strong> die gro\u00dfe Anzahl von Elektrofahrzeugen zu nutzen, um \u00fcbersch\u00fcssigen Strom zur\u00fcck ins Netz zu speisen.&nbsp;<\/p>\n\n\n\n<p><strong>Bidirektionale Energie<\/strong> und <strong>Wallbox<\/strong> startete Nordamerikas erstes multistaatliches bidirektionales Ladeprogramm f\u00fcr 180 Haushalte in Kalifornien und Connecticut.&nbsp;<\/p>\n\n\n\n<blockquote class=\"wp-block-quote is-layout-flow wp-block-quote-is-layout-flow\">\n<p><strong><em>\u201cDie Einf\u00fchrung dieses Programms in Zusammenarbeit mit Wallbox erm\u00f6glicht es uns, diese innovative Technologie f\u00fcr Verbraucher zug\u00e4nglich zu machen \u2013 auf eine Weise, die einfach zu nutzen, wertvoll und skalierbar ist.\u201d<\/em><\/strong><\/p>\n\n\n\n<p><em>Frances Bell, Gesch\u00e4ftsf\u00fchrerin bei Bidirectional Energy<\/em><\/p>\n<\/blockquote>\n\n\n\n<div class=\"wp-block-group\"><div class=\"wp-block-group__inner-container is-layout-constrained wp-block-group-is-layout-constrained\">\n<h2 class=\"wp-block-heading\" id=\"h-choosing-your-ev-charging-partner\">Die Wahl Ihres EV-Ladepartners<\/h2>\n\n\n\n<p><a href=\"https:\/\/tridenstechnology.com\/ev-charge\/\"><strong>Tridens' EV-Ladeger\u00e4t-Software<\/strong><\/a>&nbsp;ist f\u00fchrend in der EV-Ladetechnologie und beh\u00e4lt <strong>\u00dcber 100.000 Ladestationen<\/strong> und die Kompatibilit\u00e4t mit sicherstellen <strong>\u00dcber 600 Ladeger\u00e4temodelle.<\/strong><\/p>\n\n\n\n<p>Wir verf\u00fcgen \u00fcber Zertifizierungen f\u00fcr Ladepunktprotokolle und sind OCPP-konform.<strong>OCPP 1.6 J und OCPP 2.01<\/strong>). Dar\u00fcber hinaus gew\u00e4hrleisten wir die Kompatibilit\u00e4t Ihrer Hardware und eine reibungslose Fahrzeug-zu-Netz-Kommunikation (<strong>V2G<\/strong>) Kommunikation durch Einhaltung von <strong>ISO 15118 (Plug-and-Charge-Standard).<\/strong><\/p>\n<\/div><\/div>","protected":false},"excerpt":{"rendered":"<p>Erfahren Sie, wie sich das \u00d6kosystem f\u00fcr Elektrofahrzeuge ver\u00e4ndert. Von neuen Protokollen bis hin zu nahtlosen Benutzererfahrungen und verbesserter Interoperabilit\u00e4t.<\/p>","protected":false},"author":9,"featured_media":52604,"comment_status":"open","ping_status":"open","sticky":false,"template":"","format":"standard","meta":{"footnotes":""},"categories":[169],"tags":[],"class_list":["post-8177","post","type-post","status-publish","format-standard","has-post-thumbnail","hentry","category-ev-charging","category-169","description-off"],"yoast_head":"<!-- This site is optimized with the Yoast SEO Premium plugin v27.4 (Yoast SEO v27.4) - https:\/\/yoast.com\/product\/yoast-seo-premium-wordpress\/ -->\n<title>Top 7 EV Charging Trends for 2026\u00a0 - Tridens<\/title>\n<meta name=\"description\" content=\"Learn how smart charging and fast-charging networks transform EV charging into a seamless, user-friendly experience for EV drivers.\" \/>\n<meta name=\"robots\" content=\"index, follow, max-snippet:-1, max-image-preview:large, max-video-preview:-1\" \/>\n<link rel=\"canonical\" href=\"https:\/\/tridenstechnology.com\/de\/ev-charging-industry-trends\/\" \/>\n<meta property=\"og:locale\" content=\"de_DE\" \/>\n<meta property=\"og:type\" content=\"article\" \/>\n<meta property=\"og:title\" content=\"Top 7 EV Charging Trends for 2026\u00a0\" \/>\n<meta property=\"og:description\" content=\"Learn how smart charging and fast-charging networks transform EV charging into a seamless, user-friendly experience for EV drivers.\" \/>\n<meta property=\"og:url\" content=\"https:\/\/tridenstechnology.com\/de\/ev-charging-industry-trends\/\" \/>\n<meta property=\"og:site_name\" content=\"Tridens\" \/>\n<meta property=\"article:publisher\" content=\"https:\/\/www.facebook.com\/tridenstechnology\" \/>\n<meta property=\"article:published_time\" content=\"2025-11-24T13:37:38+00:00\" \/>\n<meta property=\"article:modified_time\" content=\"2025-12-01T09:58:41+00:00\" \/>\n<meta property=\"og:image\" content=\"https:\/\/d2xqcz296oofyv.cloudfront.net\/wp-content\/uploads\/ev-charging-industry-trends.webp\" \/>\n\t<meta property=\"og:image:width\" content=\"1025\" \/>\n\t<meta property=\"og:image:height\" content=\"498\" \/>\n\t<meta property=\"og:image:type\" content=\"image\/webp\" \/>\n<meta name=\"author\" content=\"\u017diga Lesjak\" \/>\n<meta name=\"twitter:card\" content=\"summary_large_image\" \/>\n<meta name=\"twitter:creator\" content=\"@TridensTech\" \/>\n<meta name=\"twitter:site\" content=\"@TridensTech\" \/>\n<meta name=\"twitter:label1\" content=\"Verfasst von\" \/>\n\t<meta name=\"twitter:data1\" content=\"\u017diga Lesjak\" \/>\n\t<meta name=\"twitter:label2\" content=\"Gesch\u00e4tzte Lesezeit\" \/>\n\t<meta name=\"twitter:data2\" content=\"8\u00a0Minuten\" \/>\n<!-- \/ Yoast SEO Premium plugin. -->","yoast_head_json":{"title":"Die 7 wichtigsten EV-Ladetrends f\u00fcr 2026 - Tridens","description":"Erfahren Sie, wie intelligente Lade- und Schnellladenetzwerke das Laden von E-Fahrzeugen zu einem nahtlosen, benutzerfreundlichen Erlebnis f\u00fcr E-Fahrer machen.","robots":{"index":"index","follow":"follow","max-snippet":"max-snippet:-1","max-image-preview":"max-image-preview:large","max-video-preview":"max-video-preview:-1"},"canonical":"https:\/\/tridenstechnology.com\/de\/ev-charging-industry-trends\/","og_locale":"de_DE","og_type":"article","og_title":"Top 7 EV Charging Trends for 2026\u00a0","og_description":"Learn how smart charging and fast-charging networks transform EV charging into a seamless, user-friendly experience for EV drivers.","og_url":"https:\/\/tridenstechnology.com\/de\/ev-charging-industry-trends\/","og_site_name":"Tridens","article_publisher":"https:\/\/www.facebook.com\/tridenstechnology","article_published_time":"2025-11-24T13:37:38+00:00","article_modified_time":"2025-12-01T09:58:41+00:00","og_image":[{"width":1025,"height":498,"url":"https:\/\/d2xqcz296oofyv.cloudfront.net\/wp-content\/uploads\/ev-charging-industry-trends.webp","type":"image\/webp"}],"author":"\u017diga Lesjak","twitter_card":"summary_large_image","twitter_creator":"@TridensTech","twitter_site":"@TridensTech","twitter_misc":{"Verfasst von":"\u017diga Lesjak","Gesch\u00e4tzte Lesezeit":"8\u00a0Minuten"},"schema":{"@context":"https:\/\/schema.org","@graph":[{"@type":"Article","@id":"https:\/\/tridenstechnology.com\/ev-charging-industry-trends\/#article","isPartOf":{"@id":"https:\/\/tridenstechnology.com\/ev-charging-industry-trends\/"},"author":{"name":"\u017diga Lesjak","@id":"https:\/\/tridenstechnology.com\/#\/schema\/person\/c114502d398eba1e5b7ab72a9f201884"},"headline":"Top 7 EV Charging Trends for 2026\u00a0","datePublished":"2025-11-24T13:37:38+00:00","dateModified":"2025-12-01T09:58:41+00:00","mainEntityOfPage":{"@id":"https:\/\/tridenstechnology.com\/ev-charging-industry-trends\/"},"wordCount":1534,"commentCount":0,"publisher":{"@id":"https:\/\/tridenstechnology.com\/#organization"},"image":{"@id":"https:\/\/tridenstechnology.com\/ev-charging-industry-trends\/#primaryimage"},"thumbnailUrl":"https:\/\/d2xqcz296oofyv.cloudfront.net\/wp-content\/uploads\/ev-charging-industry-trends.webp","articleSection":["EV Charging"],"inLanguage":"de","potentialAction":[{"@type":"CommentAction","name":"Comment","target":["https:\/\/tridenstechnology.com\/ev-charging-industry-trends\/#respond"]}],"accessibilityFeature":["tableOfContents"]},{"@type":"WebPage","@id":"https:\/\/tridenstechnology.com\/ev-charging-industry-trends\/","url":"https:\/\/tridenstechnology.com\/ev-charging-industry-trends\/","name":"Die 7 wichtigsten EV-Ladetrends f\u00fcr 2026 - Tridens","isPartOf":{"@id":"https:\/\/tridenstechnology.com\/#website"},"primaryImageOfPage":{"@id":"https:\/\/tridenstechnology.com\/ev-charging-industry-trends\/#primaryimage"},"image":{"@id":"https:\/\/tridenstechnology.com\/ev-charging-industry-trends\/#primaryimage"},"thumbnailUrl":"https:\/\/d2xqcz296oofyv.cloudfront.net\/wp-content\/uploads\/ev-charging-industry-trends.webp","datePublished":"2025-11-24T13:37:38+00:00","dateModified":"2025-12-01T09:58:41+00:00","description":"Erfahren Sie, wie intelligente Lade- und Schnellladenetzwerke das Laden von E-Fahrzeugen zu einem nahtlosen, benutzerfreundlichen Erlebnis f\u00fcr E-Fahrer machen.","breadcrumb":{"@id":"https:\/\/tridenstechnology.com\/ev-charging-industry-trends\/#breadcrumb"},"inLanguage":"de","potentialAction":[{"@type":"ReadAction","target":["https:\/\/tridenstechnology.com\/ev-charging-industry-trends\/"]}]},{"@type":"ImageObject","inLanguage":"de","@id":"https:\/\/tridenstechnology.com\/ev-charging-industry-trends\/#primaryimage","url":"https:\/\/d2xqcz296oofyv.cloudfront.net\/wp-content\/uploads\/ev-charging-industry-trends.webp","contentUrl":"https:\/\/d2xqcz296oofyv.cloudfront.net\/wp-content\/uploads\/ev-charging-industry-trends.webp","width":1025,"height":498,"caption":"ev charging industry trends"},{"@type":"BreadcrumbList","@id":"https:\/\/tridenstechnology.com\/ev-charging-industry-trends\/#breadcrumb","itemListElement":[{"@type":"ListItem","position":1,"name":"Home","item":"https:\/\/tridenstechnology.com\/"},{"@type":"ListItem","position":2,"name":"Top 7 EV Charging Trends for 2026\u00a0"}]},{"@type":"WebSite","@id":"https:\/\/tridenstechnology.com\/#website","url":"https:\/\/tridenstechnology.com\/","name":"Tridens","description":"Monetarisierung, Abrechnung &amp; EV-Laden","publisher":{"@id":"https:\/\/tridenstechnology.com\/#organization"},"potentialAction":[{"@type":"SearchAction","target":{"@type":"EntryPoint","urlTemplate":"https:\/\/tridenstechnology.com\/?s={search_term_string}"},"query-input":{"@type":"PropertyValueSpecification","valueRequired":true,"valueName":"search_term_string"}}],"inLanguage":"de"},{"@type":"Organization","@id":"https:\/\/tridenstechnology.com\/#organization","name":"Tridens","url":"https:\/\/tridenstechnology.com\/","logo":{"@type":"ImageObject","inLanguage":"de","@id":"https:\/\/tridenstechnology.com\/#\/schema\/logo\/image\/","url":"https:\/\/d2xqcz296oofyv.cloudfront.net\/wp-content\/uploads\/2019\/02\/tridens_logo_invert.png","contentUrl":"https:\/\/d2xqcz296oofyv.cloudfront.net\/wp-content\/uploads\/2019\/02\/tridens_logo_invert.png","width":600,"height":191,"caption":"Tridens"},"image":{"@id":"https:\/\/tridenstechnology.com\/#\/schema\/logo\/image\/"},"sameAs":["https:\/\/www.facebook.com\/tridenstechnology","https:\/\/x.com\/TridensTech","https:\/\/www.instagram.com\/tridenstechnology\/","https:\/\/www.linkedin.com\/company\/tridens","https:\/\/www.youtube.com\/user\/TridensIT"]},{"@type":"Person","@id":"https:\/\/tridenstechnology.com\/#\/schema\/person\/c114502d398eba1e5b7ab72a9f201884","name":"\u017diga Lesjak","image":{"@type":"ImageObject","inLanguage":"de","@id":"https:\/\/secure.gravatar.com\/avatar\/a46da957691f5add544cf2e0c5ea7556bf85fc853539e71e3a2b5200d5951fad?s=96&d=mm&r=g","url":"https:\/\/secure.gravatar.com\/avatar\/a46da957691f5add544cf2e0c5ea7556bf85fc853539e71e3a2b5200d5951fad?s=96&d=mm&r=g","contentUrl":"https:\/\/secure.gravatar.com\/avatar\/a46da957691f5add544cf2e0c5ea7556bf85fc853539e71e3a2b5200d5951fad?s=96&d=mm&r=g","caption":"\u017diga Lesjak"},"description":"\u017diga Lesjak ist der digitale Vermarkter bei Tridens und verf\u00fcgt \u00fcber mehr als 7 Jahre Marketingerfahrung. Er hat einen Master-Abschluss und eine Leidenschaft f\u00fcr Technik, Innovation und Adrenalinjagden.","sameAs":["https:\/\/www.linkedin.com\/in\/zlesjak\/"],"url":"https:\/\/tridenstechnology.com\/de\/author\/ziga-lesjaktridenstechnology-com\/"}]}},"_links":{"self":[{"href":"https:\/\/tridenstechnology.com\/de\/wp-json\/wp\/v2\/posts\/8177","targetHints":{"allow":["GET"]}}],"collection":[{"href":"https:\/\/tridenstechnology.com\/de\/wp-json\/wp\/v2\/posts"}],"about":[{"href":"https:\/\/tridenstechnology.com\/de\/wp-json\/wp\/v2\/types\/post"}],"author":[{"embeddable":true,"href":"https:\/\/tridenstechnology.com\/de\/wp-json\/wp\/v2\/users\/9"}],"replies":[{"embeddable":true,"href":"https:\/\/tridenstechnology.com\/de\/wp-json\/wp\/v2\/comments?post=8177"}],"version-history":[{"count":0,"href":"https:\/\/tridenstechnology.com\/de\/wp-json\/wp\/v2\/posts\/8177\/revisions"}],"wp:featuredmedia":[{"embeddable":true,"href":"https:\/\/tridenstechnology.com\/de\/wp-json\/wp\/v2\/media\/52604"}],"wp:attachment":[{"href":"https:\/\/tridenstechnology.com\/de\/wp-json\/wp\/v2\/media?parent=8177"}],"wp:term":[{"taxonomy":"category","embeddable":true,"href":"https:\/\/tridenstechnology.com\/de\/wp-json\/wp\/v2\/categories?post=8177"},{"taxonomy":"post_tag","embeddable":true,"href":"https:\/\/tridenstechnology.com\/de\/wp-json\/wp\/v2\/tags?post=8177"}],"curies":[{"name":"wp","href":"https:\/\/api.w.org\/{rel}","templated":true}]}}