{"id":45934,"date":"2026-01-12T15:27:06","date_gmt":"2026-01-12T13:27:06","guid":{"rendered":"https:\/\/tridenstechnology.com\/?p=45934"},"modified":"2026-03-24T16:12:52","modified_gmt":"2026-03-24T14:12:52","slug":"telekommunikationskonferenzen","status":"publish","type":"post","link":"https:\/\/tridenstechnology.com\/de\/telco-conferences\/","title":{"rendered":"Die wichtigsten Telco-Veranstaltungen, Ausstellungen und Konferenzen im Jahr 2026"},"content":{"rendered":"<p><strong><em><strong><em>Sie suchen nach den Top-Telekommunikationsveranstaltungen 2026? Entdecken Sie unsere Liste der 25 wichtigsten Telekommunikationsveranstaltungen und alle wichtigen Details, die Sie vor der Teilnahme wissen m\u00fcssen.<\/em><\/strong><\/em><\/strong><\/p>\n\n\n\n<div class=\"wp-block-yoast-seo-table-of-contents yoast-table-of-contents\"><h2>Inhaltsverzeichnis<\/h2><ul><li><a href=\"#h-mwc-barcelona\" data-level=\"2\">MWC Barcelona<\/a><\/li><li><a href=\"#h-gitex-global\" data-level=\"2\">GITEX Global<\/a><\/li><li><a href=\"#h-canto-connect\" data-level=\"2\">Canto Connect<\/a><\/li><li><a href=\"#h-connected-america\" data-level=\"2\">Vernetztes Amerika<\/a><\/li><li><a href=\"#h-futurenet-world\" data-level=\"2\">FutureNet Welt<\/a><\/li><li><a href=\"#h-conecta-mexico\" data-level=\"2\">Conecta Mexiko<\/a><\/li><li><a href=\"#h-mvno-nation-usa\" data-level=\"2\">MVNO Nation USA<\/a><\/li><li><a href=\"#h-futurenet-middle-east-amp-africa\" data-level=\"2\">FutureNet Naher Osten &amp; Afrika<\/a><\/li><li><a href=\"#h-network-x-americas\" data-level=\"2\">Netzwerk X Nord- und S\u00fcdamerika<\/a><\/li><li><a href=\"#h-international-telecoms-week\" data-level=\"2\">Internationale Woche der Telekommunikation<\/a><\/li><li><a href=\"#h-mvnos-world\" data-level=\"2\">MVNOs Welt<\/a><\/li><li><a href=\"#h-mvno-nation-africa\" data-level=\"2\">MVNO Nation Afrika<\/a><\/li><li><a href=\"#h-mwc-kigali\" data-level=\"2\">MWC Kigali<\/a><\/li><li><a href=\"#h-dtw-ignite\" data-level=\"2\">DTW Ignite<\/a><\/li><li><a href=\"#h-mwc-shanghai\" data-level=\"2\">MWC Shanghai<\/a><\/li><li><a href=\"#h-telco-transformation-latam\" data-level=\"2\">Telco Transformation LATAM<\/a><\/li><li><a href=\"#h-itw-africa\" data-level=\"2\">ITW Afrika<\/a><\/li><li><a href=\"#h-futurenet-asia\" data-level=\"2\">FutureNet Asien<\/a><\/li><li><a href=\"#h-futurecom\" data-level=\"2\">Futurecom<\/a><\/li><li><a href=\"#h-network-x\" data-level=\"2\">Netzwerk X<\/a><\/li><li><a href=\"#h-mvno-nation-live\" data-level=\"2\">MVNO Nation Live<\/a><\/li><li><a href=\"#h-futurenet-north-america\" data-level=\"2\">FutureNet Nordamerika<\/a><\/li><li><a href=\"#h-conecta-peru\" data-level=\"2\">Conecta Peru<\/a><\/li><li><a href=\"#h-africa-tech-festival\" data-level=\"2\">Afrika-Tech-Festival<\/a><\/li><li><a href=\"#h-telecoms-world-asia-nbsp\" data-level=\"2\">Telecoms World Asien\u00a0<\/a><\/li><li><a href=\"#h-itw-asia\" data-level=\"2\">ITW Asien<\/a><\/li><\/ul><\/div>\n\n\n\n<p>Bei diesen wichtigen Veranstaltungen der Telekommunikationsbranche sprechen die Betreiber <a href=\"https:\/\/tridenstechnology.com\/telecom-industry-trends\/\">Trends im Bereich der Telekommunikation<\/a>, wie Cloud-native Kernmigrationen, KI in der Telekommunikation, 5G-Monetarisierung und vieles mehr.&nbsp;<\/p>\n\n\n\n<p>Die Teilnahme an diesen Veranstaltungen hilft Ihnen, informiert zu bleiben, von Gleichgesinnten zu lernen und bessere Entscheidungen zu treffen.&nbsp;<\/p>\n\n\n\n<p>Wenn Sie teilnehmen, k\u00f6nnen Sie:<\/p>\n\n\n\n<ul class=\"wp-block-list\">\n<li>Verfolgung der Entwicklungen im Bereich Regulierung und Spektrum<\/li>\n\n\n\n<li>Benchmarking von Netzwerk, IT und Monetarisierung<\/li>\n\n\n\n<li>Aufbau von Partnerschaften mit Betreibern, Anbietern und \u00d6kosystemen<\/li>\n<\/ul>\n\n\n\n<p>Bei Tridens engagieren wir uns aktiv in diesen Foren, um nahe an der Marktrealit\u00e4t zu bleiben und zu zeigen <a href=\"https:\/\/tridenstechnology.com\/communications\/\">Tridens Monetization<\/a>, unsere All-in-One-Plattform f\u00fcr Abrechnung, Geb\u00fchrenerhebung und Umsatzmanagement, die f\u00fcr komplexe Telekommunikationsgesch\u00e4ftsmodelle entwickelt wurde.<\/p>\n\n\n<div id=\"polls-50\" class=\"wp-polls\">\n\t<form id=\"polls_form_50\" class=\"wp-polls-form\" action=\"\/index.php\" method=\"post\" data-trp-original-action=\"\/index.php\">\n\t\t<p style=\"display: none;\"><input type=\"hidden\" id=\"poll_50_nonce\" name=\"wp-polls-nonce\" value=\"a3f5a900fc\" \/><\/p>\n\t\t<p style=\"display: none;\"><input type=\"hidden\" name=\"poll_id\" value=\"50\" \/><\/p>\n\t\t<p style=\"text-align: center;\"><strong>Planen Sie, im Jahr 2026 an einer Veranstaltung der Telekommunikationsbranche teilzunehmen?<\/strong><\/p><div id=\"polls-50-ans\" class=\"wp-polls-ans\"><ul class=\"wp-polls-ul\">\n\t\t<li><input type=\"radio\" id=\"poll-answer-171\" name=\"poll_50\" value=\"171\" \/> <label for=\"poll-answer-171\">Ja<\/label><\/li>\n\t\t<li><input type=\"radio\" id=\"poll-answer-172\" name=\"poll_50\" value=\"172\" \/> <label for=\"poll-answer-172\">Nein<\/label><\/li>\n\t\t<li><input type=\"radio\" id=\"poll-answer-173\" name=\"poll_50\" value=\"173\" \/> <label for=\"poll-answer-173\">Noch nicht entschieden<\/label><\/li>\n\t\t<\/ul><p style=\"text-align: center;\"><input type=\"button\" name=\"vote\" value=\"   W\u00e4hlen Sie   \" class=\"Buttons\" onclick=\"poll_vote(50);\" \/><\/p><p style=\"text-align: center;\"><a href=\"#ViewPollResults\" onclick=\"poll_result(50); return false;\" title=\"Ergebnisse dieser Umfrage anzeigen\">Ergebnisse anzeigen<\/a><\/p><\/div>\n\t<input type=\"hidden\" name=\"trp-form-language\" value=\"de\"\/><\/form>\n<\/div>\n<div id=\"polls-50-loading\" class=\"wp-polls-loading\"><img decoding=\"async\" src=\"https:\/\/tridenstechnology.com\/wp-content\/plugins\/wp-polls\/images\/loading.gif\" width=\"16\" height=\"16\" alt=\"Wird geladen ...\" title=\"Wird geladen ...\" class=\"wp-polls-image\" \/>&nbsp;Wird geladen ...<\/div>\n\n\n\n\n<div style=\"height:40px\" aria-hidden=\"true\" class=\"wp-block-spacer\"><\/div>\n\n\n\n<p class=\"has-text-color has-link-color wp-elements-20105999d43493487788c61238e7aaba\" style=\"color:#171c46;font-size:36px\"><strong>2026 Ereignisliste<\/strong><\/p>\n\n\n\n<figure class=\"wp-block-table\"><table class=\"has-fixed-layout\"><thead><tr><th>Ereignis Name<\/th><th>Datum<\/th><th>Standort <\/th><\/tr><\/thead><tbody><tr><td><a href=\"http:\/\/h-canto-connect\">Canto Connect<\/a><\/td><td>01 Feb - 03 Feb 2026<\/td><td>Port-of-Spain, Trinidad und Tobago<\/td><\/tr><tr><td><a href=\"http:\/\/h-mwc-barcelona\">MWC Barcelona<\/a><\/td><td>02. M\u00e4rz - 05. M\u00e4rz 2026<\/td><td>Barcelona, Spanien<\/td><\/tr><tr><td><a href=\"http:\/\/h-connected-america\">Vernetztes Amerika<\/a><\/td><td>14 Apr - 15 Apr 2026<\/td><td>Dallas, USA<\/td><\/tr><tr><td><a href=\"http:\/\/h-futurenet-world\">FutureNet Welt<\/a><\/td><td>21 Apr - 22 Apr 2026<\/td><td>London, Vereinigtes K\u00f6nigreich<\/td><\/tr><tr><td><a href=\"http:\/\/h-conecta-mexico\">Conecta Mexiko<\/a><\/td><td>28 Apr - 29 Apr 2026<\/td><td>Mexiko-Stadt, Mexiko<\/td><\/tr><tr><td><a href=\"http:\/\/h-mvno-nation-usa\">MVNO Nation USA<\/a><\/td><td>28 Apr - 29 Apr 2026<\/td><td>Florida, USA<\/td><\/tr><tr><td><a href=\"http:\/\/h-futurenet-middle-east-amp-africa\">FutureNet Naher Osten &amp; Afrika<\/a><\/td><td>12. Mai - 13. Mai 2026<\/td><td>Dubai, VAE<\/td><\/tr><tr><td><a href=\"http:\/\/h-network-x-americas\">Netzwerk X Nord- und S\u00fcdamerika<\/a><\/td><td>18. Mai - 20. Mai 2026<\/td><td>Dallas, USA<\/td><\/tr><tr><td><a href=\"http:\/\/h-international-telecoms-week\">Internationale Woche der Telekommunikation <\/a><\/td><td>19. Mai - 21. Mai 2026<\/td><td>National Harbor, USA<\/td><\/tr><tr><td><a href=\"http:\/\/h-mvnos-world\">MVNOs Welt<\/a><\/td><td>01 Jun - 03 Jun 2026<\/td><td>Amsterdam, Niederlande<\/td><\/tr><tr><td><a href=\"http:\/\/h-mvno-nation-africa\">MVNO Nation Afrika<\/a><\/td><td>09 Jun - 10 Jun 2026<\/td><td>Kapstadt, S\u00fcdafrika<\/td><\/tr><tr><td><a href=\"http:\/\/h-mwc-kigali\">MWC Kigali<\/a><\/td><td>16. Juni - 18. Juni 2026<\/td><td>Kigali, Ruanda<\/td><\/tr><tr><td><a href=\"http:\/\/h-dtw-ignite\">DTW Ignite<\/a><\/td><td>23. Juni - 25. Juni 2026<\/td><td>Kopenhagen, D\u00e4nemark<\/td><\/tr><tr><td><a href=\"http:\/\/h-mwc-shanghai\">MWC Shanghai<\/a><\/td><td>24 Jun - 26 Jun 2026<\/td><td>Shanghai, China<\/td><\/tr><tr><td><a href=\"http:\/\/h-telco-transformation-latam\">Telco Transformation LATAM<\/a><\/td><td>19 Aug - 20 Aug 2026<\/td><td>Rio de Janeiro, Brasilien<\/td><\/tr><tr><td><a href=\"http:\/\/h-itw-africa\">ITW Afrika<\/a><\/td><td>08 Sep - 10 Sep 2026<\/td><td>Nairobi, Kenia<\/td><\/tr><tr><td><a href=\"http:\/\/h-futurenet-asia\">FutureNet Asien<\/a><\/td><td>23 Sep - 24 Sep 2026<\/td><td>Marina Bay, Singapur<\/td><\/tr><tr><td><a href=\"http:\/\/h-futurecom\">Futurecom<\/a><\/td><td>06. Oktober - 08. Oktober 2026<\/td><td>S\u00e3o Paulo, Brasilien<\/td><\/tr><tr><td><a href=\"http:\/\/h-network-x\">Netzwerk X<\/a><\/td><td>13. Oktober - 15. Oktober 2026<\/td><td>Wien, \u00d6sterreich<\/td><\/tr><tr><td><a href=\"http:\/\/h-mvno-nation-live\">MVNO Nation Live<\/a><\/td><td>03. November - 05. November 2026<\/td><td>Alicante, Spanien<\/td><\/tr><tr><td><a href=\"http:\/\/h-futurenet-north-america\">FutureNet Nordamerika<\/a><\/td><td>04. November - 05. November 2026<\/td><td>New York, USA<\/td><\/tr><tr><td><a href=\"http:\/\/h-conecta-peru\">Conecta Peru<\/a><\/td><td>10. November - 11. November 2026<\/td><td>Lima, Peru<\/td><\/tr><tr><td><a href=\"http:\/\/h-africa-tech-festival\">Afrika-Tech-Festival<\/a><\/td><td>16. November - 19. November 2026<\/td><td>Kapstadt, S\u00fcdafrika<\/td><\/tr><tr><td><a href=\"http:\/\/h-telecoms-world-asia\">Telecoms World Asien<\/a><\/td><td>27. November 2026<\/td><td>Bangkok, Thailand<\/td><\/tr><tr><td><a href=\"http:\/\/h-itw-asia\">ITW Asien<\/a><\/td><td>02. Dezember - 03. Dezember 2026<\/td><td>Singapur<\/td><\/tr><tr><td><a href=\"http:\/\/h-gitex-global\">GITEX Global<\/a><\/td><td>07 Dez - 11 Dez 2026<\/td><td>Dubai, VAE<\/td><\/tr><\/tbody><\/table><\/figure>\n\n\n\n<div style=\"height:40px\" aria-hidden=\"true\" class=\"wp-block-spacer\"><\/div>\n\n\n\n<h2 class=\"wp-block-heading\" id=\"h-mwc-barcelona\">MWC Barcelona<\/h2>\n\n\n\n<p><strong>Datum:<\/strong>&nbsp;02. M\u00e4rz - 05. M\u00e4rz 2026<br><strong>Standort:<\/strong>&nbsp;Barcelona, Spanien<\/p>\n\n\n\n<p><br><strong><a href=\"https:\/\/www.mwcbarcelona.com\" target=\"_blank\" rel=\"noreferrer noopener nofollow\">MWC Barcelona<\/a><\/strong> ist die gr\u00f6\u00dfte globale Konnektivit\u00e4tsveranstaltung, die CSPs, Anbieter, Ger\u00e4tehersteller und politische Entscheidungstr\u00e4ger zusammenbringt. Hier laufen Produktpl\u00e4ne, Partnerschaftsentscheidungen und strategische \u00dcberlegungen f\u00fcr das kommende Jahr zusammen, und wir werden vor Ort sein, um mit CSP-F\u00fchrungskr\u00e4ften \u00fcber die Priorit\u00e4ten f\u00fcr 2026 und die Kompromisse bei der Umsetzung zu sprechen.<\/p>\n\n\n\n<figure class=\"wp-block-image size-full\"><img fetchpriority=\"high\" decoding=\"async\" width=\"1024\" height=\"300\" src=\"http:\/\/tridenstechnology.com\/wp-content\/uploads\/telco-conferences-mwc-mobile-world-congress-barcelona-2026.webp\" alt=\"mwc mobile world congress barcelona 2026 veranstaltung banner\" class=\"wp-image-69927\" srcset=\"https:\/\/d2xqcz296oofyv.cloudfront.net\/wp-content\/uploads\/telco-conferences-mwc-mobile-world-congress-barcelona-2026.webp 1024w, https:\/\/d2xqcz296oofyv.cloudfront.net\/wp-content\/uploads\/telco-conferences-mwc-mobile-world-congress-barcelona-2026-300x88.webp 300w, https:\/\/d2xqcz296oofyv.cloudfront.net\/wp-content\/uploads\/telco-conferences-mwc-mobile-world-congress-barcelona-2026-768x225.webp 768w, https:\/\/d2xqcz296oofyv.cloudfront.net\/wp-content\/uploads\/telco-conferences-mwc-mobile-world-congress-barcelona-2026-18x5.webp 18w\" sizes=\"(max-width: 1024px) 100vw, 1024px\" \/><\/figure>\n\n\n\n<p><strong>Hauptthemen:<\/strong><\/p>\n\n\n\n<ul class=\"wp-block-list\">\n<li>Sicherheit und Risiken in der Lieferkette<\/li>\n\n\n\n<li>5G SA und 5G-Entwicklung<\/li>\n\n\n\n<li>Telco-Cloud und Kernmodernisierung<\/li>\n\n\n\n<li>KI in Netzen und Betrieben<\/li>\n<\/ul>\n\n\n\n<h2 class=\"wp-block-heading\" id=\"h-gitex-global\">GITEX Global<\/h2>\n\n\n\n<p><strong>Datum:<\/strong> 07 Dez - 11 Dez 2026<br><strong>Standort:<\/strong> Dubai, VAE<\/p>\n\n\n\n<p><strong><a href=\"https:\/\/www.gitex.com\" target=\"_blank\" rel=\"noreferrer noopener nofollow\">GITEX Global<\/a><\/strong> ist eine der weltweit gr\u00f6\u00dften Veranstaltungen f\u00fcr Technologie und digitale Transformation mit starker Beteiligung von Telekommunikationsbetreibern, Cloud-Anbietern, Regierungen und f\u00fchrenden Technologieunternehmen aus dem Nahen Osten und internationalen M\u00e4rkten.<\/p>\n\n\n\n<figure class=\"wp-block-image size-full\"><img decoding=\"async\" width=\"1024\" height=\"300\" src=\"http:\/\/tridenstechnology.com\/wp-content\/uploads\/telco-conferences-gitex-global-dubai-2026.webp\" alt=\"gitex global dubai 2026 veranstaltungsbanner\" class=\"wp-image-69934\" srcset=\"https:\/\/d2xqcz296oofyv.cloudfront.net\/wp-content\/uploads\/telco-conferences-gitex-global-dubai-2026.webp 1024w, https:\/\/d2xqcz296oofyv.cloudfront.net\/wp-content\/uploads\/telco-conferences-gitex-global-dubai-2026-300x88.webp 300w, https:\/\/d2xqcz296oofyv.cloudfront.net\/wp-content\/uploads\/telco-conferences-gitex-global-dubai-2026-768x225.webp 768w, https:\/\/d2xqcz296oofyv.cloudfront.net\/wp-content\/uploads\/telco-conferences-gitex-global-dubai-2026-18x5.webp 18w\" sizes=\"(max-width: 1024px) 100vw, 1024px\" \/><\/figure>\n\n\n\n<p><strong>Hauptthemen:<\/strong><\/p>\n\n\n\n<ul class=\"wp-block-list\">\n<li>Telco-Cloud- und Hyperscaler-Partnerschaften<\/li>\n\n\n\n<li>KI-Plattformen und angewandte Anwendungsf\u00e4lle<\/li>\n\n\n\n<li>5G, private Netze und Edge Computing<\/li>\n\n\n\n<li>Digitale Verwaltung und Unternehmensumwandlung<\/li>\n<\/ul>\n\n\n\n<h2 class=\"wp-block-heading\" id=\"h-canto-connect\">Canto Connect<\/h2>\n\n\n\n<p><strong>Datum:<\/strong>&nbsp;01 Feb - 03 Feb 2026<br><strong>Standort:<\/strong>&nbsp;Port-of-Spain, Trinidad und Tobago<\/p>\n\n\n\n<p><strong><a href=\"https:\/\/www.canto.org\/agm\/\" target=\"_blank\" rel=\"noreferrer noopener nofollow\">Canto Connect<\/a><\/strong>&nbsp;ist ein regionales Telekommunikations- und IKT-Forum f\u00fcr karibische Betreiber, Regulierungsbeh\u00f6rden und Partner aus dem \u00d6kosystem. Es wird in der Regel genutzt, um die Priorit\u00e4ten f\u00fcr die Konnektivit\u00e4t und die digitale Entwicklung auf den Inselm\u00e4rkten abzustimmen.<\/p>\n\n\n\n<figure class=\"wp-block-image size-full\"><img loading=\"lazy\" decoding=\"async\" width=\"1024\" height=\"300\" src=\"http:\/\/tridenstechnology.com\/wp-content\/uploads\/telco-conferences-canto-connect-2026.webp\" alt=\"canto connect 2026 Veranstaltungsbanner\" class=\"wp-image-69936\" srcset=\"https:\/\/d2xqcz296oofyv.cloudfront.net\/wp-content\/uploads\/telco-conferences-canto-connect-2026.webp 1024w, https:\/\/d2xqcz296oofyv.cloudfront.net\/wp-content\/uploads\/telco-conferences-canto-connect-2026-300x88.webp 300w, https:\/\/d2xqcz296oofyv.cloudfront.net\/wp-content\/uploads\/telco-conferences-canto-connect-2026-768x225.webp 768w, https:\/\/d2xqcz296oofyv.cloudfront.net\/wp-content\/uploads\/telco-conferences-canto-connect-2026-18x5.webp 18w\" sizes=\"(max-width: 1024px) 100vw, 1024px\" \/><\/figure>\n\n\n\n<p><strong>Hauptthemen:<\/strong><\/p>\n\n\n\n<ul class=\"wp-block-list\">\n<li>Regionaler Breitbandausbau<\/li>\n\n\n\n<li>Angleichung der Rechtsvorschriften und der Politik<\/li>\n\n\n\n<li>Widerstandsf\u00e4higkeit und Kontinuit\u00e4t des Netzes<\/li>\n\n\n\n<li>\u00d6ffentlich-private Programme<\/li>\n<\/ul>\n\n\n\n<h2 class=\"wp-block-heading\" id=\"h-connected-america\">Vernetztes Amerika<\/h2>\n\n\n\n<p><strong>Datum:<\/strong>&nbsp;14 Apr - 15 Apr 2026<br><strong>Standort:<\/strong>&nbsp;Dallas, USA<\/p>\n\n\n\n<p><strong><a href=\"https:\/\/www.terrapinn.com\/conference\/connected-america\/index.stm\" target=\"_blank\" rel=\"noreferrer noopener nofollow\">Vernetztes Amerika<\/a><\/strong>&nbsp;ist eine auf die USA ausgerichtete Konferenz f\u00fcr f\u00fchrende Pers\u00f6nlichkeiten aus dem Bereich Breitband, darunter Betreiber, Akteure des \u00f6ffentlichen Sektors und Infrastrukturpartner. Sie konzentriert sich auf die praktische Umsetzung von Programmen zum Ausbau der Abdeckung und zur Finanzierung.<\/p>\n\n\n\n<figure class=\"wp-block-image size-full\"><img loading=\"lazy\" decoding=\"async\" width=\"1024\" height=\"300\" src=\"http:\/\/tridenstechnology.com\/wp-content\/uploads\/telco-conferences-connected-america-2026.webp\" alt=\"Banner der Veranstaltung &quot;Connected America 2026\" class=\"wp-image-69912\" srcset=\"https:\/\/d2xqcz296oofyv.cloudfront.net\/wp-content\/uploads\/telco-conferences-connected-america-2026.webp 1024w, https:\/\/d2xqcz296oofyv.cloudfront.net\/wp-content\/uploads\/telco-conferences-connected-america-2026-300x88.webp 300w, https:\/\/d2xqcz296oofyv.cloudfront.net\/wp-content\/uploads\/telco-conferences-connected-america-2026-768x225.webp 768w, https:\/\/d2xqcz296oofyv.cloudfront.net\/wp-content\/uploads\/telco-conferences-connected-america-2026-18x5.webp 18w\" sizes=\"(max-width: 1024px) 100vw, 1024px\" \/><\/figure>\n\n\n\n<p><strong>Hauptthemen:<\/strong><\/p>\n\n\n\n<ul class=\"wp-block-list\">\n<li>Einf\u00fchrung von Glasfaser und FWA<\/li>\n\n\n\n<li>Programme zur Anbindung des l\u00e4ndlichen Raums<\/li>\n\n\n\n<li>Genehmigungs- und Bereitstellungsmodelle<\/li>\n\n\n\n<li>Netzwerk\u00f6konomie<\/li>\n<\/ul>\n\n\n\n<h2 class=\"wp-block-heading\" id=\"h-futurenet-world\">FutureNet Welt<\/h2>\n\n\n\n<p><strong>Datum:<\/strong>&nbsp;21 Apr - 22 Apr 2026<br><strong>Standort:<\/strong>&nbsp;London, Vereinigtes K\u00f6nigreich<\/p>\n\n\n\n<p><strong><a href=\"https:\/\/futurenetworld.net\" target=\"_blank\" rel=\"noreferrer noopener nofollow\">FutureNet Welt<\/a><\/strong>&nbsp;ist eine Telekommunikationsveranstaltung, die sich auf die Netzwerkautomatisierung und den Weg zu autonomen Netzwerken konzentriert. Sie richtet sich an CTO-Organisationen, Netzwerktechniker und Betriebsleiter.<\/p>\n\n\n\n<figure class=\"wp-block-image size-full\"><img loading=\"lazy\" decoding=\"async\" width=\"1024\" height=\"300\" src=\"http:\/\/tridenstechnology.com\/wp-content\/uploads\/telco-conferences-futurenet-world-2026.webp\" alt=\"futurenet world 2026 Veranstaltungsbanner\" class=\"wp-image-69919\" srcset=\"https:\/\/d2xqcz296oofyv.cloudfront.net\/wp-content\/uploads\/telco-conferences-futurenet-world-2026.webp 1024w, https:\/\/d2xqcz296oofyv.cloudfront.net\/wp-content\/uploads\/telco-conferences-futurenet-world-2026-300x88.webp 300w, https:\/\/d2xqcz296oofyv.cloudfront.net\/wp-content\/uploads\/telco-conferences-futurenet-world-2026-768x225.webp 768w, https:\/\/d2xqcz296oofyv.cloudfront.net\/wp-content\/uploads\/telco-conferences-futurenet-world-2026-18x5.webp 18w\" sizes=\"(max-width: 1024px) 100vw, 1024px\" \/><\/figure>\n\n\n\n<p><strong>Hauptthemen:<\/strong><\/p>\n\n\n\n<ul class=\"wp-block-list\">\n<li>Rahmenwerke zur Netzwerkautomatisierung<\/li>\n\n\n\n<li>AIOps und Sicherheit<\/li>\n\n\n\n<li>Geschlossene Kreisl\u00e4ufe<\/li>\n\n\n\n<li>Absichtsabh\u00e4ngige Vernetzung<\/li>\n<\/ul>\n\n\n\n<h2 class=\"wp-block-heading\" id=\"h-conecta-mexico\">Conecta Mexiko<\/h2>\n\n\n\n<p><strong>Datum:<\/strong>&nbsp;28 Apr - 29 Apr 2026<br><strong>Standort:<\/strong>&nbsp;Mexiko-Stadt, Mexiko<\/p>\n\n\n\n<p><strong>Connecta Mexiko<\/strong>&nbsp;ist ein Telekommunikationsforum f\u00fcr f\u00fchrende Betreiber, Regulierungsbeh\u00f6rden und Technologiepartner in Mexiko. Es orientiert sich an der Marktstruktur, den Einf\u00fchrungspriorit\u00e4ten und kurzfristigen Investitionsentscheidungen.<\/p>\n\n\n\n<figure class=\"wp-block-image size-full\"><img loading=\"lazy\" decoding=\"async\" width=\"1024\" height=\"300\" src=\"http:\/\/tridenstechnology.com\/wp-content\/uploads\/telco-conferences-telco-transformation-latam-connecta-latam-2026.webp\" alt=\"telco transformation latam connecta latam 2026 veranstaltung banner\" class=\"wp-image-69932\" srcset=\"https:\/\/d2xqcz296oofyv.cloudfront.net\/wp-content\/uploads\/telco-conferences-telco-transformation-latam-connecta-latam-2026.webp 1024w, https:\/\/d2xqcz296oofyv.cloudfront.net\/wp-content\/uploads\/telco-conferences-telco-transformation-latam-connecta-latam-2026-300x88.webp 300w, https:\/\/d2xqcz296oofyv.cloudfront.net\/wp-content\/uploads\/telco-conferences-telco-transformation-latam-connecta-latam-2026-768x225.webp 768w, https:\/\/d2xqcz296oofyv.cloudfront.net\/wp-content\/uploads\/telco-conferences-telco-transformation-latam-connecta-latam-2026-18x5.webp 18w\" sizes=\"(max-width: 1024px) 100vw, 1024px\" \/><\/figure>\n\n\n\n<p><strong>Hauptthemen:<\/strong><\/p>\n\n\n\n<ul class=\"wp-block-list\">\n<li>Ausblick auf die 5G-Einf\u00fchrung<\/li>\n\n\n\n<li>Priorit\u00e4ten des Glasfaserausbaus<\/li>\n\n\n\n<li>Wettbewerb und Regulierung<\/li>\n\n\n\n<li>Strategie f\u00fcr digitale Dienste<\/li>\n<\/ul>\n\n\n\n<h2 class=\"wp-block-heading\" id=\"h-mvno-nation-usa\">MVNO Nation USA<\/h2>\n\n\n\n<p><strong>Datum:<\/strong>&nbsp;28 Apr - 29 Apr 2026<br><strong>Standort:<\/strong>&nbsp;Florida, USA<\/p>\n\n\n\n<p><strong><a href=\"https:\/\/www.mvnonation.com\/usa\" target=\"_blank\" rel=\"noreferrer noopener nofollow\">MVNO Nation USA<\/a><\/strong>&nbsp;ist ein Gesch\u00e4fts- und Betriebsforum f\u00fcr MVNOs, Host-MNOs und MVNE\/MVNA Enabler. Es konzentriert sich auf die Einf\u00fchrung, Skalierung und Wirtschaftlichkeit des MVNO-\u00d6kosystems in den USA.<\/p>\n\n\n\n<figure class=\"wp-block-image size-full\"><img loading=\"lazy\" decoding=\"async\" width=\"1024\" height=\"300\" src=\"http:\/\/tridenstechnology.com\/wp-content\/uploads\/telco-conferences-mvno-nation-usa-2026.webp\" alt=\"mvno nation usa 2026 veranstaltungsbanner\" class=\"wp-image-69925\" srcset=\"https:\/\/d2xqcz296oofyv.cloudfront.net\/wp-content\/uploads\/telco-conferences-mvno-nation-usa-2026.webp 1024w, https:\/\/d2xqcz296oofyv.cloudfront.net\/wp-content\/uploads\/telco-conferences-mvno-nation-usa-2026-300x88.webp 300w, https:\/\/d2xqcz296oofyv.cloudfront.net\/wp-content\/uploads\/telco-conferences-mvno-nation-usa-2026-768x225.webp 768w, https:\/\/d2xqcz296oofyv.cloudfront.net\/wp-content\/uploads\/telco-conferences-mvno-nation-usa-2026-18x5.webp 18w\" sizes=\"(max-width: 1024px) 100vw, 1024px\" \/><\/figure>\n\n\n\n<p>Hauptthemen:<\/p>\n\n\n\n<ul class=\"wp-block-list\">\n<li>Gro\u00dfhandels- und Hosting-Modelle<\/li>\n\n\n\n<li>eSIM und digitaler Vertrieb<\/li>\n\n\n\n<li>MVNO-\u00d6konomie und Kundenbindung<\/li>\n\n\n\n<li>Segment- und Markenstrategie<\/li>\n<\/ul>\n\n\n\n<h2 class=\"wp-block-heading\" id=\"h-futurenet-middle-east-amp-africa\">FutureNet Naher Osten &amp; Afrika<\/h2>\n\n\n\n<p><strong>Datum:<\/strong>&nbsp;12. Mai - 13. Mai 2026<br><strong>Standort:<\/strong>&nbsp;Dubai, VAE<\/p>\n\n\n\n<p><strong><a href=\"https:\/\/futurenetworld.net\/events\/futurenet-middle-east-north-africa-2026\/\" target=\"_blank\" rel=\"noreferrer noopener nofollow\">FutureNet Naher Osten &amp; Afrika<\/a><\/strong>&nbsp;ist eine regionale FutureNet-Ausgabe, die sich auf die Einf\u00fchrung von Automatisierung und KI bei Betreibern in MEA konzentriert. Der Schwerpunkt liegt dabei auf Operationalisierung, Governance und realen Einsatzmustern.<\/p>\n\n\n\n<figure class=\"wp-block-image size-full\"><img loading=\"lazy\" decoding=\"async\" width=\"1024\" height=\"300\" src=\"http:\/\/tridenstechnology.com\/wp-content\/uploads\/telco-conferences-futurenet-middle-east-and-africa-2026.webp\" alt=\"futurenet nahost und afrika 2026 veranstaltungsbanner\" class=\"wp-image-69917\" srcset=\"https:\/\/d2xqcz296oofyv.cloudfront.net\/wp-content\/uploads\/telco-conferences-futurenet-middle-east-and-africa-2026.webp 1024w, https:\/\/d2xqcz296oofyv.cloudfront.net\/wp-content\/uploads\/telco-conferences-futurenet-middle-east-and-africa-2026-300x88.webp 300w, https:\/\/d2xqcz296oofyv.cloudfront.net\/wp-content\/uploads\/telco-conferences-futurenet-middle-east-and-africa-2026-768x225.webp 768w, https:\/\/d2xqcz296oofyv.cloudfront.net\/wp-content\/uploads\/telco-conferences-futurenet-middle-east-and-africa-2026-18x5.webp 18w\" sizes=\"(max-width: 1024px) 100vw, 1024px\" \/><\/figure>\n\n\n\n<p><strong>Hauptthemen:<\/strong><\/p>\n\n\n\n<ul class=\"wp-block-list\">\n<li>AIOps-Betriebsmodelle<\/li>\n\n\n\n<li>Automatisierung in gro\u00dfem Ma\u00dfstab<\/li>\n\n\n\n<li>5G-Kern und Slicing-Bereitschaft<\/li>\n\n\n\n<li>Sicherheit und Widerstandsf\u00e4higkeit<\/li>\n<\/ul>\n\n\n\n<h2 class=\"wp-block-heading\" id=\"h-network-x-americas\">Netzwerk X Nord- und S\u00fcdamerika<\/h2>\n\n\n\n<p><strong>Datum:<\/strong>&nbsp;18. Mai - 20. Mai 2026<br><strong>Standort:<\/strong>&nbsp;Dallas, USA<\/p>\n\n\n\n<p><strong><a href=\"https:\/\/tmt.knect365.com\/network-x-americas\/\" target=\"_blank\" rel=\"noreferrer noopener nofollow\">Netzwerk X Nord- und S\u00fcdamerika<\/a><\/strong> trifft sich mit Entscheidungstr\u00e4gern aus den Bereichen Festnetz, Mobilfunk und Wi-Fi aus ganz Nordamerika. Sie richtet sich an F\u00fchrungskr\u00e4fte, die die Konvergenz von Zugangsnetzen und Telco-Clouds verwalten.<\/p>\n\n\n\n<figure class=\"wp-block-image size-full\"><img loading=\"lazy\" decoding=\"async\" width=\"1024\" height=\"300\" src=\"http:\/\/tridenstechnology.com\/wp-content\/uploads\/telco-conferences-network-x-americas-2026.webp\" alt=\"network x americas 2026 veranstaltungsbanner\" class=\"wp-image-69930\" srcset=\"https:\/\/d2xqcz296oofyv.cloudfront.net\/wp-content\/uploads\/telco-conferences-network-x-americas-2026.webp 1024w, https:\/\/d2xqcz296oofyv.cloudfront.net\/wp-content\/uploads\/telco-conferences-network-x-americas-2026-300x88.webp 300w, https:\/\/d2xqcz296oofyv.cloudfront.net\/wp-content\/uploads\/telco-conferences-network-x-americas-2026-768x225.webp 768w, https:\/\/d2xqcz296oofyv.cloudfront.net\/wp-content\/uploads\/telco-conferences-network-x-americas-2026-18x5.webp 18w\" sizes=\"(max-width: 1024px) 100vw, 1024px\" \/><\/figure>\n\n\n\n<p><strong>Hauptthemen:<\/strong><\/p>\n\n\n\n<ul class=\"wp-block-list\">\n<li>Glasfaser, FWA und Zugangskonvergenz<\/li>\n\n\n\n<li>5G-Entwicklung und Open RAN<\/li>\n\n\n\n<li>Wi-Fi-Strategie und Offload<\/li>\n\n\n\n<li>Edge- und Cloud-Netzwerke<\/li>\n<\/ul>\n\n\n\n<h2 class=\"wp-block-heading\" id=\"h-international-telecoms-week\">Internationale Woche der Telekommunikation<\/h2>\n\n\n\n<p><strong>Datum:<\/strong>&nbsp;19. Mai - 21. Mai 2026<br><strong>Standort:<\/strong>&nbsp;National Harbor, USA<\/p>\n\n\n\n<p><strong><a href=\"https:\/\/www.internationaltelecomsweek.com\" target=\"_blank\" rel=\"noreferrer noopener nofollow\">Internationale Woche der Telekommunikation (ITW)<\/a><\/strong>&nbsp;ist die wichtigste Veranstaltung f\u00fcr Telekommunikations- und digitale Infrastrukturen f\u00fcr Gro\u00dfkunden. Sie richtet sich an F\u00fchrungskr\u00e4fte, die f\u00fcr internationale Kapazit\u00e4ten, Zusammenschaltungen und \u00d6kosystempartnerschaften verantwortlich sind.<\/p>\n\n\n\n<figure class=\"wp-block-image size-full\"><img loading=\"lazy\" decoding=\"async\" width=\"1024\" height=\"300\" src=\"http:\/\/tridenstechnology.com\/wp-content\/uploads\/telco-conferences-itw-international-telecoms-week-asia-2026.webp\" alt=\"itw internationale telecoms woche asien 2026 veranstaltungsbanner\" class=\"wp-image-69923\" srcset=\"https:\/\/d2xqcz296oofyv.cloudfront.net\/wp-content\/uploads\/telco-conferences-itw-international-telecoms-week-asia-2026.webp 1024w, https:\/\/d2xqcz296oofyv.cloudfront.net\/wp-content\/uploads\/telco-conferences-itw-international-telecoms-week-asia-2026-300x88.webp 300w, https:\/\/d2xqcz296oofyv.cloudfront.net\/wp-content\/uploads\/telco-conferences-itw-international-telecoms-week-asia-2026-768x225.webp 768w, https:\/\/d2xqcz296oofyv.cloudfront.net\/wp-content\/uploads\/telco-conferences-itw-international-telecoms-week-asia-2026-18x5.webp 18w\" sizes=\"(max-width: 1024px) 100vw, 1024px\" \/><\/figure>\n\n\n\n<p><strong>Hauptthemen:<\/strong><\/p>\n\n\n\n<ul class=\"wp-block-list\">\n<li>Gro\u00dfhandelskapazit\u00e4t und IP-Transit<\/li>\n\n\n\n<li>Unterseeische und terrestrische Routen<\/li>\n\n\n\n<li>Rechenzentren und Zusammenschaltung<\/li>\n\n\n\n<li>Partner- und Preisstrategie<\/li>\n<\/ul>\n\n\n\n<h2 class=\"wp-block-heading\" id=\"h-mvnos-world\">MVNOs Welt<\/h2>\n\n\n\n<p><strong>Datum:<\/strong>&nbsp;01 Jun - 03 Jun 2026<br><strong>Standort:<\/strong>&nbsp;Amsterdam, Niederlande<\/p>\n\n\n\n<p><strong><a href=\"https:\/\/tmt.knect365.com\/mvnos-world\/\" target=\"_blank\" rel=\"noreferrer noopener nofollow\">MVNOs World (MVNO World Kongress)<\/a><\/strong>&nbsp;ist eine seit langem stattfindende globale Konferenz, die sich auf MVNO-Betriebsmodelle und das zugeh\u00f6rige \u00d6kosystem konzentriert. Sie ist ein praktisches Forum f\u00fcr Wirtschaftsf\u00fchrer und Plattformbetreiber.<\/p>\n\n\n\n<figure class=\"wp-block-image size-full\"><img loading=\"lazy\" decoding=\"async\" width=\"1024\" height=\"300\" src=\"http:\/\/tridenstechnology.com\/wp-content\/uploads\/telco-conferences-mvnos-world-mvno-world-congress-2026.webp\" alt=\"mvnos welt mvno weltkongress 2026 veranstaltung banner\" class=\"wp-image-69926\" srcset=\"https:\/\/d2xqcz296oofyv.cloudfront.net\/wp-content\/uploads\/telco-conferences-mvnos-world-mvno-world-congress-2026.webp 1024w, https:\/\/d2xqcz296oofyv.cloudfront.net\/wp-content\/uploads\/telco-conferences-mvnos-world-mvno-world-congress-2026-300x88.webp 300w, https:\/\/d2xqcz296oofyv.cloudfront.net\/wp-content\/uploads\/telco-conferences-mvnos-world-mvno-world-congress-2026-768x225.webp 768w, https:\/\/d2xqcz296oofyv.cloudfront.net\/wp-content\/uploads\/telco-conferences-mvnos-world-mvno-world-congress-2026-18x5.webp 18w\" sizes=\"(max-width: 1024px) 100vw, 1024px\" \/><\/figure>\n\n\n\n<p><strong>Hauptthemen:<\/strong><\/p>\n\n\n\n<ul class=\"wp-block-list\">\n<li>MVNO-Einf\u00fchrungshandb\u00fccher<\/li>\n\n\n\n<li>Erm\u00f6glichung von Plattformen und BSS<\/li>\n\n\n\n<li>Auswirkungen der eSIM-Migration<\/li>\n\n\n\n<li>B2B- und IoT-MVNO-Modelle<\/li>\n<\/ul>\n\n\n\n<h2 class=\"wp-block-heading\" id=\"h-mvno-nation-africa\">MVNO Nation Afrika<\/h2>\n\n\n\n<p><strong>Datum:<\/strong>&nbsp;09 Jun - 10 Jun 2026<br><strong>Standort:<\/strong>&nbsp;Kapstadt, S\u00fcdafrika<\/p>\n\n\n\n<p><strong><a href=\"https:\/\/www.mvnonationafrica.com\" target=\"_blank\" rel=\"noreferrer noopener nofollow\">MVNO Nation Afrika<\/a><\/strong>&nbsp;ist ein gezieltes Treffen f\u00fcr afrikanische MVNOs, Host-MNOs und Enabler. Sie befasst sich mit dem Markteintritt, der Regulierung und dem skalierbaren Betrieb in afrikanischen Kontexten.<\/p>\n\n\n\n<figure class=\"wp-block-image size-full\"><img loading=\"lazy\" decoding=\"async\" width=\"1024\" height=\"300\" src=\"http:\/\/tridenstechnology.com\/wp-content\/uploads\/telco-conferences-mvno-nation-2026.webp\" alt=\"mvno nation 2026 Veranstaltungsbanner\" class=\"wp-image-69924\" srcset=\"https:\/\/d2xqcz296oofyv.cloudfront.net\/wp-content\/uploads\/telco-conferences-mvno-nation-2026.webp 1024w, https:\/\/d2xqcz296oofyv.cloudfront.net\/wp-content\/uploads\/telco-conferences-mvno-nation-2026-300x88.webp 300w, https:\/\/d2xqcz296oofyv.cloudfront.net\/wp-content\/uploads\/telco-conferences-mvno-nation-2026-768x225.webp 768w, https:\/\/d2xqcz296oofyv.cloudfront.net\/wp-content\/uploads\/telco-conferences-mvno-nation-2026-18x5.webp 18w\" sizes=\"(max-width: 1024px) 100vw, 1024px\" \/><\/figure>\n\n\n\n<p><strong>Hauptthemen:<\/strong><\/p>\n\n\n\n<ul class=\"wp-block-list\">\n<li>Rechtliche Rahmenbedingungen<\/li>\n\n\n\n<li>Gro\u00dfhandelspartnerschaften<\/li>\n\n\n\n<li>Prepaid- und Vertriebsrealit\u00e4ten<\/li>\n\n\n\n<li>MVNO-Differenzierung<\/li>\n<\/ul>\n\n\n\n<h2 class=\"wp-block-heading\" id=\"h-mwc-kigali\">MWC Kigali<\/h2>\n\n\n\n<p><strong>Datum:<\/strong>&nbsp;16. Juni - 18. Juni 2026<br><strong>Standort:<\/strong>&nbsp;Kigali, Ruanda<\/p>\n\n\n\n<p><strong><a href=\"https:\/\/www.mwckigali.com\" target=\"_blank\" rel=\"noreferrer noopener nofollow\">MWC Kigali<\/a><\/strong>&nbsp;ist die regionale Veranstaltung der GSMA f\u00fcr Afrika, die Betreiber, politische Entscheidungstr\u00e4ger und Technologiepartner zusammenbringt. Der Schwerpunkt liegt auf dem Wachstum der Konnektivit\u00e4t, der digitalen Integration und der Marktentwicklung.<\/p>\n\n\n\n<figure class=\"wp-block-image size-full\"><img loading=\"lazy\" decoding=\"async\" width=\"1024\" height=\"300\" src=\"http:\/\/tridenstechnology.com\/wp-content\/uploads\/telco-conferences-mwc-mobile-world-congress-kigali-2026.webp\" alt=\"mwc mobile world congress kigali 2026 veranstaltung banner\" class=\"wp-image-69940\" srcset=\"https:\/\/d2xqcz296oofyv.cloudfront.net\/wp-content\/uploads\/telco-conferences-mwc-mobile-world-congress-kigali-2026.webp 1024w, https:\/\/d2xqcz296oofyv.cloudfront.net\/wp-content\/uploads\/telco-conferences-mwc-mobile-world-congress-kigali-2026-300x88.webp 300w, https:\/\/d2xqcz296oofyv.cloudfront.net\/wp-content\/uploads\/telco-conferences-mwc-mobile-world-congress-kigali-2026-768x225.webp 768w, https:\/\/d2xqcz296oofyv.cloudfront.net\/wp-content\/uploads\/telco-conferences-mwc-mobile-world-congress-kigali-2026-18x5.webp 18w\" sizes=\"(max-width: 1024px) 100vw, 1024px\" \/><\/figure>\n\n\n\n<p><strong>Hauptthemen:<\/strong><\/p>\n\n\n\n<ul class=\"wp-block-list\">\n<li>Ausdehnung der Reichweite und Wirtschaftlichkeit<\/li>\n\n\n\n<li>Programme zur digitalen Integration<\/li>\n\n\n\n<li>Mobiles Geld und Plattformspiele<\/li>\n\n\n\n<li>Infrastruktur-Partnerschaften<\/li>\n<\/ul>\n\n\n\n<h2 class=\"wp-block-heading\" id=\"h-dtw-ignite\">DTW Ignite<\/h2>\n\n\n\n<p><strong>Datum:<\/strong>&nbsp;23. Juni - 25. Juni 2026<br><strong>Standort:<\/strong>&nbsp;Kopenhagen, D\u00e4nemark<\/p>\n\n\n\n<p><strong><a href=\"https:\/\/www.tmforum.org\/events\/dtw\" target=\"_blank\" rel=\"noreferrer noopener nofollow\">DTW Ignite<\/a><\/strong>&nbsp;ist eine Konferenz zur Transformation der Telekommunikation, die sich auf die Zusammenarbeit der Branche bei Frameworks, APIs und Betriebsmodellen st\u00fctzt. Sie ist relevant f\u00fcr F\u00fchrungskr\u00e4fte, die OSS\/BSS, Automatisierung und Unternehmensumwandlung vorantreiben.<\/p>\n\n\n\n<figure class=\"wp-block-image size-full\"><img loading=\"lazy\" decoding=\"async\" width=\"1024\" height=\"300\" src=\"http:\/\/tridenstechnology.com\/wp-content\/uploads\/telco-conferences-dtw-ignite-2026.webp\" alt=\"dtw ignite 2026 Veranstaltungsbanner\" class=\"wp-image-69914\" srcset=\"https:\/\/d2xqcz296oofyv.cloudfront.net\/wp-content\/uploads\/telco-conferences-dtw-ignite-2026.webp 1024w, https:\/\/d2xqcz296oofyv.cloudfront.net\/wp-content\/uploads\/telco-conferences-dtw-ignite-2026-300x88.webp 300w, https:\/\/d2xqcz296oofyv.cloudfront.net\/wp-content\/uploads\/telco-conferences-dtw-ignite-2026-768x225.webp 768w, https:\/\/d2xqcz296oofyv.cloudfront.net\/wp-content\/uploads\/telco-conferences-dtw-ignite-2026-18x5.webp 18w\" sizes=\"(max-width: 1024px) 100vw, 1024px\" \/><\/figure>\n\n\n\n<p><strong>Hauptthemen:<\/strong><\/p>\n\n\n\n<ul class=\"wp-block-list\">\n<li>Kompatible IT-Architekturen<\/li>\n\n\n\n<li>Offene APIs und Interoperabilit\u00e4t<\/li>\n\n\n\n<li>Autonome Netze - Praktiken<\/li>\n\n\n\n<li>Daten- und KI-Governance<\/li>\n<\/ul>\n\n\n\n<h2 class=\"wp-block-heading\" id=\"h-mwc-shanghai\">MWC Shanghai<\/h2>\n\n\n\n<p><strong>Datum:<\/strong>&nbsp;24 Jun - 26 Jun 2026<br><strong>Standort:<\/strong>&nbsp;Shanghai, China<\/p>\n\n\n\n<p><strong><a href=\"https:\/\/www.mwcshanghai.com\" target=\"_blank\" rel=\"noreferrer noopener nofollow\">MWC Shanghai<\/a><\/strong> ist eine wichtige Veranstaltung zum Thema Konnektivit\u00e4t im asiatisch-pazifischen Raum, auf der chinesische und regionale Akteure stark vertreten sind. Sie ist ein praktischer Ort, um die APAC-Einf\u00fchrungsmuster und die Dynamik des \u00d6kosystems zu verstehen.<\/p>\n\n\n\n<figure class=\"wp-block-image size-full\"><img loading=\"lazy\" decoding=\"async\" width=\"1024\" height=\"300\" src=\"http:\/\/tridenstechnology.com\/wp-content\/uploads\/telco-conferences-mwc-mobile-world-congress-shanghai-2026.webp\" alt=\"mwc mobile world congress shanghai 2026 veranstaltung banner\" class=\"wp-image-69928\" srcset=\"https:\/\/d2xqcz296oofyv.cloudfront.net\/wp-content\/uploads\/telco-conferences-mwc-mobile-world-congress-shanghai-2026.webp 1024w, https:\/\/d2xqcz296oofyv.cloudfront.net\/wp-content\/uploads\/telco-conferences-mwc-mobile-world-congress-shanghai-2026-300x88.webp 300w, https:\/\/d2xqcz296oofyv.cloudfront.net\/wp-content\/uploads\/telco-conferences-mwc-mobile-world-congress-shanghai-2026-768x225.webp 768w, https:\/\/d2xqcz296oofyv.cloudfront.net\/wp-content\/uploads\/telco-conferences-mwc-mobile-world-congress-shanghai-2026-18x5.webp 18w\" sizes=\"(max-width: 1024px) 100vw, 1024px\" \/><\/figure>\n\n\n\n<p><strong>Hauptthemen:<\/strong><\/p>\n\n\n\n<ul class=\"wp-block-list\">\n<li>5G-Fortgeschrittene Priorit\u00e4ten<\/li>\n\n\n\n<li>Einf\u00fchrung von KI in Netzen<\/li>\n\n\n\n<li>IoT und industrielle Konnektivit\u00e4t<\/li>\n\n\n\n<li>Ger\u00e4te und Ausrichtung des \u00d6kosystems<\/li>\n<\/ul>\n\n\n\n<h2 class=\"wp-block-heading\" id=\"h-telco-transformation-latam\">Telco Transformation LATAM<\/h2>\n\n\n\n<p><strong>Datum:<\/strong>&nbsp;19 Aug - 20 Aug 2026<br><strong>Standort:<\/strong>&nbsp;Rio de Janeiro, Brasilien<\/p>\n\n\n\n<p><strong><a href=\"https:\/\/www.conecta-latam.com\/telcotransformation\" target=\"_blank\" rel=\"noreferrer noopener nofollow\">Telco Transformation LATAM<\/a><\/strong>&nbsp;ist eine regionale Konferenz, die sich auf die Umgestaltung der Betreiber in Lateinamerika konzentriert. Sie richtet sich an F\u00fchrungskr\u00e4fte, die f\u00fcr die Modernisierung von Netzen, Betriebsmodellen und Dienstleistungsportfolios verantwortlich sind.<\/p>\n\n\n\n<figure class=\"wp-block-image size-full\"><img loading=\"lazy\" decoding=\"async\" width=\"1024\" height=\"300\" src=\"http:\/\/tridenstechnology.com\/wp-content\/uploads\/telco-conferences-telco-transformation-latam-connecta-latam-2026.webp\" alt=\"telco transformation latam connecta latam 2026 veranstaltung banner\" class=\"wp-image-69932\" srcset=\"https:\/\/d2xqcz296oofyv.cloudfront.net\/wp-content\/uploads\/telco-conferences-telco-transformation-latam-connecta-latam-2026.webp 1024w, https:\/\/d2xqcz296oofyv.cloudfront.net\/wp-content\/uploads\/telco-conferences-telco-transformation-latam-connecta-latam-2026-300x88.webp 300w, https:\/\/d2xqcz296oofyv.cloudfront.net\/wp-content\/uploads\/telco-conferences-telco-transformation-latam-connecta-latam-2026-768x225.webp 768w, https:\/\/d2xqcz296oofyv.cloudfront.net\/wp-content\/uploads\/telco-conferences-telco-transformation-latam-connecta-latam-2026-18x5.webp 18w\" sizes=\"(max-width: 1024px) 100vw, 1024px\" \/><\/figure>\n\n\n\n<p><strong>Hauptthemen:<\/strong><\/p>\n\n\n\n<ul class=\"wp-block-list\">\n<li>5G-Ausf\u00fchrung und -Monetarisierung<\/li>\n\n\n\n<li>Skalierung von Glasfaser und Backbone<\/li>\n\n\n\n<li>Automatisierung und Effizienz<\/li>\n\n\n\n<li>Sicherheits- und Betrugsrisiko<\/li>\n<\/ul>\n\n\n\n<h2 class=\"wp-block-heading\" id=\"h-itw-africa\">ITW Afrika<\/h2>\n\n\n\n<p><strong>Datum:<\/strong>&nbsp;08 Sep - 10 Sep 2026<br><strong>Standort:<\/strong>&nbsp;Nairobi, Kenia<\/p>\n\n\n\n<p><strong><a href=\"https:\/\/www.internationaltelecomsweekafrica.com\" target=\"_blank\" rel=\"noreferrer noopener nofollow\">ITW Afrika<\/a><\/strong>&nbsp;bringt die Gro\u00dfkunden-Connectivity-Gemeinschaft zusammen, wobei der Schwerpunkt auf dem Ausbau der Infrastruktur in Afrika liegt. Sie richtet sich an internationale und regionale Akteure, die Kapazit\u00e4ten und Zusammenschaltungen verwalten.<\/p>\n\n\n\n<figure class=\"wp-block-image size-full\"><img loading=\"lazy\" decoding=\"async\" width=\"1024\" height=\"300\" src=\"http:\/\/tridenstechnology.com\/wp-content\/uploads\/telco-conferences-itw-international-telecoms-week-africa-2026.webp\" alt=\"itw internationale telekommunikationswoche afrika 2026 veranstaltungsbanner\" class=\"wp-image-69922\" srcset=\"https:\/\/d2xqcz296oofyv.cloudfront.net\/wp-content\/uploads\/telco-conferences-itw-international-telecoms-week-africa-2026.webp 1024w, https:\/\/d2xqcz296oofyv.cloudfront.net\/wp-content\/uploads\/telco-conferences-itw-international-telecoms-week-africa-2026-300x88.webp 300w, https:\/\/d2xqcz296oofyv.cloudfront.net\/wp-content\/uploads\/telco-conferences-itw-international-telecoms-week-africa-2026-768x225.webp 768w, https:\/\/d2xqcz296oofyv.cloudfront.net\/wp-content\/uploads\/telco-conferences-itw-international-telecoms-week-africa-2026-18x5.webp 18w\" sizes=\"(max-width: 1024px) 100vw, 1024px\" \/><\/figure>\n\n\n\n<p><strong>Hauptthemen:<\/strong><\/p>\n\n\n\n<ul class=\"wp-block-list\">\n<li>Unterseeische und grenz\u00fcberschreitende Glasfaser<\/li>\n\n\n\n<li>Zusammenschaltung und IX-Wachstum<\/li>\n\n\n\n<li>\u00d6kosystem der Rechenzentren<\/li>\n\n\n\n<li>Cloud und Lokalisierung von Inhalten<\/li>\n<\/ul>\n\n\n\n<h2 class=\"wp-block-heading\" id=\"h-futurenet-asia\">FutureNet Asien<\/h2>\n\n\n\n<p><strong>Datum:<\/strong>&nbsp;23 Sep - 24 Sep 2026<br><strong>Standort:<\/strong>&nbsp;Marina Bay, Singapur<\/p>\n\n\n\n<p><strong><a href=\"https:\/\/futurenetworld.net\/events\/futurenet-asia-2026\/\" target=\"_blank\" rel=\"noreferrer noopener nofollow\">FutureNet Asien<\/a><\/strong>&nbsp;ist die APAC-Ausgabe der FutureNet-Reihe mit Schwerpunkt auf Automatisierung und KI f\u00fcr Telekommunikationsnetze. Sie richtet sich an F\u00fchrungskr\u00e4fte, die mit der Skalierung des Betriebs und der Verbesserung der Leistung durch Software beauftragt sind.<\/p>\n\n\n\n<figure class=\"wp-block-image size-full\"><img loading=\"lazy\" decoding=\"async\" width=\"1024\" height=\"300\" src=\"http:\/\/tridenstechnology.com\/wp-content\/uploads\/telco-conferences-futurenet-asia-2026.webp\" alt=\"futurenet asia 2026 Veranstaltungsbanner\" class=\"wp-image-69916\" srcset=\"https:\/\/d2xqcz296oofyv.cloudfront.net\/wp-content\/uploads\/telco-conferences-futurenet-asia-2026.webp 1024w, https:\/\/d2xqcz296oofyv.cloudfront.net\/wp-content\/uploads\/telco-conferences-futurenet-asia-2026-300x88.webp 300w, https:\/\/d2xqcz296oofyv.cloudfront.net\/wp-content\/uploads\/telco-conferences-futurenet-asia-2026-768x225.webp 768w, https:\/\/d2xqcz296oofyv.cloudfront.net\/wp-content\/uploads\/telco-conferences-futurenet-asia-2026-18x5.webp 18w\" sizes=\"(max-width: 1024px) 100vw, 1024px\" \/><\/figure>\n\n\n\n<p><strong>Hauptthemen:<\/strong><\/p>\n\n\n\n<ul class=\"wp-block-list\">\n<li>AIOps und Sicherheit<\/li>\n\n\n\n<li>Automatisierungstools und Governance<\/li>\n\n\n\n<li>5G-Kernentwicklung<\/li>\n\n\n\n<li>Integration von Edge und Cloud<\/li>\n<\/ul>\n\n\n\n<h2 class=\"wp-block-heading\" id=\"h-futurecom\">Futurecom<\/h2>\n\n\n\n<p><strong>Datum:<\/strong>&nbsp;06. Oktober - 08. Oktober 2026<br><strong>Standort:<\/strong>&nbsp;S\u00e3o Paulo, Brasilien<\/p>\n\n\n\n<p><strong><a href=\"https:\/\/www.futurecom.com.br\/en\/home.html\" target=\"_blank\" rel=\"noreferrer noopener nofollow\">Futurecom<\/a><\/strong> ist eine wichtige lateinamerikanische Veranstaltung, die branchen\u00fcbergreifend die Bereiche Telekommunikation, IT und digitale Transformation abdeckt. Sie wird von Betreibern und Eink\u00e4ufern von Unternehmen genutzt, um den praktischen Einsatz von Technologien und Partnerschaften zu bewerten.<\/p>\n\n\n\n<figure class=\"wp-block-image size-full\"><img loading=\"lazy\" decoding=\"async\" width=\"1024\" height=\"300\" src=\"http:\/\/tridenstechnology.com\/wp-content\/uploads\/telco-conferences-futurecom-2026.webp\" alt=\"futurecom 2026 Veranstaltungsbanner\" class=\"wp-image-69915\" srcset=\"https:\/\/d2xqcz296oofyv.cloudfront.net\/wp-content\/uploads\/telco-conferences-futurecom-2026.webp 1024w, https:\/\/d2xqcz296oofyv.cloudfront.net\/wp-content\/uploads\/telco-conferences-futurecom-2026-300x88.webp 300w, https:\/\/d2xqcz296oofyv.cloudfront.net\/wp-content\/uploads\/telco-conferences-futurecom-2026-768x225.webp 768w, https:\/\/d2xqcz296oofyv.cloudfront.net\/wp-content\/uploads\/telco-conferences-futurecom-2026-18x5.webp 18w\" sizes=\"(max-width: 1024px) 100vw, 1024px\" \/><\/figure>\n\n\n\n<p><strong>Hauptthemen:<\/strong><\/p>\n\n\n\n<ul class=\"wp-block-list\">\n<li>5G und Unternehmenskonnektivit\u00e4t<\/li>\n\n\n\n<li>IoT und vertikale L\u00f6sungen<\/li>\n\n\n\n<li>Cloud und Cybersicherheit<\/li>\n\n\n\n<li>Fallstudien zur digitalen Transformation<\/li>\n<\/ul>\n\n\n\n<h2 class=\"wp-block-heading\" id=\"h-network-x\">Netzwerk X<\/h2>\n\n\n\n<p><strong>Datum:<\/strong>&nbsp;13. Oktober - 15. Oktober 2026<br><strong>Standort:<\/strong>&nbsp;Wien, \u00d6sterreich<\/p>\n\n\n\n<p><strong><a href=\"https:\/\/networkxevent.com\" target=\"_blank\" rel=\"noreferrer noopener nofollow\">Netzwerk X<\/a><\/strong>&nbsp;ist eine europ\u00e4ische Telekommunikationskonferenz, die sich mit den Themen Festnetz- und Mobilnetzstrategie, Modernisierung und Konvergenz befasst. Sie ist f\u00fcr Entscheidungstr\u00e4ger relevant, die Zugangs-, Transport- und Telco-Cloud-Roadmaps gestalten.<\/p>\n\n\n\n<figure class=\"wp-block-image size-full\"><img loading=\"lazy\" decoding=\"async\" width=\"1024\" height=\"300\" src=\"http:\/\/tridenstechnology.com\/wp-content\/uploads\/telco-conferences-network-x-2026.webp\" alt=\"netzwerk x 2026 veranstaltungsbanner\" class=\"wp-image-69929\" srcset=\"https:\/\/d2xqcz296oofyv.cloudfront.net\/wp-content\/uploads\/telco-conferences-network-x-2026.webp 1024w, https:\/\/d2xqcz296oofyv.cloudfront.net\/wp-content\/uploads\/telco-conferences-network-x-2026-300x88.webp 300w, https:\/\/d2xqcz296oofyv.cloudfront.net\/wp-content\/uploads\/telco-conferences-network-x-2026-768x225.webp 768w, https:\/\/d2xqcz296oofyv.cloudfront.net\/wp-content\/uploads\/telco-conferences-network-x-2026-18x5.webp 18w\" sizes=\"(max-width: 1024px) 100vw, 1024px\" \/><\/figure>\n\n\n\n<p><strong>Hauptthemen:<\/strong><\/p>\n\n\n\n<ul class=\"wp-block-list\">\n<li>Strategien f\u00fcr den Glasfaserausbau<\/li>\n\n\n\n<li>5G-Entwicklung und -Roadmaps<\/li>\n\n\n\n<li>Telekommunikationswolke und Edge<\/li>\n\n\n\n<li>KI f\u00fcr den Netzbetrieb<\/li>\n<\/ul>\n\n\n\n<h2 class=\"wp-block-heading\" id=\"h-mvno-nation-live\">MVNO Nation Live <\/h2>\n\n\n\n<p><strong>Datum:<\/strong>&nbsp;03. November - 05. November 2026<br><strong>Standort:<\/strong>&nbsp;Alicante, Spanien<\/p>\n\n\n\n<p><strong><a href=\"https:\/\/www.mvnonationlive.com\" target=\"_blank\" rel=\"noreferrer noopener nofollow\">MVNO Nation Live<\/a><\/strong>&nbsp;ist ein globales MVNO-Treffen, bei dem es um den praktischen Austausch unter Gleichgesinnten und die Ausrichtung des \u00d6kosystems geht. Es bringt MVNO-F\u00fchrungskr\u00e4fte, Host-MNOs und Enabler in allen Gesch\u00e4fts- und Produktfunktionen zusammen.<\/p>\n\n\n\n<figure class=\"wp-block-image size-full\"><img loading=\"lazy\" decoding=\"async\" width=\"1024\" height=\"300\" src=\"http:\/\/tridenstechnology.com\/wp-content\/uploads\/telco-conferences-mvno-nation-2026.webp\" alt=\"mvno nation 2026 Veranstaltungsbanner\" class=\"wp-image-69924\" srcset=\"https:\/\/d2xqcz296oofyv.cloudfront.net\/wp-content\/uploads\/telco-conferences-mvno-nation-2026.webp 1024w, https:\/\/d2xqcz296oofyv.cloudfront.net\/wp-content\/uploads\/telco-conferences-mvno-nation-2026-300x88.webp 300w, https:\/\/d2xqcz296oofyv.cloudfront.net\/wp-content\/uploads\/telco-conferences-mvno-nation-2026-768x225.webp 768w, https:\/\/d2xqcz296oofyv.cloudfront.net\/wp-content\/uploads\/telco-conferences-mvno-nation-2026-18x5.webp 18w\" sizes=\"(max-width: 1024px) 100vw, 1024px\" \/><\/figure>\n\n\n\n<p><strong>Hauptthemen:<\/strong><\/p>\n\n\n\n<ul class=\"wp-block-list\">\n<li>Gro\u00dfhandelsvereinbarungen und Preise<\/li>\n\n\n\n<li>eSIM-Wachstum und Onboarding<\/li>\n\n\n\n<li>Mitarbeiterbindung und Rentabilit\u00e4t<\/li>\n\n\n\n<li>B2B- und IoT-M\u00f6glichkeiten<\/li>\n<\/ul>\n\n\n\n<h2 class=\"wp-block-heading\" id=\"h-futurenet-north-america\">FutureNet Nordamerika<\/h2>\n\n\n\n<p><strong>Datum:<\/strong>&nbsp;04. November - 05. November 2026<br><strong>Standort:<\/strong>&nbsp;New York, USA<\/p>\n\n\n\n<p><strong><a href=\"https:\/\/futurenetworld.net\/events\/futurenet-north-america-2026\/\" target=\"_blank\" rel=\"noreferrer noopener nofollow\">FutureNet Nordamerika<\/a><\/strong>&nbsp;konzentriert sich auf Netzautomatisierung und k\u00fcnstliche Intelligenz im Kontext der US-amerikanischen und kanadischen Betreiber. Es richtet sich an F\u00fchrungskr\u00e4fte aus den Bereichen Technik und Betrieb, die Automatisierungsambitionen in eine wiederholbare Ausf\u00fchrung umsetzen.<\/p>\n\n\n\n<figure class=\"wp-block-image size-full\"><img loading=\"lazy\" decoding=\"async\" width=\"1024\" height=\"300\" src=\"http:\/\/tridenstechnology.com\/wp-content\/uploads\/telco-conferences-futurenet-north-america-2026.webp\" alt=\"futurenet nordamerika 2026 veranstaltungsbanner\" class=\"wp-image-69918\" srcset=\"https:\/\/d2xqcz296oofyv.cloudfront.net\/wp-content\/uploads\/telco-conferences-futurenet-north-america-2026.webp 1024w, https:\/\/d2xqcz296oofyv.cloudfront.net\/wp-content\/uploads\/telco-conferences-futurenet-north-america-2026-300x88.webp 300w, https:\/\/d2xqcz296oofyv.cloudfront.net\/wp-content\/uploads\/telco-conferences-futurenet-north-america-2026-768x225.webp 768w, https:\/\/d2xqcz296oofyv.cloudfront.net\/wp-content\/uploads\/telco-conferences-futurenet-north-america-2026-18x5.webp 18w\" sizes=\"(max-width: 1024px) 100vw, 1024px\" \/><\/figure>\n\n\n\n<p><strong>Hauptthemen:<\/strong><\/p>\n\n\n\n<ul class=\"wp-block-list\">\n<li>AIOps-Implementierungsmuster<\/li>\n\n\n\n<li>Sicherheit im Kreislauf<\/li>\n\n\n\n<li>Cloud-basierte Vernetzung<\/li>\n\n\n\n<li>Operativer Wandel<\/li>\n<\/ul>\n\n\n\n<h2 class=\"wp-block-heading\" id=\"h-conecta-peru\">Conecta Peru<\/h2>\n\n\n\n<p><strong>Datum:<\/strong>&nbsp;10. November - 11. November 2026<br><strong>Standort:<\/strong>&nbsp;Lima, Peru<\/p>\n\n\n\n<p><strong><a href=\"https:\/\/www.conecta-latam.com\/peru\" target=\"_blank\" rel=\"noreferrer noopener nofollow\">Connecta Peru<\/a><\/strong>&nbsp;ist ein Telekommunikationsforum f\u00fcr den peruanischen Markt, das Betreiber, Regulierungsbeh\u00f6rden und Technologiepartner zusammenbringt. Im Mittelpunkt stehen die Priorit\u00e4ten des Ausbaus und die praktischen Zw\u00e4nge der Geografie und Infrastruktur.<\/p>\n\n\n\n<figure class=\"wp-block-image size-full\"><img loading=\"lazy\" decoding=\"async\" width=\"1024\" height=\"300\" src=\"http:\/\/tridenstechnology.com\/wp-content\/uploads\/telco-conferences-connecta-peru-2026.webp\" alt=\"connecta peru 2026 Veranstaltungsbanner\" class=\"wp-image-69937\" srcset=\"https:\/\/d2xqcz296oofyv.cloudfront.net\/wp-content\/uploads\/telco-conferences-connecta-peru-2026.webp 1024w, https:\/\/d2xqcz296oofyv.cloudfront.net\/wp-content\/uploads\/telco-conferences-connecta-peru-2026-300x88.webp 300w, https:\/\/d2xqcz296oofyv.cloudfront.net\/wp-content\/uploads\/telco-conferences-connecta-peru-2026-768x225.webp 768w, https:\/\/d2xqcz296oofyv.cloudfront.net\/wp-content\/uploads\/telco-conferences-connecta-peru-2026-18x5.webp 18w\" sizes=\"(max-width: 1024px) 100vw, 1024px\" \/><\/figure>\n\n\n\n<p><strong>Hauptthemen:<\/strong><\/p>\n\n\n\n<ul class=\"wp-block-list\">\n<li>Glasfaserausbau und Backbone-Pl\u00e4ne<\/li>\n\n\n\n<li>5G-Zeitplan und Voraussetzungen<\/li>\n\n\n\n<li>Modelle zur Abdeckung des l\u00e4ndlichen Raums<\/li>\n\n\n\n<li>Priorit\u00e4ten der Netzsicherheit<\/li>\n<\/ul>\n\n\n\n<h2 class=\"wp-block-heading\" id=\"h-africa-tech-festival\">Afrika-Tech-Festival<\/h2>\n\n\n\n<p><strong>Datum:<\/strong>&nbsp;16. November - 19. November 2026<br><strong>Standort:<\/strong>&nbsp;Kapstadt, S\u00fcdafrika<\/p>\n\n\n\n<p><strong><a href=\"https:\/\/africatechfestival.com\" target=\"_blank\" rel=\"noreferrer noopener nofollow\">Afrika-Tech-Festival<\/a><\/strong> ist eine gro\u00dfe regionale Veranstaltung, bei der sich die Telekommunikation mit der breiteren Unternehmenstechnologie und -politik \u00fcberschneidet. Es ist eine Plattform f\u00fcr Betreiber und Akteure des digitalen \u00d6kosystems, um sich auf Marktwachstum und Partnerschaften auszurichten.<\/p>\n\n\n\n<figure class=\"wp-block-image size-full\"><img loading=\"lazy\" decoding=\"async\" width=\"1024\" height=\"300\" src=\"http:\/\/tridenstechnology.com\/wp-content\/uploads\/telco-conferences-africa-tech-festival-2026.webp\" alt=\"africa tech festival 2026 veranstaltungsbanner\" class=\"wp-image-69909\" srcset=\"https:\/\/d2xqcz296oofyv.cloudfront.net\/wp-content\/uploads\/telco-conferences-africa-tech-festival-2026.webp 1024w, https:\/\/d2xqcz296oofyv.cloudfront.net\/wp-content\/uploads\/telco-conferences-africa-tech-festival-2026-300x88.webp 300w, https:\/\/d2xqcz296oofyv.cloudfront.net\/wp-content\/uploads\/telco-conferences-africa-tech-festival-2026-768x225.webp 768w, https:\/\/d2xqcz296oofyv.cloudfront.net\/wp-content\/uploads\/telco-conferences-africa-tech-festival-2026-18x5.webp 18w\" sizes=\"(max-width: 1024px) 100vw, 1024px\" \/><\/figure>\n\n\n\n<p><strong>Hauptthemen:<\/strong><\/p>\n\n\n\n<ul class=\"wp-block-list\">\n<li>Priorit\u00e4ten f\u00fcr Investitionen in die Konnektivit\u00e4t<\/li>\n\n\n\n<li>Diskussionen \u00fcber Politik und Frequenzen<\/li>\n\n\n\n<li>Fintech- und Plattform-\u00d6kosysteme<\/li>\n\n\n\n<li>Cybersicherheit und Widerstandsf\u00e4higkeit<\/li>\n<\/ul>\n\n\n\n<h2 class=\"wp-block-heading\" id=\"h-telecoms-world-asia-nbsp\">Telecoms World Asien&nbsp;<\/h2>\n\n\n\n<p><strong>Datum:<\/strong>&nbsp;27. November 2026<br><strong>Standort:<\/strong>&nbsp;Bangkok, Thailand<\/p>\n\n\n\n<p><strong><a href=\"https:\/\/www.terrapinn.com\/conference\/telecoms-world-asia\/index.stm\" target=\"_blank\" rel=\"noreferrer noopener nofollow\">Telecom World Asien<\/a><\/strong>&nbsp;ist eine regionale Telekommunikationskonferenz f\u00fcr f\u00fchrende APAC-Betreiber und \u00d6kosystempartner. Sie ist darauf ausgelegt, Netz- und Digitalstrategien in Umsetzungspriorit\u00e4ten f\u00fcr verschiedene asiatische M\u00e4rkte zu \u00fcbersetzen und wird vor Ort sein, um Perspektiven zu Betreiberbetriebsmodellen, Modernisierungsabl\u00e4ufen und den Realit\u00e4ten der Monetarisierung in APAC auszutauschen.<\/p>\n\n\n\n<figure class=\"wp-block-image size-full\"><img loading=\"lazy\" decoding=\"async\" width=\"1024\" height=\"300\" src=\"http:\/\/tridenstechnology.com\/wp-content\/uploads\/telco-conferences-twa-telecoms-world-asia-2026.webp\" alt=\"twa telecoms world asia 2026 veranstaltungsbanner\" class=\"wp-image-69933\" srcset=\"https:\/\/d2xqcz296oofyv.cloudfront.net\/wp-content\/uploads\/telco-conferences-twa-telecoms-world-asia-2026.webp 1024w, https:\/\/d2xqcz296oofyv.cloudfront.net\/wp-content\/uploads\/telco-conferences-twa-telecoms-world-asia-2026-300x88.webp 300w, https:\/\/d2xqcz296oofyv.cloudfront.net\/wp-content\/uploads\/telco-conferences-twa-telecoms-world-asia-2026-768x225.webp 768w, https:\/\/d2xqcz296oofyv.cloudfront.net\/wp-content\/uploads\/telco-conferences-twa-telecoms-world-asia-2026-18x5.webp 18w\" sizes=\"(max-width: 1024px) 100vw, 1024px\" \/><\/figure>\n\n\n\n<p><strong>Hauptthemen:<\/strong><\/p>\n\n\n\n<ul class=\"wp-block-list\">\n<li>Priorit\u00e4ten der Netzmodernisierung<\/li>\n\n\n\n<li>Digitale Dienste und Monetarisierung<\/li>\n\n\n\n<li>Partnerschaften und \u00d6kosystemstrategie<\/li>\n\n\n\n<li>Kundenerfahrung und Daten<\/li>\n<\/ul>\n\n\n\n<h2 class=\"wp-block-heading\" id=\"h-itw-asia\">ITW Asien<\/h2>\n\n\n\n<p><strong>Datum:<\/strong>&nbsp;02. Dezember - 03. Dezember 2026<br><strong>Standort:<\/strong>&nbsp;Singapur<\/p>\n\n\n\n<p><strong><a href=\"https:\/\/internationaltelecomsweekasia.com\" target=\"_blank\" rel=\"noreferrer noopener nofollow\">ITW Asien<\/a><\/strong>&nbsp;ist ein in den APAC-M\u00e4rkten verankertes Forum f\u00fcr Wholesale-Konnektivit\u00e4t und digitale Infrastruktur. Es richtet sich an F\u00fchrungskr\u00e4fte, die f\u00fcr internationale Kapazit\u00e4ten, Verbindungsstrategien und Infrastrukturpartnerschaften verantwortlich sind.<\/p>\n\n\n\n<figure class=\"wp-block-image size-full\"><img loading=\"lazy\" decoding=\"async\" width=\"1024\" height=\"300\" src=\"http:\/\/tridenstechnology.com\/wp-content\/uploads\/telco-conferences-itw-international-telecoms-week-asia-2026.webp\" alt=\"itw internationale telecoms woche asien 2026 veranstaltungsbanner\" class=\"wp-image-69923\" srcset=\"https:\/\/d2xqcz296oofyv.cloudfront.net\/wp-content\/uploads\/telco-conferences-itw-international-telecoms-week-asia-2026.webp 1024w, https:\/\/d2xqcz296oofyv.cloudfront.net\/wp-content\/uploads\/telco-conferences-itw-international-telecoms-week-asia-2026-300x88.webp 300w, https:\/\/d2xqcz296oofyv.cloudfront.net\/wp-content\/uploads\/telco-conferences-itw-international-telecoms-week-asia-2026-768x225.webp 768w, https:\/\/d2xqcz296oofyv.cloudfront.net\/wp-content\/uploads\/telco-conferences-itw-international-telecoms-week-asia-2026-18x5.webp 18w\" sizes=\"(max-width: 1024px) 100vw, 1024px\" \/><\/figure>\n\n\n\n<p><strong>Hauptthemen:<\/strong><\/p>\n\n\n\n<ul class=\"wp-block-list\">\n<li>Gro\u00dfhandelskapazit\u00e4t und Routing<\/li>\n\n\n\n<li>Zusammenschaltung und Peering<\/li>\n\n\n\n<li>Rechenzentren und Cloud-Anbindung<\/li>\n\n\n\n<li>Planung von Ausfallsicherheit und Redundanz<\/li>\n<\/ul>\n\n\n\n<p class=\"has-text-color has-link-color wp-elements-a1c3337365dafbd5345dd52deff07b33\" style=\"color:#171c46;font-size:36px\"><strong>Fazit<\/strong><\/p>\n\n\n\n<p>Die Teilnahme an diesen 25 Telekommunikationsveranstaltungen ist f\u00fcr F\u00fchrungskr\u00e4fte der Telekommunikationsbranche von entscheidender Bedeutung, wenn sie einen fr\u00fchzeitigen Einblick in Marktver\u00e4nderungen, regulatorische Vorgaben und Ausf\u00fchrungsmuster erhalten m\u00f6chten.<\/p>\n\n\n\n<p>Diese Foren sind nach wie vor der effektivste Rahmen f\u00fcr den Aufbau von Partnerschaften zwischen Betreibern und \u00d6kosystemen, bei denen komplexe Entscheidungen von einem direkten, technischen Dialog profitieren.<\/p>\n\n\n\n<p>Wir freuen uns darauf, wieder mit Branchenkollegen zusammenzukommen und Perspektiven f\u00fcr die n\u00e4chste Phase des Sektors auszutauschen.<\/p>","protected":false},"excerpt":{"rendered":"<p>Entdecken Sie die besten Telekommunikationskonferenzen, an denen Sie teilnehmen k\u00f6nnen, und informieren Sie sich \u00fcber Telekommunikationstrends, Innovationen und Networking-M\u00f6glichkeiten.<\/p>","protected":false},"author":9,"featured_media":69935,"comment_status":"open","ping_status":"open","sticky":false,"template":"","format":"standard","meta":{"footnotes":""},"categories":[16],"tags":[],"class_list":["post-45934","post","type-post","status-publish","format-standard","has-post-thumbnail","hentry","category-news","category-16","description-off"],"yoast_head":"<!-- This site is optimized with the Yoast SEO Premium plugin v27.4 (Yoast SEO v27.4) - https:\/\/yoast.com\/product\/yoast-seo-premium-wordpress\/ -->\n<title>Top Telco Events, Exhibitions, and Conferences in 2026 - Tridens<\/title>\n<meta name=\"description\" content=\"Discover top telco conferences in 2026 to attend and get updates on telecommunications trends, innovations, and networking opportunities.\" \/>\n<meta name=\"robots\" content=\"index, follow, max-snippet:-1, max-image-preview:large, max-video-preview:-1\" \/>\n<link rel=\"canonical\" href=\"https:\/\/tridenstechnology.com\/de\/telekommunikationskonferenzen\/\" \/>\n<meta property=\"og:locale\" content=\"de_DE\" \/>\n<meta property=\"og:type\" content=\"article\" \/>\n<meta property=\"og:title\" content=\"Top Telco Events, Exhibitions, and Conferences in 2026\" \/>\n<meta property=\"og:description\" content=\"Discover top telco conferences in 2026 to attend and get updates on telecommunications trends, innovations, and networking opportunities.\" \/>\n<meta property=\"og:url\" content=\"https:\/\/tridenstechnology.com\/de\/telekommunikationskonferenzen\/\" \/>\n<meta property=\"og:site_name\" content=\"Tridens\" \/>\n<meta property=\"article:publisher\" content=\"https:\/\/www.facebook.com\/tridenstechnology\" \/>\n<meta property=\"article:published_time\" content=\"2026-01-12T13:27:06+00:00\" \/>\n<meta property=\"article:modified_time\" content=\"2026-03-24T14:12:52+00:00\" \/>\n<meta property=\"og:image\" content=\"https:\/\/tridenstechnology.com\/wp-content\/uploads\/telco-conferences-2.webp\" \/>\n\t<meta property=\"og:image:width\" content=\"1024\" \/>\n\t<meta property=\"og:image:height\" content=\"498\" \/>\n\t<meta property=\"og:image:type\" content=\"image\/webp\" \/>\n<meta name=\"author\" content=\"\u017diga Lesjak\" \/>\n<meta name=\"twitter:card\" content=\"summary_large_image\" \/>\n<meta name=\"twitter:creator\" content=\"@TridensTech\" \/>\n<meta name=\"twitter:site\" content=\"@TridensTech\" \/>\n<meta name=\"twitter:label1\" content=\"Verfasst von\" \/>\n\t<meta name=\"twitter:data1\" content=\"\u017diga Lesjak\" \/>\n\t<meta name=\"twitter:label2\" content=\"Gesch\u00e4tzte Lesezeit\" \/>\n\t<meta name=\"twitter:data2\" content=\"15\u00a0Minuten\" \/>\n<!-- \/ Yoast SEO Premium plugin. -->","yoast_head_json":{"title":"Die wichtigsten Telco-Veranstaltungen, Ausstellungen und Konferenzen im Jahr 2026 - Tridens","description":"Entdecken Sie die besten Telekommunikationskonferenzen im Jahr 2026, an denen Sie teilnehmen k\u00f6nnen, und informieren Sie sich \u00fcber Telekommunikationstrends, Innovationen und Networking-M\u00f6glichkeiten.","robots":{"index":"index","follow":"follow","max-snippet":"max-snippet:-1","max-image-preview":"max-image-preview:large","max-video-preview":"max-video-preview:-1"},"canonical":"https:\/\/tridenstechnology.com\/de\/telekommunikationskonferenzen\/","og_locale":"de_DE","og_type":"article","og_title":"Top Telco Events, Exhibitions, and Conferences in 2026","og_description":"Discover top telco conferences in 2026 to attend and get updates on telecommunications trends, innovations, and networking opportunities.","og_url":"https:\/\/tridenstechnology.com\/de\/telekommunikationskonferenzen\/","og_site_name":"Tridens","article_publisher":"https:\/\/www.facebook.com\/tridenstechnology","article_published_time":"2026-01-12T13:27:06+00:00","article_modified_time":"2026-03-24T14:12:52+00:00","og_image":[{"width":1024,"height":498,"url":"https:\/\/tridenstechnology.com\/wp-content\/uploads\/telco-conferences-2.webp","type":"image\/webp"}],"author":"\u017diga Lesjak","twitter_card":"summary_large_image","twitter_creator":"@TridensTech","twitter_site":"@TridensTech","twitter_misc":{"Verfasst von":"\u017diga Lesjak","Gesch\u00e4tzte Lesezeit":"15\u00a0Minuten"},"schema":{"@context":"https:\/\/schema.org","@graph":[{"@type":"Article","@id":"https:\/\/tridenstechnology.com\/telco-conferences\/#article","isPartOf":{"@id":"https:\/\/tridenstechnology.com\/telco-conferences\/"},"author":{"name":"\u017diga Lesjak","@id":"https:\/\/tridenstechnology.com\/#\/schema\/person\/c114502d398eba1e5b7ab72a9f201884"},"headline":"Top Telco Events, Exhibitions, and Conferences in 2026","datePublished":"2026-01-12T13:27:06+00:00","dateModified":"2026-03-24T14:12:52+00:00","mainEntityOfPage":{"@id":"https:\/\/tridenstechnology.com\/telco-conferences\/"},"wordCount":1968,"commentCount":1,"publisher":{"@id":"https:\/\/tridenstechnology.com\/#organization"},"image":{"@id":"https:\/\/tridenstechnology.com\/telco-conferences\/#primaryimage"},"thumbnailUrl":"https:\/\/d2xqcz296oofyv.cloudfront.net\/wp-content\/uploads\/telco-conferences-2.webp","articleSection":["News"],"inLanguage":"de","potentialAction":[{"@type":"CommentAction","name":"Comment","target":["https:\/\/tridenstechnology.com\/telco-conferences\/#respond"]}],"accessibilityFeature":["tableOfContents"]},{"@type":"WebPage","@id":"https:\/\/tridenstechnology.com\/telco-conferences\/","url":"https:\/\/tridenstechnology.com\/telco-conferences\/","name":"Die wichtigsten Telco-Veranstaltungen, Ausstellungen und Konferenzen im Jahr 2026 - Tridens","isPartOf":{"@id":"https:\/\/tridenstechnology.com\/#website"},"primaryImageOfPage":{"@id":"https:\/\/tridenstechnology.com\/telco-conferences\/#primaryimage"},"image":{"@id":"https:\/\/tridenstechnology.com\/telco-conferences\/#primaryimage"},"thumbnailUrl":"https:\/\/d2xqcz296oofyv.cloudfront.net\/wp-content\/uploads\/telco-conferences-2.webp","datePublished":"2026-01-12T13:27:06+00:00","dateModified":"2026-03-24T14:12:52+00:00","description":"Entdecken Sie die besten Telekommunikationskonferenzen im Jahr 2026, an denen Sie teilnehmen k\u00f6nnen, und informieren Sie sich \u00fcber Telekommunikationstrends, Innovationen und Networking-M\u00f6glichkeiten.","breadcrumb":{"@id":"https:\/\/tridenstechnology.com\/telco-conferences\/#breadcrumb"},"inLanguage":"de","potentialAction":[{"@type":"ReadAction","target":["https:\/\/tridenstechnology.com\/telco-conferences\/"]}]},{"@type":"ImageObject","inLanguage":"de","@id":"https:\/\/tridenstechnology.com\/telco-conferences\/#primaryimage","url":"https:\/\/d2xqcz296oofyv.cloudfront.net\/wp-content\/uploads\/telco-conferences-2.webp","contentUrl":"https:\/\/d2xqcz296oofyv.cloudfront.net\/wp-content\/uploads\/telco-conferences-2.webp","width":1024,"height":498,"caption":"telco conferences 2026 happening around the globe"},{"@type":"BreadcrumbList","@id":"https:\/\/tridenstechnology.com\/telco-conferences\/#breadcrumb","itemListElement":[{"@type":"ListItem","position":1,"name":"Home","item":"https:\/\/tridenstechnology.com\/"},{"@type":"ListItem","position":2,"name":"Top Telco Events, Exhibitions, and Conferences in 2026"}]},{"@type":"WebSite","@id":"https:\/\/tridenstechnology.com\/#website","url":"https:\/\/tridenstechnology.com\/","name":"Tridens","description":"Monetarisierung, Abrechnung &amp; EV-Laden","publisher":{"@id":"https:\/\/tridenstechnology.com\/#organization"},"potentialAction":[{"@type":"SearchAction","target":{"@type":"EntryPoint","urlTemplate":"https:\/\/tridenstechnology.com\/?s={search_term_string}"},"query-input":{"@type":"PropertyValueSpecification","valueRequired":true,"valueName":"search_term_string"}}],"inLanguage":"de"},{"@type":"Organization","@id":"https:\/\/tridenstechnology.com\/#organization","name":"Tridens","url":"https:\/\/tridenstechnology.com\/","logo":{"@type":"ImageObject","inLanguage":"de","@id":"https:\/\/tridenstechnology.com\/#\/schema\/logo\/image\/","url":"https:\/\/d2xqcz296oofyv.cloudfront.net\/wp-content\/uploads\/2019\/02\/tridens_logo_invert.png","contentUrl":"https:\/\/d2xqcz296oofyv.cloudfront.net\/wp-content\/uploads\/2019\/02\/tridens_logo_invert.png","width":600,"height":191,"caption":"Tridens"},"image":{"@id":"https:\/\/tridenstechnology.com\/#\/schema\/logo\/image\/"},"sameAs":["https:\/\/www.facebook.com\/tridenstechnology","https:\/\/x.com\/TridensTech","https:\/\/www.instagram.com\/tridenstechnology\/","https:\/\/www.linkedin.com\/company\/tridens","https:\/\/www.youtube.com\/user\/TridensIT"]},{"@type":"Person","@id":"https:\/\/tridenstechnology.com\/#\/schema\/person\/c114502d398eba1e5b7ab72a9f201884","name":"\u017diga Lesjak","image":{"@type":"ImageObject","inLanguage":"de","@id":"https:\/\/secure.gravatar.com\/avatar\/a46da957691f5add544cf2e0c5ea7556bf85fc853539e71e3a2b5200d5951fad?s=96&d=mm&r=g","url":"https:\/\/secure.gravatar.com\/avatar\/a46da957691f5add544cf2e0c5ea7556bf85fc853539e71e3a2b5200d5951fad?s=96&d=mm&r=g","contentUrl":"https:\/\/secure.gravatar.com\/avatar\/a46da957691f5add544cf2e0c5ea7556bf85fc853539e71e3a2b5200d5951fad?s=96&d=mm&r=g","caption":"\u017diga Lesjak"},"description":"\u017diga Lesjak ist der digitale Vermarkter bei Tridens und verf\u00fcgt \u00fcber mehr als 7 Jahre Marketingerfahrung. Er hat einen Master-Abschluss und eine Leidenschaft f\u00fcr Technik, Innovation und Adrenalinjagden.","sameAs":["https:\/\/www.linkedin.com\/in\/zlesjak\/"],"url":"https:\/\/tridenstechnology.com\/de\/author\/ziga-lesjaktridenstechnology-com\/"}]}},"_links":{"self":[{"href":"https:\/\/tridenstechnology.com\/de\/wp-json\/wp\/v2\/posts\/45934","targetHints":{"allow":["GET"]}}],"collection":[{"href":"https:\/\/tridenstechnology.com\/de\/wp-json\/wp\/v2\/posts"}],"about":[{"href":"https:\/\/tridenstechnology.com\/de\/wp-json\/wp\/v2\/types\/post"}],"author":[{"embeddable":true,"href":"https:\/\/tridenstechnology.com\/de\/wp-json\/wp\/v2\/users\/9"}],"replies":[{"embeddable":true,"href":"https:\/\/tridenstechnology.com\/de\/wp-json\/wp\/v2\/comments?post=45934"}],"version-history":[{"count":3,"href":"https:\/\/tridenstechnology.com\/de\/wp-json\/wp\/v2\/posts\/45934\/revisions"}],"predecessor-version":[{"id":69942,"href":"https:\/\/tridenstechnology.com\/de\/wp-json\/wp\/v2\/posts\/45934\/revisions\/69942"}],"wp:featuredmedia":[{"embeddable":true,"href":"https:\/\/tridenstechnology.com\/de\/wp-json\/wp\/v2\/media\/69935"}],"wp:attachment":[{"href":"https:\/\/tridenstechnology.com\/de\/wp-json\/wp\/v2\/media?parent=45934"}],"wp:term":[{"taxonomy":"category","embeddable":true,"href":"https:\/\/tridenstechnology.com\/de\/wp-json\/wp\/v2\/categories?post=45934"},{"taxonomy":"post_tag","embeddable":true,"href":"https:\/\/tridenstechnology.com\/de\/wp-json\/wp\/v2\/tags?post=45934"}],"curies":[{"name":"wp","href":"https:\/\/api.w.org\/{rel}","templated":true}]}}